{"id":383655,"date":"2025-09-11T20:48:12","date_gmt":"2025-09-11T20:48:12","guid":{"rendered":"https:\/\/www.europesays.com\/fr\/383655\/"},"modified":"2025-09-11T20:48:12","modified_gmt":"2025-09-11T20:48:12","slug":"apres-une-altercation-dans-la-rue-un-homme-en-attaque-un-autre-a-larme-blanche-et-prend-la-fuite","status":"publish","type":"post","link":"https:\/\/www.europesays.com\/fr\/383655\/","title":{"rendered":"Apr\u00e8s une altercation dans la rue, un homme en attaque un autre \u00e0 l\u2019arme blanche et prend la fuite"},"content":{"rendered":"<p class=\"mb-4 text-lg md:leading-8 break-words\"><strong>agression &#8211; Un homme a \u00e9t\u00e9 bless\u00e9 jeudi soir lors d\u2019une attaque \u00e0 l\u2019arme blanche place de Breteuil, \u00e0 Paris (VIIe). L\u2019agresseur est toujours en fuite<\/strong><\/p>\n<p class=\"mb-4 text-lg md:leading-8 break-words\">\u00c0 la suite d&rsquo;une altercation survenue sur la voie publique, un homme de 51 ans a \u00e9t\u00e9 bless\u00e9 au cr\u00e2ne et au bras en fin de journ\u00e9e ce jeudi \u00e0 Paris. L\u2019attaque \u00e0 l\u2019arme blanche est survenue avenue de Breteuil, dans le 7e arrondissement de <a href=\"https:\/\/www.20minutes.fr\/paris\/?at_medium=RSS%20feed&amp;at_campaign=ynews&amp;utm_source=yahoo&amp;utm_medium=rss&amp;utm_campaign=news_feed&amp;utm_content=in_article_link\" rel=\"nofollow noopener\" target=\"_blank\" data-ylk=\"slk:l;elm:context_link;itc:0;sec:content-canvas\" class=\"link \">l<\/a>a capitale a appris 20 Minutes de source polici\u00e8re, confirmant une information du <a href=\"https:\/\/www.leparisien.fr\/paris-75\/paris-une-attaque-a-larme-blanche-fait-un-blesse-dans-le-viie-arrondissement-lauteur-en-fuite-11-09-2025-SSZLKJSWFZG5VBUZLDFRBOHEN4.php?at_medium=RSS%20feed&amp;at_campaign=ynews&amp;utm_source=yahoo&amp;utm_medium=rss&amp;utm_campaign=news_feed&amp;utm_content=in_article_link\" rel=\"nofollow noopener\" target=\"_blank\" data-ylk=\"slk:Parisien;elm:context_link;itc:0;sec:content-canvas\" class=\"link \">Parisien<\/a>.<\/p>\n<p class=\"mb-4 text-lg md:leading-8 break-words\">La victime, un riverain, a \u00e9t\u00e9 transport\u00e9e \u00e0 l\u2019h\u00f4pital sans que son pronostic vital ne soit engag\u00e9. Le parquet de Paris a saisi le 3\u00e8me district de police judiciaire d\u2019une enqu\u00eate pour tentative d\u2019assassinat.<\/p>\n<p>Le suspect en fuite<\/p>\n<p class=\"mb-4 text-lg md:leading-8 break-words\">Un t\u00e9moin indique avoir vu un homme revenir sur les lieux, \u00e0 l\u2019angle de l\u2019avenue de Saxe, avec un \u00ab hachoir \u00bb, qu&rsquo;il a utilis\u00e9 pour frapper la t\u00eate de la victime avant de lui porter d\u2019autre coups et de prendre la fuite.<\/p>\n<p class=\"mb-4 text-lg md:leading-8 break-words\">L\u2019agresseur n\u2019a pas \u00e9t\u00e9 appr\u00e9hend\u00e9. Il a pris la fuite en direction des Invalides et est actuellement activement recherch\u00e9. Un p\u00e9rim\u00e8tre de s\u00e9curit\u00e9 a \u00e9t\u00e9 mis en place et une \u00e9cole primaire a \u00e9t\u00e9 \u00e9vacu\u00e9e sans incident. Pour l\u2019heure, les motivations de l\u2019agression demeurent inconnues.<\/p>\n<p class=\"mb-4 text-lg md:leading-8 break-words\">..\/.. Plus d\u2019informations \u00e0 venir<\/p>\n<p class=\"mb-4 text-lg md:leading-8 break-words\"><a href=\"https:\/\/www.20minutes.fr\/faits_divers\/4172633-20250911-paris-homme-attaque-passant-arme-blanche-prend-fuite?at_medium=RSS%20feed&amp;at_campaign=ynews&amp;utm_source=yahoo&amp;utm_medium=rss&amp;utm_campaign=news_feed&amp;utm_content=read_more_link&quot;\" rel=\"nofollow noopener\" target=\"_blank\" data-ylk=\"slk:Lire la suite sur 20minutes;elm:context_link;itc:0;sec:content-canvas\" class=\"link \">Lire la suite sur 20minutes<\/a><\/p>\n<p>\u00c0 lire aussi :<br \/><a href=\"https:\/\/www.20minutes.fr\/faits_divers\/4172554-20250911-derriere-affaire-tetes-cochons-devant-mosquees-difficile-enquete-ingerence-etrangere?at_medium=RSS%20feed&amp;at_campaign=ynews&amp;utm_source=yahoo&amp;utm_medium=rss&amp;utm_campaign=news_feed&amp;utm_content=related_content_link\" rel=\"nofollow noopener\" target=\"_blank\" data-ylk=\"slk:Derri\u00e8re l\u2019affaire des t\u00eates de cochons devant des mosqu\u00e9es, la difficile enqu\u00eate sur une ing\u00e9rence \u00e9trang\u00e8re;elm:context_link;itc:0;sec:content-canvas\" class=\"link \">Derri\u00e8re l\u2019affaire des t\u00eates de cochons devant des mosqu\u00e9es, la difficile enqu\u00eate sur une ing\u00e9rence \u00e9trang\u00e8re<\/a><br \/><a href=\"https:\/\/www.20minutes.fr\/politique\/4172403-20250911-bloquons-tout-alors-retailleau-parle-echec-melenchon-felicite-succes-mobilisation?at_medium=RSS%20feed&amp;at_campaign=ynews&amp;utm_source=yahoo&amp;utm_medium=rss&amp;utm_campaign=news_feed&amp;utm_content=related_content_link\" rel=\"nofollow noopener\" target=\"_blank\" data-ylk=\"slk:\u00ab Bloquons tout \u00bb : Alors que Retailleau parle d\u2019un \u00ab \u00e9chec \u00bb, M\u00e9lenchon f\u00e9licite \u00ab le succ\u00e8s \u00bb de la mobilisation;elm:context_link;itc:0;sec:content-canvas\" class=\"link \">\u00ab Bloquons tout \u00bb : Alors que Retailleau parle d\u2019un \u00ab \u00e9chec \u00bb, M\u00e9lenchon f\u00e9licite \u00ab le succ\u00e8s \u00bb de la mobilisation<\/a><\/p>\n","protected":false},"excerpt":{"rendered":"agression &#8211; Un homme a \u00e9t\u00e9 bless\u00e9 jeudi soir lors d\u2019une attaque \u00e0 l\u2019arme blanche place de Breteuil,&hellip;\n","protected":false},"author":2,"featured_media":383656,"comment_status":"","ping_status":"","sticky":false,"template":"","format":"standard","meta":{"footnotes":""},"categories":[1888],"tags":[1111,1928,11,1927,51642,1777,674,1011,27,7066,36145,12,1926,626,1925,15002,51643,25],"class_list":{"0":"post-383655","1":"post","2":"type-post","3":"status-publish","4":"format-standard","5":"has-post-thumbnail","7":"category-paris","8":"tag-actu","9":"tag-actu-paris","10":"tag-actualites","11":"tag-actualites-paris","12":"tag-avenue-de-breteuil","13":"tag-eu","14":"tag-europe","15":"tag-fr","16":"tag-france","17":"tag-fuite","18":"tag-larme-blanche","19":"tag-news","20":"tag-news-paris","21":"tag-paris","22":"tag-paris-news","23":"tag-perimetre-de-securite","24":"tag-place-de-breteuil","25":"tag-republique-francaise"},"share_on_mastodon":{"url":"https:\/\/pubeurope.com\/@fr\/115187633639494842","error":""},"_links":{"self":[{"href":"https:\/\/www.europesays.com\/fr\/wp-json\/wp\/v2\/posts\/383655","targetHints":{"allow":["GET"]}}],"collection":[{"href":"https:\/\/www.europesays.com\/fr\/wp-json\/wp\/v2\/posts"}],"about":[{"href":"https:\/\/www.europesays.com\/fr\/wp-json\/wp\/v2\/types\/post"}],"author":[{"embeddable":true,"href":"https:\/\/www.europesays.com\/fr\/wp-json\/wp\/v2\/users\/2"}],"replies":[{"embeddable":true,"href":"https:\/\/www.europesays.com\/fr\/wp-json\/wp\/v2\/comments?post=383655"}],"version-history":[{"count":0,"href":"https:\/\/www.europesays.com\/fr\/wp-json\/wp\/v2\/posts\/383655\/revisions"}],"wp:featuredmedia":[{"embeddable":true,"href":"https:\/\/www.europesays.com\/fr\/wp-json\/wp\/v2\/media\/383656"}],"wp:attachment":[{"href":"https:\/\/www.europesays.com\/fr\/wp-json\/wp\/v2\/media?parent=383655"}],"wp:term":[{"taxonomy":"category","embeddable":true,"href":"https:\/\/www.europesays.com\/fr\/wp-json\/wp\/v2\/categories?post=383655"},{"taxonomy":"post_tag","embeddable":true,"href":"https:\/\/www.europesays.com\/fr\/wp-json\/wp\/v2\/tags?post=383655"}],"curies":[{"name":"wp","href":"https:\/\/api.w.org\/{rel}","templated":true}]}}