{"id":383657,"date":"2025-09-11T20:49:11","date_gmt":"2025-09-11T20:49:11","guid":{"rendered":"https:\/\/www.europesays.com\/fr\/383657\/"},"modified":"2025-09-11T20:49:11","modified_gmt":"2025-09-11T20:49:11","slug":"un-homme-blesse-lors-dune-attaque-au-hachoir-a-paris-le-suspect-toujours-en-fuite","status":"publish","type":"post","link":"https:\/\/www.europesays.com\/fr\/383657\/","title":{"rendered":"Un homme bless\u00e9 lors d\u2019une attaque au hachoir \u00e0 Paris, le suspect toujours en fuite"},"content":{"rendered":"<p>Un homme a \u00e9t\u00e9 <a href=\"https:\/\/www.ouest-france.fr\/societe\/faits-divers\/\" target=\"_blank\" rel=\"nofollow noopener\">bless\u00e9 par arme blanche<\/a> \u00e0 Paris ce jeudi 11\u00a0septembre 2025 aux alentours de 19\u00a0h\u00a020, ont appris nos confr\u00e8res du <a href=\"https:\/\/www.leparisien.fr\/paris-75\/paris-une-attaque-a-larme-blanche-fait-un-blesse-dans-le-viie-arrondissement-lauteur-en-fuite-11-09-2025-SSZLKJSWFZG5VBUZLDFRBOHEN4.php\" rel=\"nofollow noopener\" target=\"_blank\">journal <\/a>  <a href=\"https:\/\/www.leparisien.fr\/paris-75\/paris-une-attaque-a-larme-blanche-fait-un-blesse-dans-le-viie-arrondissement-lauteur-en-fuite-11-09-2025-SSZLKJSWFZG5VBUZLDFRBOHEN4.php\" rel=\"nofollow noopener\" target=\"_blank\">Le Parisien<\/a> \u00a0aupr\u00e8s d\u2019une source polici\u00e8re. Une information confirm\u00e9e par  <a href=\"https:\/\/www.bfmtv.com\/police-justice\/paris-une-personne-blessee-par-arme-blanche-le-suspect-activement-recherche_AN-202509110875.html\" rel=\"nofollow noopener\" target=\"_blank\">BFMTV<\/a> \u00a0aupr\u00e8s de la pr\u00e9fecture de Paris. D\u2019apr\u00e8s les premiers \u00e9l\u00e9ments de l\u2019enqu\u00eate, l\u2019arme utilis\u00e9e serait un hachoir, a indiqu\u00e9 une source polici\u00e8re \u00e0 l\u2019Agence France-Presse (AFP).\u00a0La victime, \u00e2g\u00e9e d\u2019une cinquantaine d\u2019ann\u00e9es, a \u00e9t\u00e9 prise en charge par les secours en urgence relative.<\/p>\n<p>Un t\u00e9moin a indiqu\u00e9 avoir vu un homme muni d\u2019un hachoir frapper la t\u00eate de la victime avant de lui porter d\u2019autres coups et de prendre la fuite, a ajout\u00e9 le parquet. Il est toujours activement recherch\u00e9. Un p\u00e9rim\u00e8tre de s\u00e9curit\u00e9 a \u00e9t\u00e9 mis en place. Selon Le Parisien, un homme aurait<strong> \u00ab\u00a0jou\u00e9 au chat et \u00e0 la souris avec les policiers\u00a0\u00bb<\/strong> aux abords de la place de Breteuil, dans le VIIe\u00a0arrondissement de Paris, avant de blesser un passant. <strong>\u00ab\u00a0Tout est mis en \u0153uvre pour retrouver l\u2019auteur le plus rapidement possible\u00a0\u00bb<\/strong>, \u00e9crit la Pr\u00e9fecture de police sur X ce jeudi soir.\u00a0Une \u00e9cole primaire a \u00e9t\u00e9 \u00e9vacu\u00e9e par mesures de s\u00e9curit\u00e9.<\/p>\n<p>\n                Nous avons bloqu\u00e9 l\u2019affichage de ce contenu pour respecter vos choix en mati\u00e8re de cookies.<br \/>En cliquant sur \u00abConsulter\u00bb, vous acceptez le d\u00e9p\u00f4t de cookies par des services de r\u00e9seaux sociaux tels que Twitter.<br \/>\n                Consulter\n            <\/p>\n<blockquote class=\"twitter-tweet\" wp_automatic_readability=\"6.7820895522388\">\n<p lang=\"fr\" dir=\"ltr\">?? Intervention en cours place de Breteuil \u00e0 <a href=\"https:\/\/twitter.com\/hashtag\/Paris7?src=hash&amp;ref_src=twsrc%5Etfw\" rel=\"nofollow noopener\" target=\"_blank\">#Paris7<\/a>, pour une agression \u00e0 l\u2019arme blanche d\u2019une personne prise en charge par les secours sans pronostic vital engag\u00e9. Tout est mis en \u0153uvre pour retrouver l\u2019auteur le plus rapidement possible. <a href=\"https:\/\/t.co\/2VubsMXPKm\" rel=\"nofollow\">pic.twitter.com\/2VubsMXPKm<\/a><\/p>\n<p>\u2014 Pr\u00e9fecture de Police (@prefpolice) <a href=\"https:\/\/twitter.com\/prefpolice\/status\/1966208284786139420?ref_src=twsrc%5Etfw\" rel=\"nofollow noopener\" target=\"_blank\">September 11, 2025<\/a><\/p><\/blockquote>\n<p>Le suspect serait retranch\u00e9 dans un immeuble<\/p>\n<p><strong>\u00ab\u00a0Toutes les forces de police sont d\u00e9ploy\u00e9es dans le secteur. On a quelques bribes d\u2019\u00e9l\u00e9ments gr\u00e2ce \u00e0 une cam\u00e9ra qui voit dans quelles circonstances il y a eu un contact entre l\u2019assaillant et la victime\u00a0\u00bb<\/strong>, indique la maire Les R\u00e9publicains (LR) du VIIe\u00a0arrondissement Rachida Dati. L\u2019\u00e9lue s\u2019est rendue sur place pour <strong>\u00ab\u00a0rassurer les habitants du secteur\u00a0\u00bb<\/strong> dans ce quartier familial.<\/p>\n<p>Selon des t\u00e9moins sur place, l\u2019auteur serait retranch\u00e9 dans un immeuble situ\u00e9 entre les rues Ebl\u00e9 et du G\u00e9n\u00e9ral Bertrand, cern\u00e9 par de nombreuses forces de police. Le motif de l\u2019agression n\u2019est pour le moment pas connu.<\/p>\n<p>\n                Nous avons bloqu\u00e9 l\u2019affichage de ce contenu pour respecter vos choix en mati\u00e8re de cookies.<br \/>En cliquant sur \u00abConsulter\u00bb, vous acceptez le d\u00e9p\u00f4t de cookies par des services de r\u00e9seaux sociaux tels que Twitter.<br \/>\n                Consulter\n            <\/p>\n<blockquote class=\"twitter-tweet\" wp_automatic_readability=\"6.6379310344828\">\n<p lang=\"fr\" dir=\"ltr\">Sur place apr\u00e8s l\u2019attaque \u00e0 la machette dans le 7e. Soutien \u00e0 la victime dont le pronostic n\u2019est pas engag\u00e9 et aux forces de l\u2019ordre mobilis\u00e9es. Assez de l\u2019ins\u00e9curit\u00e9 et de la violence quotidienne : nous devons r\u00e9tablir l\u2019autorit\u00e9 partout \u00e0 Paris et nous en donner les moyens.<\/p>\n<p>\u2014 Rachida Dati ? (@datirachida) <a href=\"https:\/\/twitter.com\/datirachida\/status\/1966218917107703875?ref_src=twsrc%5Etfw\" rel=\"nofollow noopener\" target=\"_blank\">September 11, 2025<\/a><\/p><\/blockquote>\n<p>\u00a0<\/p>\n<p>\t\t<script async src=\"https:\/\/platform.twitter.com\/widgets.js\" charset=\"utf-8\"><\/script><\/p>\n","protected":false},"excerpt":{"rendered":"Un homme a \u00e9t\u00e9 bless\u00e9 par arme blanche \u00e0 Paris ce jeudi 11\u00a0septembre 2025 aux alentours de 19\u00a0h\u00a020,&hellip;\n","protected":false},"author":2,"featured_media":383658,"comment_status":"","ping_status":"","sticky":false,"template":"","format":"standard","meta":{"footnotes":""},"categories":[1888],"tags":[11,834,3916,1777,674,1011,27,7066,33964,4933,1307,7826,12,626,25,16022,1810],"class_list":{"0":"post-383657","1":"post","2":"type-post","3":"status-publish","4":"format-standard","5":"has-post-thumbnail","7":"category-paris","8":"tag-actualites","9":"tag-attaque","10":"tag-blesse","11":"tag-eu","12":"tag-europe","13":"tag-fr","14":"tag-france","15":"tag-fuite","16":"tag-hachoir","17":"tag-homme","18":"tag-lille","19":"tag-lors","20":"tag-news","21":"tag-paris","22":"tag-republique-francaise","23":"tag-suspect","24":"tag-toujours"},"share_on_mastodon":{"url":"https:\/\/pubeurope.com\/@fr\/115187637665743797","error":""},"_links":{"self":[{"href":"https:\/\/www.europesays.com\/fr\/wp-json\/wp\/v2\/posts\/383657","targetHints":{"allow":["GET"]}}],"collection":[{"href":"https:\/\/www.europesays.com\/fr\/wp-json\/wp\/v2\/posts"}],"about":[{"href":"https:\/\/www.europesays.com\/fr\/wp-json\/wp\/v2\/types\/post"}],"author":[{"embeddable":true,"href":"https:\/\/www.europesays.com\/fr\/wp-json\/wp\/v2\/users\/2"}],"replies":[{"embeddable":true,"href":"https:\/\/www.europesays.com\/fr\/wp-json\/wp\/v2\/comments?post=383657"}],"version-history":[{"count":0,"href":"https:\/\/www.europesays.com\/fr\/wp-json\/wp\/v2\/posts\/383657\/revisions"}],"wp:featuredmedia":[{"embeddable":true,"href":"https:\/\/www.europesays.com\/fr\/wp-json\/wp\/v2\/media\/383658"}],"wp:attachment":[{"href":"https:\/\/www.europesays.com\/fr\/wp-json\/wp\/v2\/media?parent=383657"}],"wp:term":[{"taxonomy":"category","embeddable":true,"href":"https:\/\/www.europesays.com\/fr\/wp-json\/wp\/v2\/categories?post=383657"},{"taxonomy":"post_tag","embeddable":true,"href":"https:\/\/www.europesays.com\/fr\/wp-json\/wp\/v2\/tags?post=383657"}],"curies":[{"name":"wp","href":"https:\/\/api.w.org\/{rel}","templated":true}]}}