{"id":383661,"date":"2025-09-11T20:51:16","date_gmt":"2025-09-11T20:51:16","guid":{"rendered":"https:\/\/www.europesays.com\/fr\/383661\/"},"modified":"2025-09-11T20:51:16","modified_gmt":"2025-09-11T20:51:16","slug":"incursion-de-drones-russes-macron-annonce-mobiliser-3-rafale-pour-la-protection-de-lespace-aerien-polonais","status":"publish","type":"post","link":"https:\/\/www.europesays.com\/fr\/383661\/","title":{"rendered":"Incursion de drones russes : Macron annonce mobiliser 3 Rafale pour \u00ab\u00a0la protection de l&rsquo;espace a\u00e9rien polonais\u00a0\u00bb"},"content":{"rendered":"<ul class=\"jsx-862013697 ArticleChapo__List\">\n<li class=\"jsx-862013697 ArticleChapo__List_Item flex\">Apr\u00e8s l&rsquo;incursion de drones russes dans l&rsquo;espace a\u00e9rien polonais, Emmanuel Macron a annonc\u00e9 ce jeudi la mobilisation de trois avions de chasse Rafale.<\/li>\n<li class=\"jsx-862013697 ArticleChapo__List_Item flex\">Et ce, \u00ab\u00a0pour contribuer \u00e0 la protection de l&rsquo;espace a\u00e9rien polonais et du flanc Est de l&rsquo;Europe\u00a0\u00bb.<\/li>\n<li class=\"jsx-862013697 ArticleChapo__List_Item flex\">Le chef de l&rsquo;\u00c9tat affirme s&rsquo;\u00eatre engag\u00e9 mercredi aupr\u00e8s du Premier ministre polonais Donald Tusk.<\/li>\n<\/ul>\n<p data-module=\"article-paragraph\" class=\"jsx-3046738180 Paragraph\">La France a d\u00e9cid\u00e9 de mobiliser trois avions de chasse Rafale \u00ab\u00a0pour contribuer \u00e0 la protection de l\u2019espace a\u00e9rien polonais\u00a0\u00bb ainsi que de l&rsquo;Europe de l&rsquo;Est avec <a href=\"https:\/\/www.tf1info.fr\/international\/incursion-de-drones-russes-en-pologne-c-est-quoi-l-article-4-que-varsovie-demande-a-l-otan-d-activer-2393758.html\" target=\"_blank\" rel=\"noopener\">l&rsquo;Otan<\/a>, apr\u00e8s les \u00ab\u00a0incursions de drones russes en Pologne\u00a0\u00bb, a annonc\u00e9 ce jeudi 11 septembre Emmanuel Macron sur X.<\/p>\n<p data-module=\"article-paragraph\" class=\"jsx-3046738180 Paragraph Paragraph__End\">\u00ab\u00a0Je m&rsquo;y \u00e9tais engag\u00e9 hier aupr\u00e8s du Premier ministre polonais\u00a0\u00bb Donald Tusk, a ajout\u00e9 le chef de l&rsquo;\u00c9tat, pr\u00e9cisant s&rsquo;\u00eatre aussi entretenu avec le secr\u00e9taire g\u00e9n\u00e9ral de l&rsquo;Otan Mark Rutte et le Premier ministre britannique Keir Starmer.<\/p>\n<blockquote data-testid=\"EmbedTwitter\" id=\"tweet-1966196585777262670-:R9acmj9n79m:\" class=\"jsx-aeff1a1c40f54d7a twitter-tweet flex justify-center items-center\"><p>Suite aux incursions de drones russes en Pologne, j\u2019ai d\u00e9cid\u00e9 de mobiliser trois chasseurs Rafale pour contribuer \u00e0 la protection de l\u2019espace a\u00e9rien polonais et du Flanc Est de l\u2019Europe avec nos alli\u00e9s de l\u2019OTAN.  Je m\u2019y \u00e9tais engag\u00e9 hier aupr\u00e8s du Premier ministre polonais.\u2026 \u2014 Emmanuel Macron (@EmmanuelMacron)  September 11, 2025<\/p><\/blockquote>\n<p>Des renforts pour la \u00ab\u00a0police du ciel\u00a0\u00bb de l&rsquo;Otan<\/p>\n<p data-module=\"article-paragraph\" class=\"jsx-3046738180 Paragraph\">\u00ab\u00a0La s\u00e9curit\u00e9 du continent europ\u00e9en est notre priorit\u00e9 absolue. Nous ne c\u00e9derons pas face aux intimidations croissantes de la Russie\u00a0\u00bb, a-t-il poursuivi. Apr\u00e8s le <a href=\"https:\/\/www.tf1info.fr\/international\/que-sait-on-de-l-incursion-inedite-de-drones-russes-en-pologne-2393752.html\" target=\"_blank\" rel=\"noopener\">survol de la Pologne par la nu\u00e9e de drones<\/a>, jug\u00e9 d\u00e9lib\u00e9r\u00e9 par Varsovie mais r\u00e9cus\u00e9 par Moscou, Emmanuel Macron avait qualifi\u00e9 mercredi ces incursions d'\u00a0\u00bbintol\u00e9rables\u00a0\u00bb et fustig\u00e9 \u00ab\u00a0une nouvelle d\u00e9monstration de l&rsquo;attitude escalatoire de la Russie\u00a0\u00bb.\u00a0<\/p>\n<p data-module=\"article-paragraph\" class=\"jsx-3046738180 Paragraph Paragraph__End\">Cette intrusion de drones venus du ciel ukrainien et de la Bi\u00e9lorussie a suscit\u00e9 une vive \u00e9motion en Pologne, qui r\u00e9clame un renforcement sur son sol des capacit\u00e9s militaires de l&rsquo;Union europ\u00e9enne et de l&rsquo;Otan. En qu\u00eate de soutiens diplomatiques, Varsovie a annonc\u00e9 jeudi avoir saisi le Conseil de s\u00e9curit\u00e9 de l&rsquo;ONU, qui se r\u00e9unira en urgence vendredi.<\/p>\n<p><a href=\"https:\/\/www.tf1info.fr\/international\/intrusion-incursion-drones-russes-la-pologne-n-a-jamais-ete-aussi-proche-d-une-guerre-depuis-1945-alerte-son-premier-ministre-2394007.html\" rel=\"noopener\" class=\"jsx-3308031228 Link flex\" target=\"_blank\"><img decoding=\"async\" src=\"https:\/\/www.europesays.com\/fr\/wp-content\/uploads\/2025\/09\/tusk-poland-2-7767d9-0@1x.jpeg\" alt=\"Wojtek RADWANSKI \/ AFP\" loading=\"lazy\" importance=\"low\" fetchpriority=\"low\" class=\"\" aria-hidden=\"true\"\/><\/p>\n<p class=\"jsx-3657663356 ReadMoreArticle__Title\">Lire aussi<\/p>\n<p class=\"jsx-3657663356\">Drones russes : la Pologne \u00ab\u00a0n&rsquo;a jamais \u00e9t\u00e9 aussi proche d&rsquo;une guerre depuis 1945\u00a0\u00bb, alerte son Premier ministre<\/p>\n<p><\/a><\/p>\n<p data-module=\"article-paragraph\" class=\"jsx-3046738180 Paragraph Paragraph__End\">Plusieurs autres alli\u00e9s de la Pologne ont promis ou propos\u00e9 d&rsquo;envoyer des renforts pour \u00ab\u00a0la police du ciel\u00a0\u00bb de l&rsquo;Otan. L&rsquo;Allemagne a ainsi annonc\u00e9 prolonger sa mission de protection de l&rsquo;espace a\u00e9rien polonais de trois mois (de fin septembre \u00e0 fin d\u00e9cembre) et doubler le nombre de ses avions de combat Eurofighter. Les Pays-Bas ont d\u00e9cid\u00e9 d&rsquo;acc\u00e9l\u00e9rer la livraison de deux batteries de missiles Patriot et de d\u00e9ployer des syst\u00e8mes de d\u00e9fense antia\u00e9rienne et anti-drones, avec 300 militaires. La R\u00e9publique tch\u00e8que va de son c\u00f4t\u00e9 d\u00e9ployer trois h\u00e9licopt\u00e8res Mi-17. Selon Varsovie, les Britanniques vont engager des Eurofighter. La Su\u00e8de va, elle aussi, muscler son effort.<\/p>\n<p>N.K avec AFP<\/p>\n","protected":false},"excerpt":{"rendered":"Apr\u00e8s l&rsquo;incursion de drones russes dans l&rsquo;espace a\u00e9rien polonais, Emmanuel Macron a annonc\u00e9 ce jeudi la mobilisation de&hellip;\n","protected":false},"author":2,"featured_media":383662,"comment_status":"","ping_status":"","sticky":false,"template":"","format":"standard","meta":{"footnotes":""},"categories":[1591],"tags":[1111,11,672,1921,51538,1073,1887,1922,1916,12,136,2437,1885,1886,132,220,364,133,1920],"class_list":{"0":"post-383661","1":"post","2":"type-post","3":"status-publish","4":"format-standard","5":"has-post-thumbnail","7":"category-russie","8":"tag-actu","9":"tag-actualites","10":"tag-allemagne","11":"tag-article-video","12":"tag-des-drones-russes-violent-lespace-aerien-polonais","13":"tag-emmanuel-macron","14":"tag-federation-de-russie","15":"tag-info","16":"tag-moscou","17":"tag-news","18":"tag-otan","19":"tag-pologne","20":"tag-russia","21":"tag-russian-federation","22":"tag-russie","23":"tag-ukraine","24":"tag-union-europeenne","25":"tag-video","26":"tag-video-international"},"share_on_mastodon":{"url":"https:\/\/pubeurope.com\/@fr\/115187646002333573","error":""},"_links":{"self":[{"href":"https:\/\/www.europesays.com\/fr\/wp-json\/wp\/v2\/posts\/383661","targetHints":{"allow":["GET"]}}],"collection":[{"href":"https:\/\/www.europesays.com\/fr\/wp-json\/wp\/v2\/posts"}],"about":[{"href":"https:\/\/www.europesays.com\/fr\/wp-json\/wp\/v2\/types\/post"}],"author":[{"embeddable":true,"href":"https:\/\/www.europesays.com\/fr\/wp-json\/wp\/v2\/users\/2"}],"replies":[{"embeddable":true,"href":"https:\/\/www.europesays.com\/fr\/wp-json\/wp\/v2\/comments?post=383661"}],"version-history":[{"count":0,"href":"https:\/\/www.europesays.com\/fr\/wp-json\/wp\/v2\/posts\/383661\/revisions"}],"wp:featuredmedia":[{"embeddable":true,"href":"https:\/\/www.europesays.com\/fr\/wp-json\/wp\/v2\/media\/383662"}],"wp:attachment":[{"href":"https:\/\/www.europesays.com\/fr\/wp-json\/wp\/v2\/media?parent=383661"}],"wp:term":[{"taxonomy":"category","embeddable":true,"href":"https:\/\/www.europesays.com\/fr\/wp-json\/wp\/v2\/categories?post=383661"},{"taxonomy":"post_tag","embeddable":true,"href":"https:\/\/www.europesays.com\/fr\/wp-json\/wp\/v2\/tags?post=383661"}],"curies":[{"name":"wp","href":"https:\/\/api.w.org\/{rel}","templated":true}]}}