{"id":383663,"date":"2025-09-11T20:52:14","date_gmt":"2025-09-11T20:52:14","guid":{"rendered":"https:\/\/www.europesays.com\/fr\/383663\/"},"modified":"2025-09-11T20:52:14","modified_gmt":"2025-09-11T20:52:14","slug":"lukraine-recoit-1-milliard-deuros-supplementaires-au-titre-de-la-contribution-de-lue-aux-prets-du-g7","status":"publish","type":"post","link":"https:\/\/www.europesays.com\/fr\/383663\/","title":{"rendered":"L\u2019Ukraine re\u00e7oit 1 milliard d\u2019euros suppl\u00e9mentaires au titre de la contribution de l\u2019UE aux pr\u00eats du G7"},"content":{"rendered":"<p>La Commission europ\u00e9enne a proc\u00e9d\u00e9 au versement de la huiti\u00e8me tranche de son assistance macrofinanci\u00e8re (AMF) exceptionnelle en faveur de l\u2019Ukraine, d\u2019un montant de 1 milliard d\u2019euros. Ce nouveau d\u00e9caissement confirme une fois encore le r\u00f4le de l\u2019UE en tant que principal donateur de l\u2019Ukraine depuis le d\u00e9but de la guerre d\u2019agression men\u00e9e par la Russie, <a href=\"https:\/\/ec.europa.eu\/commission\/presscorner\/detail\/en\/fs_22_3862\" target=\"_blank\" rel=\"noopener\">l\u2019aide totale s\u2019\u00e9levant d\u00e9sormais \u00e0 plus de 170 milliards d\u2019euros<\/a>.<\/p>\n<p>Au total, l\u2019AMF atteint 18,1 milliards d\u2019euros et constitue la contribution de l\u2019UE \u00e0 l\u2019initiative de pr\u00eats \u00e0 l\u2019Ukraine par l\u2019acc\u00e9l\u00e9ration de l\u2019utilisation des recettes extraordinaires (ERA), conduite par le G7 et visant \u00e0 fournir collectivement environ 45 milliards d\u2019euros de soutien financier \u00e0 l\u2019Ukraine. Avec ce dernier versement, le soutien total de la Commission \u00e0 l\u2019Ukraine au titre de cette AMF s\u2019\u00e9l\u00e8ve \u00e0 <a href=\"https:\/\/ec.europa.eu\/commission\/presscorner\/detail\/fr\/ip_25_1978\" target=\"_blank\" rel=\"noopener\">10 milliards d\u2019euros depuis le d\u00e9but de l\u2019ann\u00e9e 2025<\/a>.<\/p>\n<p>Comme l\u2019a annonc\u00e9 la pr\u00e9sidente Ursula <strong>von der Leyen<\/strong> hier dans son <a href=\"https:\/\/ec.europa.eu\/commission\/presscorner\/detail\/fr\/speech_25_2053\" target=\"_blank\" rel=\"noopener\">discours sur l\u2019\u00e9tat de l\u2019Union<\/a>, la Commission avancera 6 milliards d\u2019euros de la contribution de l\u2019UE \u00e0 l\u2019initiative ERA. Cette avance permettra \u00e0 l\u2019UE de soutenir l\u2019augmentation n\u00e9cessaire des d\u00e9penses militaires d\u00e8s cet automne, afin d\u2019aider l\u2019Ukraine \u00e0 r\u00e9pondre \u00e0 ses besoins militaires urgents.<\/p>\n<p>Les pr\u00eats ERA des partenaires du G7, ainsi que le pr\u00eat de l\u2019UE au titre de l\u2019AMF, sont rembours\u00e9s au moyen des recettes tir\u00e9es des avoirs de l\u2019\u00c9tat russe immobilis\u00e9s dans l\u2019UE. Le 25 ao\u00fbt, le m\u00e9canisme de coordination des pr\u00eats \u00e0 l&rsquo;Ukraine a vers\u00e9 une premi\u00e8re tranche de 1,5 milliard d&rsquo;euros provenant de recettes extraordinaires, afin d&rsquo;aider l&rsquo;Ukraine \u00e0 rembourser les pr\u00eats de l&rsquo;ERA.\u00a0<\/p>\n","protected":false},"excerpt":{"rendered":"La Commission europ\u00e9enne a proc\u00e9d\u00e9 au versement de la huiti\u00e8me tranche de son assistance macrofinanci\u00e8re (AMF) exceptionnelle en&hellip;\n","protected":false},"author":2,"featured_media":383664,"comment_status":"","ping_status":"","sticky":false,"template":"","format":"standard","meta":{"footnotes":""},"categories":[1590],"tags":[11,51644,1777,674,131,12,220],"class_list":{"0":"post-383663","1":"post","2":"type-post","3":"status-publish","4":"format-standard","5":"has-post-thumbnail","7":"category-ukraine","8":"tag-actualites","9":"tag-aide-internationale","10":"tag-eu","11":"tag-europe","12":"tag-guerre-en-ukraine","13":"tag-news","14":"tag-ukraine"},"share_on_mastodon":{"url":"https:\/\/pubeurope.com\/@fr\/115187649335360811","error":""},"_links":{"self":[{"href":"https:\/\/www.europesays.com\/fr\/wp-json\/wp\/v2\/posts\/383663","targetHints":{"allow":["GET"]}}],"collection":[{"href":"https:\/\/www.europesays.com\/fr\/wp-json\/wp\/v2\/posts"}],"about":[{"href":"https:\/\/www.europesays.com\/fr\/wp-json\/wp\/v2\/types\/post"}],"author":[{"embeddable":true,"href":"https:\/\/www.europesays.com\/fr\/wp-json\/wp\/v2\/users\/2"}],"replies":[{"embeddable":true,"href":"https:\/\/www.europesays.com\/fr\/wp-json\/wp\/v2\/comments?post=383663"}],"version-history":[{"count":0,"href":"https:\/\/www.europesays.com\/fr\/wp-json\/wp\/v2\/posts\/383663\/revisions"}],"wp:featuredmedia":[{"embeddable":true,"href":"https:\/\/www.europesays.com\/fr\/wp-json\/wp\/v2\/media\/383664"}],"wp:attachment":[{"href":"https:\/\/www.europesays.com\/fr\/wp-json\/wp\/v2\/media?parent=383663"}],"wp:term":[{"taxonomy":"category","embeddable":true,"href":"https:\/\/www.europesays.com\/fr\/wp-json\/wp\/v2\/categories?post=383663"},{"taxonomy":"post_tag","embeddable":true,"href":"https:\/\/www.europesays.com\/fr\/wp-json\/wp\/v2\/tags?post=383663"}],"curies":[{"name":"wp","href":"https:\/\/api.w.org\/{rel}","templated":true}]}}