{"id":383665,"date":"2025-09-11T20:53:12","date_gmt":"2025-09-11T20:53:12","guid":{"rendered":"https:\/\/www.europesays.com\/fr\/383665\/"},"modified":"2025-09-11T20:53:12","modified_gmt":"2025-09-11T20:53:12","slug":"panique-au-siege-du-parti-democrate-apres-une-fausse-alerte-a-la-bombe","status":"publish","type":"post","link":"https:\/\/www.europesays.com\/fr\/383665\/","title":{"rendered":"Panique au si\u00e8ge du Parti d\u00e9mocrate apr\u00e8s une fausse alerte \u00e0 la bombe"},"content":{"rendered":"<p>\u00c0 peine vingt-quatre heures apr\u00e8s <a href=\"https:\/\/www.20minutes.fr\/monde\/etats-unis\/4172388-20250910-etats-unis-donald-trump-annonce-mort-charlie-kirk-tue-balles-lors-meeting\" target=\"_blank\" class=\"c-link c-link--is-underlined\" rel=\"noopener\">l\u2019assassinat de Charlie Kirk<\/a> dans l\u2019Utah, et alors que les comm\u00e9morations \u00e0 m\u00e9moire des victimes du 11\u00a0septembre 2001 se multiplient \u00e0 travers le pays, la tension est palpable aux \u00c9tats-Unis. En d\u00e9but d\u2019apr\u00e8s-midi, le si\u00e8ge du Parti d\u00e9mocrate am\u00e9ricain (DNC) \u00e0 <a href=\"https:\/\/www.20minutes.fr\/dossier\/washington\" class=\"c-link c-link--is-underlined\" target=\"_blank\" rel=\"noopener\">Washington<\/a> a \u00e9t\u00e9 \u00e9vacu\u00e9 apr\u00e8s une alerte \u00e0 la bombe par la police du Capitole.<\/p>\n<p>\u00ab\u00a0Cet apr\u00e8s-midi, une menace visant le si\u00e8ge du DNC a \u00e9t\u00e9 d\u00e9termin\u00e9e comme non cr\u00e9dible\u00a0\u00bb, a d\u00e9clar\u00e9 une porte-parole du parti, Hannah Muldavin, en remerciant la police et les \u00e9quipes de s\u00e9curit\u00e9 pour leur intervention rapide. Elle a \u00e9galement pr\u00e9cis\u00e9 que par pr\u00e9caution, une fouille compl\u00e8te du b\u00e2timent \u00e9tait en cours.<\/p>\n<\/p>\n<p>Plusieurs alertes similaires<\/p>\n<p>Les forces de l\u2019ordre avaient \u00e9t\u00e9 alert\u00e9es \u00e0 13h07 (heure locale) et ont rapidement s\u00e9curis\u00e9 les lieux. Sur les r\u00e9seaux sociaux, plusieurs militants r\u00e9publicains hurlent au <a href=\"https:\/\/www.20minutes.fr\/dossier\/scandale\" class=\"c-link c-link--is-underlined\" target=\"_blank\" rel=\"noopener\">scandale<\/a> et disent que les d\u00e9mocrates voulaient simplement d\u00e9tourner l\u2019attention du public suite \u00e0 la mort de Charlie Kirk.<\/p>\n<p><a href=\"https:\/\/www.20minutes.fr\/monde\/etats-unis\/\" class=\"c-link c-btn c-btn--primary\" target=\"_blank\" rel=\"noopener\">Plus d&rsquo;articles sur les \u00c9tats-Unis<\/a><\/p>\n<p>Dans le m\u00eame temps, plusieurs universit\u00e9s historiquement noires ont re\u00e7u des menaces similaires. Parmi elles, Hampton University qui a annul\u00e9 ses cours, Virginia State University et Alabama State University qui ont \u00e9t\u00e9 plac\u00e9es en \u00ab\u00a0lockdown\u00a0\u00bb (ou confinement), selon les autorit\u00e9s locales.<\/p>\n","protected":false},"excerpt":{"rendered":"\u00c0 peine vingt-quatre heures apr\u00e8s l\u2019assassinat de Charlie Kirk dans l\u2019Utah, et alors que les comm\u00e9morations \u00e0 m\u00e9moire&hellip;\n","protected":false},"author":2,"featured_media":383666,"comment_status":"","ping_status":"","sticky":false,"template":"","format":"standard","meta":{"footnotes":""},"categories":[1589],"tags":[47,11,37571,73,1866,74,12,23893,316,1864,1865,1863,308,2744],"class_list":{"0":"post-383665","1":"post","2":"type-post","3":"status-publish","4":"format-standard","5":"has-post-thumbnail","7":"category-etats-unis","8":"tag-actualite","9":"tag-actualites","10":"tag-alerte-a-la-bombe","11":"tag-etats-unis","12":"tag-etats-unis-damerique","13":"tag-monde","14":"tag-news","15":"tag-parti-democrate-usa","16":"tag-politique","17":"tag-united-states","18":"tag-united-states-of-america","19":"tag-us","20":"tag-usa","21":"tag-washington"},"share_on_mastodon":{"url":"https:\/\/pubeurope.com\/@fr\/115187653394491314","error":""},"_links":{"self":[{"href":"https:\/\/www.europesays.com\/fr\/wp-json\/wp\/v2\/posts\/383665","targetHints":{"allow":["GET"]}}],"collection":[{"href":"https:\/\/www.europesays.com\/fr\/wp-json\/wp\/v2\/posts"}],"about":[{"href":"https:\/\/www.europesays.com\/fr\/wp-json\/wp\/v2\/types\/post"}],"author":[{"embeddable":true,"href":"https:\/\/www.europesays.com\/fr\/wp-json\/wp\/v2\/users\/2"}],"replies":[{"embeddable":true,"href":"https:\/\/www.europesays.com\/fr\/wp-json\/wp\/v2\/comments?post=383665"}],"version-history":[{"count":0,"href":"https:\/\/www.europesays.com\/fr\/wp-json\/wp\/v2\/posts\/383665\/revisions"}],"wp:featuredmedia":[{"embeddable":true,"href":"https:\/\/www.europesays.com\/fr\/wp-json\/wp\/v2\/media\/383666"}],"wp:attachment":[{"href":"https:\/\/www.europesays.com\/fr\/wp-json\/wp\/v2\/media?parent=383665"}],"wp:term":[{"taxonomy":"category","embeddable":true,"href":"https:\/\/www.europesays.com\/fr\/wp-json\/wp\/v2\/categories?post=383665"},{"taxonomy":"post_tag","embeddable":true,"href":"https:\/\/www.europesays.com\/fr\/wp-json\/wp\/v2\/tags?post=383665"}],"curies":[{"name":"wp","href":"https:\/\/api.w.org\/{rel}","templated":true}]}}