{"id":383667,"date":"2025-09-11T20:54:12","date_gmt":"2025-09-11T20:54:12","guid":{"rendered":"https:\/\/www.europesays.com\/fr\/383667\/"},"modified":"2025-09-11T20:54:12","modified_gmt":"2025-09-11T20:54:12","slug":"amis-famille-le-prince-harry-comble-par-sa-venue-en-angleterre-il-a-adore","status":"publish","type":"post","link":"https:\/\/www.europesays.com\/fr\/383667\/","title":{"rendered":"Amis, famille\u2026 Le prince Harry combl\u00e9 par sa venue en Angleterre : \u201cIl a ador\u00e9\u2026\u201d"},"content":{"rendered":"<p>                             Par Nicolas Bonzom<\/p>\n<p>                Le 11 septembre 2025 \u00e0 21h41<\/p>\n<p>                                    <img decoding=\"async\" src=\"https:\/\/www.europesays.com\/fr\/wp-content\/uploads\/2025\/09\/03a5dcd2a8f05ce157f4cf3a5f8b75914e54ff544c8dbec14d13ea2314224db3.jpg\" alt=\"GALA Prince Harry\u00a0: ce qu'il faut connaitre (1)\" class=\"a11y-hidden\" fetchpriority=\"high\"\/><\/p>\n<p class=\"fig-standfirst\">Harry a expliqu\u00e9 \u00e0 quel point il \u00e9tait ravi de son s\u00e9jour au Royaume-Uni. Il faut dire que, depuis lundi, le plus jeune des fils de Charles III a renou\u00e9 avec son pass\u00e9&#8230;<\/p>\n<p class=\"fig-paragraph\">Harry a fait son retour sur le sol anglais cette semaine, cinq mois apr\u00e8s sa derni\u00e8re visite au Royaume-Uni. Mais la derni\u00e8re fois qu\u2019il avait quitt\u00e9 Meghan Markle et ses enfants pour retrouver le pays qui l\u2019a vu na\u00eetre, ce n\u2019\u00e9tait pas particuli\u00e8rement gai pour le plus jeune fils de Charles III\u00a0: au d\u00e9but du mois d\u2019avril, Harry avait en effet assist\u00e9 \u00e0 une audience en appel, dans le cadre de son proc\u00e8s contre le minist\u00e8re de l\u2019Int\u00e9rieur, \u00e0 propos du financement de sa s\u00e9curit\u00e9, qu\u2019il a perdu. Cette semaine, son retour \u00e9tait bien plus r\u00e9jouissant pour lui. Un porte-parole du prince a d\u2019ailleurs assur\u00e9 qu\u2019il \u00e9tait combl\u00e9 par ce s\u00e9jour, rapporte le\u00a0<a href=\"https:\/\/www.express.co.uk\/news\/royal\/2107274\/prince-harry-insider-breaks-silence\" target=\"_blank\" rel=\"sponsored noopener\" data-gtm-custom-categorie=\"navigation\" data-gtm-custom-action=\"crossclick\" data-gtm-custom-label=\"Contextuel\" data-gtm-event=\"customEventSPE\">Daily Express<\/a> . \u00abIl a visiblement ador\u00e9 \u00eatre de retour au Royaume-Uni, retrouver ses anciens amis et coll\u00e8gues, et plus g\u00e9n\u00e9ralement, pouvoir soutenir l\u2019incroyable travail accompli pour les causes qui lui tiennent tant \u00e0 c\u0153ur\u00bb, a indiqu\u00e9 ce proche d\u2019Harry.<\/p>\n<p class=\"fig-paragraph\">Il faut dire que cette visite d\u2019Harry sur sa terre natale restera grav\u00e9e dans les m\u00e9moires pendant longtemps. Certes, le compagnon de Meghan Markle a assist\u00e9 \u00e0 un gala de l\u2019organisation caritative WellChild, dont il est le parrain, et qui salue le courage des enfants malades et de leurs soignants, et il a fait un don personnel d\u20191,5 million de dollars \u00e0 l\u2019association Children in Need, qui lutte contre la violence dont sont victimes les enfants. Mais surtout, pendant cette visite historique, Harry a renou\u00e9 avec son pass\u00e9, lui qui avait quitt\u00e9 avec fracas ses obligations royales en 2020 pour s\u2019installer outre-Atlantique avec sa femme et le petit Archie. Le prince s\u2019est en effet recueilli lundi sur la tombe de sa grand-m\u00e8re, la reine Elizabeth II, disparue il y a trois ans. Ce jeudi, avant de s\u2019envoler pour les \u00c9tats-Unis, il a \u00e9galement particip\u00e9 \u00e0\u00a0<a href=\"https:\/\/www.gala.fr\/royautes\/le-prince-harry-en-angleterre-cette-visite-lourde-de-sens-juste-avant-de-repartir-20250911\" target=\"_blank\" data-fig-type=\"Article\" rel=\"sponsored noopener\" data-gtm-custom-categorie=\"navigation\" data-gtm-custom-action=\"crossclick\" data-gtm-custom-label=\"Contextuel\" data-gtm-event=\"customEventSPE\" data-fig-domain=\"GALA\">un \u00e9v\u00e9nement sur la sant\u00e9 mentale<\/a>, port\u00e9 par le Diana Award, une association cr\u00e9\u00e9e en 1999, qui poursuit l\u2019h\u00e9ritage de sa maman. Mais surtout, mercredi,\u00a0<a href=\"https:\/\/www.gala.fr\/royautes\/entre-harry-et-charles-iii-la-rencontre-a-ete-chaleureuse-ces-indices-qui-le-prouvent-20250911\" target=\"_blank\" data-fig-type=\"Article\" rel=\"sponsored noopener\" data-gtm-custom-categorie=\"navigation\" data-gtm-custom-action=\"crossclick\" data-gtm-custom-label=\"Contextuel\" data-gtm-event=\"customEventSPE\" data-fig-domain=\"GALA\">le prince a revu son p\u00e8re<\/a>, Charles III, qu\u2019il n\u2019avait pas recrois\u00e9 depuis 19 mois\u00a0: les deux hommes ont bu un th\u00e9 ensemble pendant un peu plus d\u2019une heure. Et leurs retrouvailles ont \u00e9t\u00e9 chaleureuses.<\/p>\n<p>    Le prince Harry visite le studio d\u2019enregistrement communautaire de St Ann\u2019s, \u00e0 Nottingham, le 9 septembre 2025.<br \/>\n                Paul Grover \/ Pool \/ Julien Burton via Bestimage<\/p>\n<p>                                    <a class=\"fig-a11y-skip a11y-hidden\" href=\"#fig-a11y-skip-main-inarticle\"><br \/>\n        Passer la publicit\u00e9<br \/>\n    <\/a><\/p>\n<p>D\u00e9clarations \u00e0 la BBC, invitations aux Invictus Games&#8230; Les signes de la r\u00e9conciliation entre Harry et la famille royale<\/p>\n<p class=\"fig-paragraph\">Cette visite r\u00e9ussie d\u2019Harry au Royaume-Uni marque-t-elle un tournant dans\u00a0<a href=\"https:\/\/www.gala.fr\/royautes\/une-trahison-de-plus-cette-decision-choc-du-prince-harry-pourrait-aneantir-william-20250829\" target=\"_blank\" data-fig-type=\"Article\" rel=\"sponsored noopener\" data-gtm-custom-categorie=\"navigation\" data-gtm-custom-action=\"crossclick\" data-gtm-custom-label=\"Contextuel\" data-gtm-event=\"customEventSPE\" data-fig-domain=\"GALA\">sa d\u00e9marche de r\u00e9conciliation<\/a>\u00a0? Il est vrai que, depuis quelques ann\u00e9es, le prince est en froid avec le clan Windsor, apr\u00e8s les nombreuses critiques qu\u2019il a prof\u00e9r\u00e9es contre la monarchie et quelques-uns de ses membres, sur Netflix, chez Oprah Winfrey ou dans son best-seller, Le Suppl\u00e9ant. Mais, depuis le printemps dernier, il multiplie les gestes en faveur d\u2019un apaisement des relations. Le 2 mai dernier,\u00a0<a href=\"https:\/\/www.gala.fr\/l_actu\/news_de_stars\/le-prince-harry-alerte-sur-la-sante-de-son-pere-charles-iii-je-ne-sais-pas-combien-de-temps-il-a-encore-a-vivre-20250503\" target=\"_blank\" data-fig-type=\"Article\" rel=\"sponsored noopener\" data-gtm-custom-categorie=\"navigation\" data-gtm-custom-action=\"crossclick\" data-gtm-custom-label=\"Contextuel\" data-gtm-event=\"customEventSPE\" data-fig-domain=\"GALA\">dans un entretien qu\u2019il a accord\u00e9 \u00e0 la BBC<\/a>, Harry avait indiqu\u00e9 qu\u2019il souhaitait enterrer la hache de guerre avec ses proches. \u00abIl est inutile de continuer \u00e0 se battre. La vie est pr\u00e9cieuse (\u2026) Le pardon est tout \u00e0 fait possible, car j\u2019aimerais retrouver mon p\u00e8re et mon fr\u00e8re\u00bb, avait assur\u00e9 le fils de Charles III, ajoutant qu\u2019il ne savait pas \u00abcombien de temps\u00bb il restait \u00e0 son p\u00e8re, qui souffre depuis 2024 d\u2019un cancer.<\/p>\n<p class=\"fig-paragraph\">Avant l\u2019\u00e9t\u00e9, la presse s\u2019\u00e9tait par ailleurs fait l\u2019\u00e9cho qu\u2019Harry souhaitait inviter son p\u00e8re et son fr\u00e8re\u00a0<a href=\"https:\/\/www.gala.fr\/royautes\/le-prince-harry-lance-une-treve-cette-invitation-qu-il-compte-envoyer-a-charles-iii-et-william-20250623\" target=\"_blank\" data-fig-type=\"Article\" rel=\"sponsored noopener\" data-gtm-custom-categorie=\"navigation\" data-gtm-custom-action=\"crossclick\" data-gtm-custom-label=\"Contextuel\" data-gtm-event=\"customEventSPE\" data-fig-domain=\"GALA\">aux Invictus Games<\/a>, qu\u2019il affectionne particuli\u00e8rement, en 2027. Enfin, au mois de juillet dernier, on apprenait qu\u2019Harry et la famille royale avaient act\u00e9 le partage de leurs agendas, pour \u00abd\u00e9conflictualiser\u00bb leurs apparitions publiques. La hache de guerre est-elle sur le point d\u2019\u00eatre enterr\u00e9e\u00a0? Pour Charles III, c\u2019est probable. Pour William, c\u2019est moins s\u00fbr.<\/p>\n","protected":false},"excerpt":{"rendered":"Par Nicolas Bonzom Le 11 septembre 2025 \u00e0 21h41 Harry a expliqu\u00e9 \u00e0 quel point il \u00e9tait ravi&hellip;\n","protected":false},"author":2,"featured_media":383668,"comment_status":"","ping_status":"","sticky":false,"template":"","format":"standard","meta":{"footnotes":""},"categories":[1588],"tags":[11,1777,674,652,5860,9047,12,51645,8133,473,1853,1851,1850,1852,510],"class_list":{"0":"post-383667","1":"post","2":"type-post","3":"status-publish","4":"format-standard","5":"has-post-thumbnail","7":"category-royaume-uni","8":"tag-actualites","9":"tag-eu","10":"tag-europe","11":"tag-famille","12":"tag-famille-royale-dangleterre","13":"tag-harry-dangleterre","14":"tag-news","15":"tag-reconciliation","16":"tag-retour","17":"tag-royaume-uni","18":"tag-royaume-uni-de-grande-bretagne-et-dirlande-du-nord","19":"tag-uk","20":"tag-united-kingdom","21":"tag-united-kingdom-of-great-britain-and-northern-ireland","22":"tag-visite"},"share_on_mastodon":{"url":"https:\/\/pubeurope.com\/@fr\/115187657947206560","error":""},"_links":{"self":[{"href":"https:\/\/www.europesays.com\/fr\/wp-json\/wp\/v2\/posts\/383667","targetHints":{"allow":["GET"]}}],"collection":[{"href":"https:\/\/www.europesays.com\/fr\/wp-json\/wp\/v2\/posts"}],"about":[{"href":"https:\/\/www.europesays.com\/fr\/wp-json\/wp\/v2\/types\/post"}],"author":[{"embeddable":true,"href":"https:\/\/www.europesays.com\/fr\/wp-json\/wp\/v2\/users\/2"}],"replies":[{"embeddable":true,"href":"https:\/\/www.europesays.com\/fr\/wp-json\/wp\/v2\/comments?post=383667"}],"version-history":[{"count":0,"href":"https:\/\/www.europesays.com\/fr\/wp-json\/wp\/v2\/posts\/383667\/revisions"}],"wp:featuredmedia":[{"embeddable":true,"href":"https:\/\/www.europesays.com\/fr\/wp-json\/wp\/v2\/media\/383668"}],"wp:attachment":[{"href":"https:\/\/www.europesays.com\/fr\/wp-json\/wp\/v2\/media?parent=383667"}],"wp:term":[{"taxonomy":"category","embeddable":true,"href":"https:\/\/www.europesays.com\/fr\/wp-json\/wp\/v2\/categories?post=383667"},{"taxonomy":"post_tag","embeddable":true,"href":"https:\/\/www.europesays.com\/fr\/wp-json\/wp\/v2\/tags?post=383667"}],"curies":[{"name":"wp","href":"https:\/\/api.w.org\/{rel}","templated":true}]}}