{"id":383669,"date":"2025-09-11T20:55:15","date_gmt":"2025-09-11T20:55:15","guid":{"rendered":"https:\/\/www.europesays.com\/fr\/383669\/"},"modified":"2025-09-11T20:55:15","modified_gmt":"2025-09-11T20:55:15","slug":"lallemagne-renforce-son-soutien-aerien","status":"publish","type":"post","link":"https:\/\/www.europesays.com\/fr\/383669\/","title":{"rendered":"l\u2019Allemagne renforce son soutien a\u00e9rien"},"content":{"rendered":"<p>Le minist\u00e8re allemand de la D\u00e9fense a pr\u00e9cis\u00e9 que la mission va \u00eatre prolong\u00e9e de trois mois et que le nombre d\u2019avions de combat va passer de deux \u00e0 quatre.<\/p>\n<p class=\"fig-paragraph\"><a href=\"https:\/\/www.lefigaro.fr\/tag\/allemagne\" target=\"_blank\" rel=\"sponsored noopener\" data-gtm-custom-categorie=\"navigation\" data-gtm-custom-action=\"crossclick\" data-gtm-custom-label=\"Contextuel\" data-gtm-event=\"customEventSPE\">L\u2019Allemagne\u00a0<\/a>va renforcer sa contribution \u00e0 la protection de l\u2019espace a\u00e9rien polonais, dans le cadre de la \u00abpolice du ciel\u00bb de l\u2019Otan, en raison de\u00a0<a href=\"http:\/\/www.lefigaro.fr\/international\/drones-russes-en-pologne-poutine-enclenche-l-escalade-l-otan-vit-son-premier-test-historique-20250910\" data-fig-type=\"Article\" data-gtm-custom-categorie=\"navigation\" data-gtm-custom-action=\"crossclick\" data-gtm-custom-label=\"Contextuel\" data-gtm-event=\"customEventSPE\" data-fig-domain=\"LEFIGARO\" target=\"_blank\" rel=\"noopener\">l\u2019intrusion de drones attribu\u00e9e \u00e0 la Russie<\/a>, a annonc\u00e9 jeudi la chancellerie.<\/p>\n<p class=\"fig-paragraph\">Berlin \u00abrenforcera son engagement \u00e0 la fronti\u00e8re orientale de l\u2019Otan en r\u00e9action aux r\u00e9centes violations de l\u2019espace a\u00e9rien polonais par la Russie\u00bb, a annonc\u00e9 dans un communiqu\u00e9 le porte-parole du gouvernement Stefan Kornelius.<\/p>\n<p>                                    <a class=\"fig-a11y-skip a11y-hidden\" href=\"#fig-a11y-skip-main-inarticle\"><br \/>\n        Passer la publicit\u00e9<br \/>\n    <\/a><\/p>\n<p class=\"fig-paragraph\">Le minist\u00e8re de la D\u00e9fense a pr\u00e9cis\u00e9 que la mission va \u00eatre prolong\u00e9e de trois mois et que le nombre d\u2019avions de combat va passer de deux \u00e0 quatre.<\/p>\n","protected":false},"excerpt":{"rendered":"Le minist\u00e8re allemand de la D\u00e9fense a pr\u00e9cis\u00e9 que la mission va \u00eatre prolong\u00e9e de trois mois et&hellip;\n","protected":false},"author":2,"featured_media":383670,"comment_status":"","ping_status":"","sticky":false,"template":"","format":"standard","meta":{"footnotes":""},"categories":[1587],"tags":[11,672,1804,1805,1803,1777,674,1801,12,2437,1802,132],"class_list":{"0":"post-383669","1":"post","2":"type-post","3":"status-publish","4":"format-standard","5":"has-post-thumbnail","7":"category-allemagne","8":"tag-actualites","9":"tag-allemagne","10":"tag-bundesrepublik-deutschland","11":"tag-de","12":"tag-deutschland","13":"tag-eu","14":"tag-europe","15":"tag-germany","16":"tag-news","17":"tag-pologne","18":"tag-republique-federale-dallemagne","19":"tag-russie"},"share_on_mastodon":{"url":"https:\/\/pubeurope.com\/@fr\/115187661157425058","error":""},"_links":{"self":[{"href":"https:\/\/www.europesays.com\/fr\/wp-json\/wp\/v2\/posts\/383669","targetHints":{"allow":["GET"]}}],"collection":[{"href":"https:\/\/www.europesays.com\/fr\/wp-json\/wp\/v2\/posts"}],"about":[{"href":"https:\/\/www.europesays.com\/fr\/wp-json\/wp\/v2\/types\/post"}],"author":[{"embeddable":true,"href":"https:\/\/www.europesays.com\/fr\/wp-json\/wp\/v2\/users\/2"}],"replies":[{"embeddable":true,"href":"https:\/\/www.europesays.com\/fr\/wp-json\/wp\/v2\/comments?post=383669"}],"version-history":[{"count":0,"href":"https:\/\/www.europesays.com\/fr\/wp-json\/wp\/v2\/posts\/383669\/revisions"}],"wp:featuredmedia":[{"embeddable":true,"href":"https:\/\/www.europesays.com\/fr\/wp-json\/wp\/v2\/media\/383670"}],"wp:attachment":[{"href":"https:\/\/www.europesays.com\/fr\/wp-json\/wp\/v2\/media?parent=383669"}],"wp:term":[{"taxonomy":"category","embeddable":true,"href":"https:\/\/www.europesays.com\/fr\/wp-json\/wp\/v2\/categories?post=383669"},{"taxonomy":"post_tag","embeddable":true,"href":"https:\/\/www.europesays.com\/fr\/wp-json\/wp\/v2\/tags?post=383669"}],"curies":[{"name":"wp","href":"https:\/\/api.w.org\/{rel}","templated":true}]}}