{"id":383671,"date":"2025-09-11T20:56:15","date_gmt":"2025-09-11T20:56:15","guid":{"rendered":"https:\/\/www.europesays.com\/fr\/383671\/"},"modified":"2025-09-11T20:56:15","modified_gmt":"2025-09-11T20:56:15","slug":"comment-donald-trump-est-devenu-president-de-leurope-politico","status":"publish","type":"post","link":"https:\/\/www.europesays.com\/fr\/383671\/","title":{"rendered":"Comment Donald Trump est devenu pr\u00e9sident de l\u2019Europe \u2013 POLITICO"},"content":{"rendered":"<p>\u201cIl ne sera peut-\u00eatre jamais le pr\u00e9sident de l\u2019Europe, mais il peut en \u00eatre le parrain\u201d, estime un diplomate de l\u2019UE \u00e0 qui, comme d\u2019autres dans cet article, l\u2019anonymat a \u00e9t\u00e9 accord\u00e9 pour pouvoir s\u2019exprimer librement. \u201cLa bonne analogie rel\u00e8ve plut\u00f4t du registre criminel. Nous avons affaire \u00e0 un chef de mafia qui exerce une influence exorbitante sur les affaires qu\u2019il pr\u00e9tend prot\u00e9ger.\u201d<\/p>\n<p>\u201cEffet Bruxelles\u201d<\/p>\n<p>Il n\u2019y a pas si longtemps, l\u2019UE pouvait se d\u00e9crire de mani\u00e8re cr\u00e9dible comme un mastodonte du commerce et une \u201csuperpuissance r\u00e9glementaire\u201d capable de se faire respecter gr\u00e2ce \u00e0 son vaste march\u00e9 et ses nombreux consommateurs, et \u00e0 sa port\u00e9e juridique. Les dirigeants de l\u2019UE se vantaient alors d\u2019un \u201ceffet Bruxelles\u201d, qui faisait que des entreprises ou des gouvernements \u00e9trangers se pliaient aux normes juridiques europ\u00e9ennes, m\u00eame s\u2019ils n\u2019\u00e9taient pas membres de l\u2019Union.<\/p>\n<p>Anthony Gardner, ancien ambassadeur des Etats-Unis aupr\u00e8s de l\u2019UE, se souvient que, \u00e0 l\u2019\u00e9poque o\u00f9 Washington n\u00e9gociait un accord commercial avec Bruxelles, connu sous le nom de Partenariat transatlantique de commerce et d\u2019investissement (TTIP), dans les ann\u00e9es 2010, il consid\u00e9rait l\u2019Europe comme son \u00e9gal.<\/p>\n<p>\u201cDepuis la cr\u00e9ation de la CEE (Communaut\u00e9 \u00e9conomique europ\u00e9enne), la position des Etats-Unis \u00e9tait de vouloir une Europe forte\u201d, retrace Anthony Gardner. \u201cEt nous avions de nombreux d\u00e9saccords avec l\u2019UE, en particulier sur le plan commercial. Mais ce n\u2019est pas par l\u2019intimidation que l\u2019on peut y rem\u00e9dier.\u201d<\/p>\n<p><img loading=\"lazy\" decoding=\"async\" width=\"1024\" height=\"1024\" src=\"https:\/\/www.europesays.com\/fr\/wp-content\/uploads\/2025\/09\/ONLINE_-Trump_EU_Oval_HRF-copy-1024x1024.jpg\" alt=\"\" class=\"wp-image-7141173\"  \/><\/p>\n<p>L\u2019un des signes de l\u2019assurance de l\u2019UE a \u00e9t\u00e9 sa volont\u00e9 de s\u2019attaquer aux plus grandes entreprises am\u00e9ricaines, comme elle l\u2019a fait en 2001 lorsque la Commission europ\u00e9enne a bloqu\u00e9 le projet d\u2019acquisition de Honeywell par General Electric, pour un montant de 42 milliards de dollars. Ce fut le d\u00e9but de plus d\u2019une d\u00e9cennie de politique de concurrence affirm\u00e9e, avec des poids lourds en poste, comme l\u2019ancienne commissaire Margrethe Vestager, qui se sont exprim\u00e9s devant la presse mondiale et ont menac\u00e9 de d\u00e9manteler Google, ou de forcer Apple \u00e0 rembourser la somme exorbitante de 13 milliards d\u2019euros en raison de ses arrangements fiscaux en Irlande.<\/p>\n<p>La situation est bien diff\u00e9rente aujourd\u2019hui, quand on voit ce qu\u2019il s\u2019est pass\u00e9 la semaine derni\u00e8re, lorsque la Commission \u00e9tait cens\u00e9e infliger une amende \u00e0 Google pour ses pratiques en mati\u00e8re de publicit\u00e9 sur les recherches. La d\u00e9cision a d\u2019abord \u00e9t\u00e9 retard\u00e9e \u00e0 la demande du commissaire europ\u00e9en au Commerce, Maro\u0161 \u0160ef\u010dovi\u010d, puis rendue publique discr\u00e8tement via un communiqu\u00e9 de presse et une vid\u00e9o explicative le vendredi apr\u00e8s-midi dans laquelle n\u2019appara\u00eet pas la commissaire charg\u00e9e du dossier, Teresa Ribera. (Rien de tout cela n\u2019a emp\u00each\u00e9 Trump d\u2019annoncer dans un post sur Truth Social que son \u201cAdministration ne permettra PAS \u00e0 ces actions discriminatoires de perdurer\u201d.)<\/p>\n","protected":false},"excerpt":{"rendered":"\u201cIl ne sera peut-\u00eatre jamais le pr\u00e9sident de l\u2019Europe, mais il peut en \u00eatre le parrain\u201d, estime un&hellip;\n","protected":false},"author":2,"featured_media":383672,"comment_status":"","ping_status":"","sticky":false,"template":"","format":"standard","meta":{"footnotes":""},"categories":[1586],"tags":[47,11,75,73,1777,674,1011,27,12,25,364,2544],"class_list":{"0":"post-383671","1":"post","2":"type-post","3":"status-publish","4":"format-standard","5":"has-post-thumbnail","7":"category-europe","8":"tag-actualite","9":"tag-actualites","10":"tag-donald-trump","11":"tag-etats-unis","12":"tag-eu","13":"tag-europe","14":"tag-fr","15":"tag-france","16":"tag-news","17":"tag-republique-francaise","18":"tag-union-europeenne","19":"tag-ursula-von-der-leyen"},"share_on_mastodon":{"url":"https:\/\/pubeurope.com\/@fr\/115187665515582288","error":""},"_links":{"self":[{"href":"https:\/\/www.europesays.com\/fr\/wp-json\/wp\/v2\/posts\/383671","targetHints":{"allow":["GET"]}}],"collection":[{"href":"https:\/\/www.europesays.com\/fr\/wp-json\/wp\/v2\/posts"}],"about":[{"href":"https:\/\/www.europesays.com\/fr\/wp-json\/wp\/v2\/types\/post"}],"author":[{"embeddable":true,"href":"https:\/\/www.europesays.com\/fr\/wp-json\/wp\/v2\/users\/2"}],"replies":[{"embeddable":true,"href":"https:\/\/www.europesays.com\/fr\/wp-json\/wp\/v2\/comments?post=383671"}],"version-history":[{"count":0,"href":"https:\/\/www.europesays.com\/fr\/wp-json\/wp\/v2\/posts\/383671\/revisions"}],"wp:featuredmedia":[{"embeddable":true,"href":"https:\/\/www.europesays.com\/fr\/wp-json\/wp\/v2\/media\/383672"}],"wp:attachment":[{"href":"https:\/\/www.europesays.com\/fr\/wp-json\/wp\/v2\/media?parent=383671"}],"wp:term":[{"taxonomy":"category","embeddable":true,"href":"https:\/\/www.europesays.com\/fr\/wp-json\/wp\/v2\/categories?post=383671"},{"taxonomy":"post_tag","embeddable":true,"href":"https:\/\/www.europesays.com\/fr\/wp-json\/wp\/v2\/tags?post=383671"}],"curies":[{"name":"wp","href":"https:\/\/api.w.org\/{rel}","templated":true}]}}