{"id":383675,"date":"2025-09-11T20:58:13","date_gmt":"2025-09-11T20:58:13","guid":{"rendered":"https:\/\/www.europesays.com\/fr\/383675\/"},"modified":"2025-09-11T20:58:13","modified_gmt":"2025-09-11T20:58:13","slug":"incapable-de-resister-a-ses-envies-le-profil-inquietant-du-suspect-dans-laffaire-du-meurtre-de-la-joggeuse-agathe","status":"publish","type":"post","link":"https:\/\/www.europesays.com\/fr\/383675\/","title":{"rendered":"\u00ab\u00a0Incapable de r\u00e9sister \u00e0 ses envies\u00a0\u00bb\u00a0: le profil inqui\u00e9tant du suspect dans l\u2019affaire du meurtre de la joggeuse Agathe"},"content":{"rendered":"<p class=\"paragraph text_align_left lp-f-body-02\">Selon des sources concordantes, le suspect actuellement aux mains des gendarmes a ainsi d\u00e9j\u00e0 \u00e9t\u00e9 condamn\u00e9 \u00e0 deux reprises par la justice pour des faits de nature sexuelle. Une premi\u00e8re fois \u00e0 12 ans de prison en 1994, puis une seconde \u00e0 30 ans de r\u00e9clusion, dont deux tiers de s\u00fbret\u00e9, en 2003. Selon des sources judiciaires, apr\u00e8s avoir pass\u00e9 21 ans derri\u00e8re les barreaux dans le cadre de sa seconde condamnation, il \u00e9tait sorti en avril 2024, conform\u00e9ment \u00e0 une d\u00e9cision d\u2019un juge d\u2019application des peines. Il demeurait depuis suivi par la justice.<\/p>\n","protected":false},"excerpt":{"rendered":"Selon des sources concordantes, le suspect actuellement aux mains des gendarmes a ainsi d\u00e9j\u00e0 \u00e9t\u00e9 condamn\u00e9 \u00e0 deux&hellip;\n","protected":false},"author":2,"featured_media":383676,"comment_status":"","ping_status":"","sticky":false,"template":"","format":"standard","meta":{"footnotes":""},"categories":[2],"tags":[11,459,118,1011,27,12,25],"class_list":{"0":"post-383675","1":"post","2":"type-post","3":"status-publish","4":"format-standard","5":"has-post-thumbnail","7":"category-actualites","8":"tag-actualites","9":"tag-departements-horsidfo","10":"tag-faits-divers","11":"tag-fr","12":"tag-france","13":"tag-news","14":"tag-republique-francaise"},"share_on_mastodon":{"url":"https:\/\/pubeurope.com\/@fr\/115187673056499197","error":""},"_links":{"self":[{"href":"https:\/\/www.europesays.com\/fr\/wp-json\/wp\/v2\/posts\/383675","targetHints":{"allow":["GET"]}}],"collection":[{"href":"https:\/\/www.europesays.com\/fr\/wp-json\/wp\/v2\/posts"}],"about":[{"href":"https:\/\/www.europesays.com\/fr\/wp-json\/wp\/v2\/types\/post"}],"author":[{"embeddable":true,"href":"https:\/\/www.europesays.com\/fr\/wp-json\/wp\/v2\/users\/2"}],"replies":[{"embeddable":true,"href":"https:\/\/www.europesays.com\/fr\/wp-json\/wp\/v2\/comments?post=383675"}],"version-history":[{"count":0,"href":"https:\/\/www.europesays.com\/fr\/wp-json\/wp\/v2\/posts\/383675\/revisions"}],"wp:featuredmedia":[{"embeddable":true,"href":"https:\/\/www.europesays.com\/fr\/wp-json\/wp\/v2\/media\/383676"}],"wp:attachment":[{"href":"https:\/\/www.europesays.com\/fr\/wp-json\/wp\/v2\/media?parent=383675"}],"wp:term":[{"taxonomy":"category","embeddable":true,"href":"https:\/\/www.europesays.com\/fr\/wp-json\/wp\/v2\/categories?post=383675"},{"taxonomy":"post_tag","embeddable":true,"href":"https:\/\/www.europesays.com\/fr\/wp-json\/wp\/v2\/tags?post=383675"}],"curies":[{"name":"wp","href":"https:\/\/api.w.org\/{rel}","templated":true}]}}