{"id":383686,"date":"2025-09-11T21:07:14","date_gmt":"2025-09-11T21:07:14","guid":{"rendered":"https:\/\/www.europesays.com\/fr\/383686\/"},"modified":"2025-09-11T21:07:14","modified_gmt":"2025-09-11T21:07:14","slug":"psg-apres-son-operation-a-la-clavicule-luis-enrique-sur-le-banc-face-a-lens-le-figaro","status":"publish","type":"post","link":"https:\/\/www.europesays.com\/fr\/383686\/","title":{"rendered":"PSG : apr\u00e8s son op\u00e9ration \u00e0 la clavicule, Luis Enrique sur le banc face \u00e0 Lens ? &#8211; Le Figaro"},"content":{"rendered":"<ol>\n<li><a href=\"https:\/\/news.google.com\/rss\/articles\/CBMizAFBVV95cUxQN1hHQ0VkOE8wSnRUWEVHcGJFc1dvZHJCLWcxWXBEaXRCNmlCai1qS3BMcVVKWDR2T2lSN1NmOFFDUEsybTUzc3M1emVjNXZmaGVQdUpWNU9iZkc1RzZwUDZ6aGc3cThlN2xzY0FVWGFxbXJqa2EzNkVhaGpKQXJzbGNqZWlUQUpUaWNQeVl4STRfLUFNa1FBYUdoYnRKUUZkeWtabmc4VTJBU0c3VEF1ZV92MnVPVUF5Vld0YzRsNWFTTFR3Tk9ydFdTc3M?oc=5\" target=\"_blank\" rel=\"noopener\">PSG : apr\u00e8s son op\u00e9ration \u00e0 la clavicule, Luis Enrique sur le banc face \u00e0 Lens ?<\/a>&nbsp;&nbsp;Le Figaro<\/li>\n<li><a href=\"https:\/\/news.google.com\/rss\/articles\/CBMiwAFBVV95cUxONlhoX29seDg0YllIcmV1TFBFWmEzbDZsWXM5RGNuRGtiM19kR2ZoUjNXelc0ZGpvVmp4VDdwY2dCWDBmS1c1VUxZdkRFR0ktd2cybE4wbVVEeEYzQWgwd09ncVJMcER1eEYyd09aZ1dyVjZpMHJCTjBKdUJUa2V5TmVXY0F1d2VaSU53S2pFMThPd3JoX2ktOUxQTlNOVHdEZTRCRHhfMlB4QTNBX0U2eXF1Y1hmcGdfT1dCTFc3Um4?oc=5\" target=\"_blank\" rel=\"noopener\">Op\u00e9r\u00e9 d&rsquo;une clavicule, Luis Enrique \u00e9tait absent de l&rsquo;entra\u00eenement du PSG<\/a>&nbsp;&nbsp;L&rsquo;\u00c9quipe<\/li>\n<li><a href=\"https:\/\/news.google.com\/rss\/articles\/CBMisAFBVV95cUxNaUt1V25kdnBhSnQzVlVfVXJLbVl6bER5VWJlODdJWnJ1TmdTSDFzQ3RWdVpxZC1VZHRvLWdqRk1udXphY2FvVjRMbjJBb2d6N0N5WlNfNlNfTERvSEhwSDlhRGljZE8tT2pEZms0QjVYV1QtazBfNXA3OGFRTEtyVkc3V0pXNFdIZi1XandNcDZxWWRISndXMVVpVEJJeXhrLVVIZ29qRzN0WG1EaXI2etIBrwFBVV95cUxPNldERnRGSTAzbFJ0c1RpazI5VHh6Tkt3SGlKLUtzUnRZSDBZRGtHWnB4b0FNb3NZcDg1MmtoVll6ZjVvZVA0V2FNY3JldU9kcnFfQkpjMWxPSWJ2WXAyV1JJTDZlcnE4aEwxQkh5OEphMml2R0I5al96YkFxajRkTUZ2cHJzTU5VN0xpTmZGeE1jUlZoYTMxMGpYeTBORWNLQVVxMVpNbUdNeEZmZDlj?oc=5\" target=\"_blank\" rel=\"noopener\">PSG : Luis Enrique absent sur le banc ?<\/a>&nbsp;&nbsp;Orange Actualit\u00e9s | Sports<\/li>\n<li><a href=\"https:\/\/news.google.com\/rss\/articles\/CBMijgJBVV95cUxQRDVlbnpCRFdHN2dsb3R4LVBfRjlMY01PelN4TXhuV1J0VkRJa242eHlZU1JRMEF2WmZRb1owVml1ZDZLWk5MRVBYbHN5bThFNkt6N1R6cVFOSno1M3k3TDg5c0xnSVUyLV9tMXVDd2F2YWJOMGNMcTkydThwNVRkb294STJTVmc4VThmVUszMFNYWTNHSmpxb0cyMl9oZkJYcldNemRtdzJYVm5VQlM3U0VMcDNTd05zbEpmU2JPaWhSUGpmQ2J5X1Vyd1FNZi1zS3pRdk55eUg0N0lkN2dpUGhJNEFWMU1uUTdPLUM3cVlLMmlSQUpELV9xWl9heUczRkFlYnl0UTBCNUluZ0E?oc=5\" target=\"_blank\" rel=\"noopener\">PSG. Luis Enrique devrait \u00eatre sur le banc contre Lens, apr\u00e8s sa chute \u00e0 v\u00e9lo et son op\u00e9ration<\/a>&nbsp;&nbsp;Ouest-France<\/li>\n<li><a href=\"https:\/\/news.google.com\/rss\/articles\/CBMikAJBVV95cUxQT2lrUEdoLU9kQV94NldqWncxTzRyWmZGeEswTU1aUHlZMnV3VWhPNUpRUXNNdmN2Y3JoSmF4d2lMTkxLeGE0TEdtMnU1OHpIcmh0ak1LU1lSaGQyelpwUVVDTGpyR3dwU0hMNE1VcDlLWklnSzhaUElPT2xNdE5CSHdWQkM1UEJnS1BQODFmZUJ5SHRLdzJXZ1BNQ1Brdlo1Z3V3YmZLTWdDMFpuOE11bEtfTlRZV0U4QzVEYXNaM3FZbmFlazJTRkVoQ3p2elFxWnlWcUtfX3Y0aGttNXVmZXJycVItanRiRXVadk84cVpsZXZzLUNyYmx6ODE5eVViTlNuN3N2ZVNBeFFtYXJkVg?oc=5\" target=\"_blank\" rel=\"noopener\">PSG : op\u00e9r\u00e9 apr\u00e8s sa chute \u00e0 v\u00e9lo, Luis Enrique devrait bien \u00eatre sur le banc contre Lens dimanche<\/a>&nbsp;&nbsp;Le Parisien<\/li>\n<\/ol>\n","protected":false},"excerpt":{"rendered":"PSG : apr\u00e8s son op\u00e9ration \u00e0 la clavicule, Luis Enrique sur le banc face \u00e0 Lens ?&nbsp;&nbsp;Le Figaro&hellip;\n","protected":false},"author":2,"featured_media":383687,"comment_status":"","ping_status":"","sticky":false,"template":"","format":"standard","meta":{"footnotes":""},"categories":[1412],"tags":[1451,1452,1453,1454,1455,1011,27,921,93,60],"class_list":{"0":"post-383686","1":"post","2":"type-post","3":"status-publish","4":"format-standard","5":"has-post-thumbnail","7":"category-f1","8":"tag-f1","9":"tag-formula-1","10":"tag-formula1","11":"tag-formule-1","12":"tag-formule1","13":"tag-fr","14":"tag-france","15":"tag-luis-enrique","16":"tag-psg","17":"tag-sports"},"share_on_mastodon":{"url":"https:\/\/pubeurope.com\/@fr\/115187708319291962","error":""},"_links":{"self":[{"href":"https:\/\/www.europesays.com\/fr\/wp-json\/wp\/v2\/posts\/383686","targetHints":{"allow":["GET"]}}],"collection":[{"href":"https:\/\/www.europesays.com\/fr\/wp-json\/wp\/v2\/posts"}],"about":[{"href":"https:\/\/www.europesays.com\/fr\/wp-json\/wp\/v2\/types\/post"}],"author":[{"embeddable":true,"href":"https:\/\/www.europesays.com\/fr\/wp-json\/wp\/v2\/users\/2"}],"replies":[{"embeddable":true,"href":"https:\/\/www.europesays.com\/fr\/wp-json\/wp\/v2\/comments?post=383686"}],"version-history":[{"count":0,"href":"https:\/\/www.europesays.com\/fr\/wp-json\/wp\/v2\/posts\/383686\/revisions"}],"wp:featuredmedia":[{"embeddable":true,"href":"https:\/\/www.europesays.com\/fr\/wp-json\/wp\/v2\/media\/383687"}],"wp:attachment":[{"href":"https:\/\/www.europesays.com\/fr\/wp-json\/wp\/v2\/media?parent=383686"}],"wp:term":[{"taxonomy":"category","embeddable":true,"href":"https:\/\/www.europesays.com\/fr\/wp-json\/wp\/v2\/categories?post=383686"},{"taxonomy":"post_tag","embeddable":true,"href":"https:\/\/www.europesays.com\/fr\/wp-json\/wp\/v2\/tags?post=383686"}],"curies":[{"name":"wp","href":"https:\/\/api.w.org\/{rel}","templated":true}]}}