{"id":383690,"date":"2025-09-11T21:09:15","date_gmt":"2025-09-11T21:09:15","guid":{"rendered":"https:\/\/www.europesays.com\/fr\/383690\/"},"modified":"2025-09-11T21:09:15","modified_gmt":"2025-09-11T21:09:15","slug":"le-club-corse-devoile-son-effectif-et-son-staff-pour-la-saison-2025-2026","status":"publish","type":"post","link":"https:\/\/www.europesays.com\/fr\/383690\/","title":{"rendered":"le club corse d\u00e9voile son effectif et son staff pour la saison 2025-2026"},"content":{"rendered":"<p>Zapping Foot National \u00c0 la 93, le film <\/p>\n<p>Rel\u00e9gu\u00e9 en R\u00e9gional 2 \u00e0 la suite de graves difficult\u00e9s financi\u00e8res, l&rsquo;AC Ajaccio entame une reconstruction. <a href=\"https:\/\/x.com\/ACAjaccio\/status\/1966154942986727460\" rel=\"nofollow\">Dans un communiqu\u00e9<\/a>, le club corse a d\u00e9voil\u00e9 l&rsquo;effectif et le staff technique qui tenteront de relever le d\u00e9fi et de retrouver un meilleur niveau de comp\u00e9tition. L&rsquo;\u00e9quipe, coach\u00e9e par Anthony Lippini, est compos\u00e9e d&rsquo;un m\u00e9lange de joueurs d&rsquo;exp\u00e9rience et de jeunes talents. Le nom le plus notable de la liste est celui d&rsquo;Andy Delort, une figure bien connue du football fran\u00e7ais. Il sera accompagn\u00e9 de joueurs tels que Jean-Dominique Leca et Riad Nouri, qui officiera \u00e9galement comme entra\u00eeneur adjoint. Le staff technique est compl\u00e9t\u00e9 par Alexandre Pietri (pr\u00e9parateur physique), Christophe Sortelle (entra\u00eeneur des gardiens) et D\u00e9d\u00e9 Paccioni et Christophe Lucci (intendants).<\/p>\n<p>&gt;&gt; <a href=\"https:\/\/www.foot-national.com\/tools\/redirect_article.php?id=924230\" target=\"_blank\" rel=\"noopener nofollow\">Coupe de France : l&rsquo;AC Ajaccio priv\u00e9e du troisi\u00e8me tour<\/a><\/p>\n<p><strong>L&rsquo;effectif et le staff de l&rsquo;AC Ajaccio pour la saison 2025-2026\u00a0<\/strong><\/p>\n<p><strong>Joueurs :<\/strong><\/p>\n<ul>\n<li>C\u00e9dric AVINEL<\/li>\n<li>Yohan CAMPANINI<\/li>\n<li>PF CARSILLO<\/li>\n<li>Ludovic DELANFRANCHI<\/li>\n<li>Noah DELAVIGNE<\/li>\n<li>Andy DELORT<\/li>\n<li>Guillaume FANNUCHI<\/li>\n<li>PF FATTACCIO<\/li>\n<li>Anthony FOSSE<\/li>\n<li>Brandon GAMBARELLI<\/li>\n<li>Enzo HOYAU<\/li>\n<li>Jean-Dominique LECA<\/li>\n<li>Lucas LIBBRA<\/li>\n<li>Andrien LIPRANDI<\/li>\n<li>Lisandru MELA<\/li>\n<li>Aur\u00e9lien MIRMAN<\/li>\n<li>PF MORACCHINI<\/li>\n<li>Riad NOURI<\/li>\n<li>Tom POULARD<\/li>\n<li>Majid SAID<\/li>\n<li>L\u00e9o SERPAGGI<\/li>\n<li>Wolo TOUR\u00c9-LEBLANC<\/li>\n<li>Mohamed YOUSSOUF<\/li>\n<\/ul>\n<p><strong>Staff technique :<\/strong><\/p>\n<ul>\n<li>Coach : Anthony LIPPINI<\/li>\n<li>Adjoint : Riad NOURI<\/li>\n<li>Pr\u00e9parateur physique : Alexandre PIETRI<\/li>\n<li>Entra\u00eeneur des gardiens : Christophe SORTELLE<\/li>\n<li>Intendants : D\u00e9d\u00e9 PACCIONI, Christophe LUCCI<\/li>\n<\/ul>\n<blockquote class=\"twitter-tweet\">\n<p dir=\"ltr\" lang=\"fr\">\ud835\udc06\ud835\udc0b\ud835\udc0e\ud835\udc11\ud835\udc08\ud835\udc00 \ud835\udc00 \ud835\udc15\ud835\udc0e\ud835\udc08 \ud83d\udd25<\/p>\n<p>D\u00e9couvrez notre effectif et notre staff technique pour d\u00e9buter la saison 2025-2026.<\/p>\n<p>Respect \u00e0 nos Ac\u00e9istes pour leur d\u00e9vouement aux couleurs Bianchi \u00e8 Rossi. <a href=\"https:\/\/twitter.com\/hashtag\/ACAjaccio?src=hash&amp;ref_src=twsrc%5Etfw\" rel=\"nofollow noopener\" target=\"_blank\">#ACAjaccio<\/a> <a href=\"https:\/\/twitter.com\/hashtag\/OrsuEternu?src=hash&amp;ref_src=twsrc%5Etfw\" rel=\"nofollow noopener\" target=\"_blank\">#OrsuEternu<\/a> <a href=\"https:\/\/t.co\/kgzHSg2MtJ\" rel=\"nofollow\">pic.twitter.com\/kgzHSg2MtJ<\/a><\/p>\n<p>\u2014 AC Ajaccio (@ACAjaccio) <a href=\"https:\/\/twitter.com\/ACAjaccio\/status\/1966154942986727460?ref_src=twsrc%5Etfw\" rel=\"nofollow noopener\" target=\"_blank\">September 11, 2025<\/a><\/p>\n<\/blockquote>\n<p>Partagez cette info avec vos amis et vos proches en cliquant ici<br \/>Pour r\u00e9sumer<\/p>\n<p>Rel\u00e9gu\u00e9 en R\u00e9gional 2 apr\u00e8s de graves probl\u00e8mes financiers, l&rsquo;AC Ajaccio entame sa reconstruction. Dans un communiqu\u00e9, le club corse vient de d\u00e9voiler la composition de son effectif et de son staff pour la saison 2025-2026.<\/p>\n<p> <img decoding=\"async\" width=\"76\" height=\"76\" loading=\"lazy\" src=\"https:\/\/static.wui.fr\/images_v3\/avatar-footnational.png\" alt=\"Aris Djennadi\"\/><script async src=\"https:\/\/platform.twitter.com\/widgets.js\" charset=\"utf-8\"><\/script><\/p>\n","protected":false},"excerpt":{"rendered":"Zapping Foot National \u00c0 la 93, le film Rel\u00e9gu\u00e9 en R\u00e9gional 2 \u00e0 la suite de graves difficult\u00e9s&hellip;\n","protected":false},"author":2,"featured_media":383691,"comment_status":"","ping_status":"","sticky":false,"template":"","format":"standard","meta":{"footnotes":""},"categories":[1410],"tags":[63,1011,27,60],"class_list":{"0":"post-383690","1":"post","2":"type-post","3":"status-publish","4":"format-standard","5":"has-post-thumbnail","7":"category-football","8":"tag-football","9":"tag-fr","10":"tag-france","11":"tag-sports"},"share_on_mastodon":{"url":"https:\/\/pubeurope.com\/@fr\/115187716746896833","error":""},"_links":{"self":[{"href":"https:\/\/www.europesays.com\/fr\/wp-json\/wp\/v2\/posts\/383690","targetHints":{"allow":["GET"]}}],"collection":[{"href":"https:\/\/www.europesays.com\/fr\/wp-json\/wp\/v2\/posts"}],"about":[{"href":"https:\/\/www.europesays.com\/fr\/wp-json\/wp\/v2\/types\/post"}],"author":[{"embeddable":true,"href":"https:\/\/www.europesays.com\/fr\/wp-json\/wp\/v2\/users\/2"}],"replies":[{"embeddable":true,"href":"https:\/\/www.europesays.com\/fr\/wp-json\/wp\/v2\/comments?post=383690"}],"version-history":[{"count":0,"href":"https:\/\/www.europesays.com\/fr\/wp-json\/wp\/v2\/posts\/383690\/revisions"}],"wp:featuredmedia":[{"embeddable":true,"href":"https:\/\/www.europesays.com\/fr\/wp-json\/wp\/v2\/media\/383691"}],"wp:attachment":[{"href":"https:\/\/www.europesays.com\/fr\/wp-json\/wp\/v2\/media?parent=383690"}],"wp:term":[{"taxonomy":"category","embeddable":true,"href":"https:\/\/www.europesays.com\/fr\/wp-json\/wp\/v2\/categories?post=383690"},{"taxonomy":"post_tag","embeddable":true,"href":"https:\/\/www.europesays.com\/fr\/wp-json\/wp\/v2\/tags?post=383690"}],"curies":[{"name":"wp","href":"https:\/\/api.w.org\/{rel}","templated":true}]}}