{"id":383692,"date":"2025-09-11T21:10:15","date_gmt":"2025-09-11T21:10:15","guid":{"rendered":"https:\/\/www.europesays.com\/fr\/383692\/"},"modified":"2025-09-11T21:10:15","modified_gmt":"2025-09-11T21:10:15","slug":"chez-mes-parents-on-pouvait-dessiner-sur-tous-les-murs-de-lappartement","status":"publish","type":"post","link":"https:\/\/www.europesays.com\/fr\/383692\/","title":{"rendered":"\u00abChez mes parents, on pouvait dessiner sur tous les murs de l\u2019appartement\u00bb"},"content":{"rendered":"<p><strong>INTERVIEW <\/strong>&#8211; Souveraine dans La Tour de glace, intense dans la saison 4 de The Morning Show, la star \u00e0 performances, ambassadrice Chanel, se confie.<\/p>\n<p class=\"fig-paragraph\">Elle fait et d\u00e9fait machinalement sa coiffure, petit chignon flou, s\u2019assoit en tailleur sur sa chaise, change de position, enlace ses genoux. Son regard part \u00e0 droite, se pose, repart \u00e0 gauche, inapais\u00e9 papillon.\u00a0<a href=\"http:\/\/madame.lefigaro.fr\/celebrites\/marion-cotillard-star-inattendue-et-sulfureuse-de-la-saison-4-de-the-morning-show-au-cote-de-jennifer-aniston-20250825\" target=\"_blank\" data-fig-type=\"Article\" rel=\"noopener\" data-gtm-custom-categorie=\"navigation\" data-gtm-custom-action=\"crossclick\" data-gtm-custom-label=\"Contextuel\" data-gtm-event=\"customEventSPE\" data-fig-domain=\"MADAME\">Marion Cotillard<\/a>, sur l\u2019\u00e9cran vid\u00e9o de notre conversation Zoom, est l\u2019inverse de la froideur glamour hollywoodienne que les Am\u00e9ricains aiment lui voir jouer au cin\u00e9ma. Une femme sylphide, leste, fine et gracieuse, presque une f\u00e9e clochette, ne serait-ce le brun intense des cheveux, qui fait ressortir le bleu des yeux. \u00c0 49\u00a0ans, et l\u2019air d\u2019en avoir 30, elle ne joue pas de l\u2019aura de star internationale qu\u2019elle est depuis son Oscar de la meilleure actrice d\u00e9croch\u00e9 en 2008 pour La M\u00f4me, d\u2019Olivier Dahan. Sa carri\u00e8re am\u00e9ricaine aligne les noms des r\u00e9alisateurs les plus prestigieux, de Steven Soderbergh \u00e0 Tim Burton en passant par Ridley Scott, Woody Allen, James Gray, Christopher Nolan, tandis qu\u2019en parall\u00e8le, doublement c\u00e9saris\u00e9e, elle poursuit un chemin exigeant chez les grands noms du cin\u00e9ma d\u2019auteur, Jacques Audiard, les fr\u00e8res Dardenne, Xavier Dolan, Leos Carax, Arnaud Desplechin\u2026<\/p>\n<p class=\"fig-paragraph\">On la rencontre l\u2019avant-veille de l\u2019annonce, par communiqu\u00e9, de sa\u00a0<a href=\"https:\/\/photo-madame.lefigaro.fr\/celebrites\/actu-people\/marion-cotillard-et-guillaume-canet-18-ans-d-amour-20250627\" data-fig-type=\"SlideShowResource\" data-gtm-custom-categorie=\"navigation\" data-gtm-custom-action=\"crossclick\" data-gtm-custom-label=\"Contextuel\" data-gtm-event=\"customEventSPE\" data-fig-domain=\"MADAME\" target=\"_blank\" rel=\"noopener\">s\u00e9paration<\/a>\u00a0d\u2019avec Guillaume Canet, \u00abapr\u00e8s dix-huit ann\u00e9es de vie commune\u00bb. L\u2019acteur ne sera \u00e9voqu\u00e9 qu\u2019\u00e0 la fin de l\u2019entretien, avec une nuance de g\u00eane. Marion Cotillard n\u2019\u00e9vite pas les questions intimes, mais parle plus volontiers du pass\u00e9, des traumatismes de l\u2019enfance, th\u00e8me sous-jacent du film La Tour de glace, de Lucile Had\u017eihalilovi\u0107, en salles le 17\u00a0septembre. Dans ce conte enchant\u00e9 \u00e0 la lisi\u00e8re du fantastique, elle incarne Cristina, \u00abgrande actrice\u00bb des ann\u00e9es\u00a01970, diva tyrannique, qui joue la Reine des neiges dans le film \u00e0 l\u2019int\u00e9rieur du film. Ce m\u00eame mercredi 17\u00a0septembre, Marion Cotillard fait aussi son entr\u00e9e parmi les personnages principaux d\u2019une des s\u00e9ries am\u00e9ricaines les plus renomm\u00e9es du moment, The Morning Show, dont Apple TV+ diffuse le premier \u00e9pisode de la saison\u00a04. En vamp fatale, carr\u00e9 brun crant\u00e9 et tenues \u00e0 la pointe de la mode, elle est C\u00e9line Dumont, riche femme d\u2019affaires devenue pr\u00e9sidente du conseil d\u2019administration de la cha\u00eene de t\u00e9l\u00e9vision UBN, charg\u00e9e des d\u00e9cisions strat\u00e9giques. Deux r\u00f4les de femmes \u00e0 la fois puissantes et bless\u00e9es pour lesquels la com\u00e9dienne s\u2019est plu \u00e0 explorer des facettes encore peu d\u00e9frich\u00e9es de son talent.<\/p>\n<p>                                    <a class=\"fig-a11y-skip a11y-hidden\" href=\"#fig-a11y-skip-main-inarticle\"><br \/>\n        Passer la publicit\u00e9<br \/>\n    <\/a><\/p>\n<p class=\"fig-paragraph\"><strong>Madame Figaro.<\/strong> <strong>\u2013 Dans <\/strong><strong>La Tour de glace, <\/strong><strong>vous incarnez une femme inqui\u00e9tante, tyrannique. Vous vous \u00eates aim\u00e9e dans cette image-l\u00e0\u00a0?\u00a0<\/strong><br \/><strong>Marion Cotillard.<\/strong> \u2013 Oh, mon jugement sur mon travail, je ne saurais pas vous dire, c\u2019est presque trop personnel. Mais j\u2019\u00e9tais heureuse d\u2019aborder des traits de personnalit\u00e9 que j\u2019ai peu eu l\u2019occasion d\u2019interpr\u00e9ter, \u00e7a oui. Bien s\u00fbr, j\u2019ai d\u00e9j\u00e0 jou\u00e9 de nombreux personnages bien traumatis\u00e9s\u2026 (Elle sourit.) Mais ce qui \u00e9tait nouveau, c\u2019est la violence et la\u00a0<a href=\"http:\/\/madame.lefigaro.fr\/bien-etre\/psycho\/les-5-techniques-de-manipulation-les-plus-dangereuses-selon-un-professeur-de-psychologie-sociale-20250110\" target=\"_blank\" data-fig-type=\"Article\" rel=\"noopener\" data-gtm-custom-categorie=\"navigation\" data-gtm-custom-action=\"crossclick\" data-gtm-custom-label=\"Contextuel\" data-gtm-event=\"customEventSPE\" data-fig-domain=\"MADAME\">manipulation<\/a>. Un tyran n\u2019est jamais seulement cette image de tyran. Quand on creuse, cela prend racine quelque part. Il y a une origine \u00e0 la tyrannie. J\u2019ai beaucoup aim\u00e9 aussi que le film questionne la th\u00e9matique de la fascination\u00a0: qu\u2019est-ce qui r\u00e9sonne en nous quand on est fascin\u00e9\u00a0? Jeanne, la jeune fille interpr\u00e9t\u00e9e par Clara Pacini, est aimant\u00e9e par Cristina, cette image de star de cin\u00e9ma inaccessible. Cristina retrouve chez Jeanne celle qu\u2019elle \u00e9tait plus jeune. Qu\u2019est-ce qui nous rapproche de nous-m\u00eame dans la fascination que l\u2019on \u00e9prouve pour d\u2019autres, et qu\u2019est-ce qui au contraire peut nous en \u00e9loigner\u00a0? Le film raconte la lib\u00e9ration d\u2019une emprise, \u00e7a aussi \u00e7a me plaisait.<\/p>\n<blockquote class=\"fig-quote&#10;    \">\n<p class=\"fig-quote__text\">J\u2019ai beaucoup aim\u00e9 aussi que le film questionne la th\u00e9matique de la fascination\u00a0: qu\u2019est-ce qui r\u00e9sonne en nous quand on est fascin\u00e9\u00a0?<\/p>\n<p>            Marion Cotillard\n    <\/p><\/blockquote>\n<p class=\"fig-paragraph\"><strong>Beaucoup d\u2019acteurs disent la difficult\u00e9 de jouer la violence, est-ce que \u00e7a a \u00e9t\u00e9 compliqu\u00e9 pour vous\u00a0?\u00a0<\/strong><br \/>Oui, aller chercher \u00e7a en soi, c\u2019est particulier. D\u2019autant que j\u2019ai l\u2019impression, dans ma vie, d\u2019avoir suffisamment visit\u00e9 mes traumatismes pour ne pas ressentir ce besoin de faire du mal aux autres. Une personne qui fait du mal, c\u2019est quelqu\u2019un qui n\u2019a pas surmont\u00e9 ses peurs, ses col\u00e8res, ses frustrations. Quand des\u00a0<a href=\"http:\/\/madame.lefigaro.fr\/celebrites\/culture\/neige-sinno-je-souffre-toujours-des-memes-traumatismes-mais-j-ai-la-confirmation-que-je-ne-suis-pas-seule-20250304\" target=\"_blank\" data-fig-type=\"Article\" rel=\"noopener\" data-gtm-custom-categorie=\"navigation\" data-gtm-custom-action=\"crossclick\" data-gtm-custom-label=\"Contextuel\" data-gtm-event=\"customEventSPE\" data-fig-domain=\"MADAME\">traumatismes\u00a0<\/a>vous construisent une personnalit\u00e9 enferm\u00e9e dans la col\u00e8re, on peut chercher \u00e0 blesser les autres, parce qu\u2019on pense que sortir le mal de soi et le d\u00e9poser sur quelqu\u2019un va nous en lib\u00e9rer. \u00c9videmment, c\u2019est illusoire. Et c\u2019est d\u00e9stabilisant \u00e0 jouer, car je suis convaincue du contraire\u00a0: la seule fa\u00e7on de se lib\u00e9rer du mal est d\u2019y faire face seule, avec soi-m\u00eame.<\/p>\n<p class=\"fig-paragraph\"><strong>Vous, \u00eates-vous parvenue \u00e0 cette lib\u00e9ration\u00a0?\u00a0<\/strong><br \/>Je suis en chemin, Madame. (Elle rit.) Mais on n\u2019est pas encore arriv\u00e9 \u00e0 destination. J\u2019ai fait de\u00a0<a href=\"https:\/\/madame.lefigaro.fr\/bien-etre\/emdr-une-methode-rapide-mouvements-yeux-pour-guerir-de-son-passe-traumatismes-291118-162327\" target=\"_blank\" data-fig-type=\"Article\" rel=\"noopener\" data-gtm-custom-categorie=\"navigation\" data-gtm-custom-action=\"crossclick\" data-gtm-custom-label=\"Contextuel\" data-gtm-event=\"customEventSPE\" data-fig-domain=\"MADAME\">l\u2019EMDR\u00a0<\/a>(Eye Movement Desensitization and Reprocessing, th\u00e9rapie qui vise \u00e0 gu\u00e9rir les traumatismes psychiques, NDLR), mais \u00e7a, c\u2019est plut\u00f4t les gros travaux. J\u2019ai aussi commenc\u00e9 un travail, pas encore approfondi, sur la m\u00e9moire cellulaire, la fa\u00e7on dont les traumatismes se transmettent de g\u00e9n\u00e9ration en g\u00e9n\u00e9ration. C\u2019est une chose \u00e0 laquelle je vais m\u2019atteler dans un avenir proche.<\/p>\n<p class=\"fig-paragraph\"><strong>Votre m\u00e8re, qui a \u00e9t\u00e9 battue par son p\u00e8re, vous a encourag\u00e9e \u00e0 faire ce chemin\u00a0?\u00a0<\/strong><br \/>Oui, ma m\u00e8re explore beaucoup. Et c\u2019est vrai que j\u2019ai toujours voulu faire un arbre g\u00e9n\u00e9alogique, sans jamais me lancer. Je poss\u00e8de des carnets dans lesquels je r\u00e9dige des listes de choses \u00e0 faire, et depuis des ann\u00e9es, j\u2019\u00e9cris, sur le prochain carnet\u00a0: \u00abFaire l\u2019arbre g\u00e9n\u00e9alogique.\u00bb Je ne le fais toujours pas, peut-\u00eatre que je ne suis pas pr\u00eate, et que quand ce sera vraiment un besoin vital, \u00e7a viendra\u2026<\/p>\n<p class=\"fig-body-link&#10;    \">\n            \u00c0 lire aussi<br \/>\n        <a class=\"fig-body-link__link\" href=\"http:\/\/madame.lefigaro.fr\/celebrites\/actu-people\/le-selfie-de-marion-cotillard-avec-ses-nouvelles-amies-jennifer-aniston-et-reese-witherspoon-20250530\" data-fig-type=\"Article\" data-gtm-custom-categorie=\"navigation\" data-gtm-custom-action=\"crossclick\" data-gtm-custom-label=\"Contextuel\" data-gtm-event=\"customEventSPE\" data-fig-domain=\"MADAME\" target=\"_blank\" rel=\"noopener\">Le selfie de Marion Cotillard avec ses nouvelles amies Jennifer Aniston et Reese Witherspoon<\/a>\n<\/p>\n<p class=\"fig-paragraph\"><strong>Devenir com\u00e9dienne, \u00e9tait-ce aussi une fa\u00e7on d\u2019essayer de comprendre la violence du monde\u00a0?\u00a0<\/strong><br \/>Oui, j\u2019avais besoin d\u2019explorer l\u2019humain dans son rapport \u00e0 l\u2019autre. Parce qu\u2019on est un animal social et que la mani\u00e8re dont on se comporte, avec soi et avec les autres, a provoqu\u00e9 beaucoup d\u2019incompr\u00e9hension chez moi quand j\u2019\u00e9tais petite. Je pense que le moyen que j\u2019ai trouv\u00e9 d\u2019avoir des r\u00e9ponses, c\u2019est d\u2019\u00eatre\u00a0<a href=\"http:\/\/madame.lefigaro.fr\/celebrites\/actu-people\/et-soudain-marcel-14-ans-fils-de-marion-cotillard-et-guillaume-canet-apparait-a-la-finale-de-roland-garros-20250609\" target=\"_blank\" data-fig-type=\"Article\" rel=\"noopener\" data-gtm-custom-categorie=\"navigation\" data-gtm-custom-action=\"crossclick\" data-gtm-custom-label=\"Contextuel\" data-gtm-event=\"customEventSPE\" data-fig-domain=\"MADAME\">actrice\u00a0<\/a>et d\u2019exp\u00e9rimenter d\u2019autres personnalit\u00e9s que la mienne. \u00c7a a \u00e9t\u00e9, d\u00e8s le d\u00e9part, un endroit o\u00f9 je trouvais ma place, alors que je n\u2019arrivais pas \u00e0 la trouver dans la vie de tous les jours. La premi\u00e8re fois que j\u2019ai jou\u00e9, en colonie de vacances, nous donnions un spectacle o\u00f9 j\u2019\u00e9tais une concierge d\u2019immeuble. J\u2019ai \u00e9t\u00e9 transport\u00e9e. Et j\u2019ai vu l\u2019effet sur les autres, ce que \u00e7a a provoqu\u00e9 comme reconnaissance\u2026 Alors que j\u2019\u00e9tais une enfant plut\u00f4t sur le c\u00f4t\u00e9, qui n\u2019\u00e9tait pas regard\u00e9e comme quelqu\u2019un de cool, ni d\u2019int\u00e9ressant, ni de sympa m\u00eame. L\u00e0, la connexion cr\u00e9\u00e9e avec les autres, \u00e7a a \u00e9t\u00e9 un vrai tournant.<\/p>\n<p>                                    <a class=\"fig-a11y-skip a11y-hidden\" href=\"#fig-a11y-skip-main-inarticle_mtf\"><br \/>\n        Passer la publicit\u00e9<br \/>\n    <\/a><\/p>\n<p class=\"fig-paragraph\"><strong>Cette recherche de reconnaissance, votre m\u00e9tier l\u2019a combl\u00e9e\u00a0?\u00a0<\/strong><br \/>Non, et c\u2019est tr\u00e8s curieux de constater que toute la reconnaissance que j\u2019ai pu recevoir n\u2019a pas apais\u00e9 mon besoin. Je me suis rendu compte que, finalement, la forme de reconnaissance qui gu\u00e9rit cette pathologie \u2013\u00a0parce que c\u2019est une pathologie\u00a0\u2013 est celle que l\u2019on s\u2019accorde \u00e0 soi-m\u00eame. J\u2019ai compris que tant que je ne me la donnerais pas, \u00e7a ne se calmerait pas.<\/p>\n<p class=\"fig-paragraph\"><strong>Vos parents, tous deux com\u00e9diens et metteurs en sc\u00e8ne, vous ont-ils encourag\u00e9e dans votre vocation\u00a0?\u00a0<\/strong><br \/>Pas sp\u00e9cialement, mes parents voulaient juste que je sois heureuse. Mais c\u2019est s\u00fbr qu\u2019\u00e0 la maison, dans la famille, j\u2019\u00e9tais aim\u00e9e, soutenue, regard\u00e9e. Le sentiment de ne pas \u00eatre vue, c\u2019\u00e9tait \u00e0 l\u2019\u00e9cole, dans les rapports sociaux. Mes parents ont toujours accord\u00e9 une grande\u00a0<a href=\"http:\/\/madame.lefigaro.fr\/bien-etre\/psycho\/ces-3-criteres-qui-nous-indiquent-a-qui-l-on-peut-faire-confiance-20240801\" target=\"_blank\" data-fig-type=\"Article\" rel=\"noopener\" data-gtm-custom-categorie=\"navigation\" data-gtm-custom-action=\"crossclick\" data-gtm-custom-label=\"Contextuel\" data-gtm-event=\"customEventSPE\" data-fig-domain=\"MADAME\">confiance\u00a0<\/a>\u00e0 mes fr\u00e8res et \u00e0 moi, et \u00e7a a \u00e9t\u00e9 tr\u00e8s fondateur. M\u00eame si, ensuite, \u00eatre confront\u00e9e \u00e0 un monde ext\u00e9rieur si diff\u00e9rent de ma cellule familiale a \u00e9t\u00e9 d\u00e9stabilisant. J\u2019avais les parents que tout le monde voulait avoir. On avait une libert\u00e9 magnifique.<\/p>\n<blockquote class=\"fig-quote&#10;    \">\n<p class=\"fig-quote__text\">Mes parents ont toujours accord\u00e9 une grande confiance \u00e0 mes fr\u00e8res et \u00e0 moi, et \u00e7a a \u00e9t\u00e9 tr\u00e8s fondateur<\/p>\n<p>            Marion Cotillard\n    <\/p><\/blockquote>\n<p class=\"fig-paragraph\"><strong>En tant que m\u00e8re aujourd\u2019hui (<\/strong><strong>d\u2019un gar\u00e7on de 14\u00a0ans et d\u2019une fille de 8\u00a0ans, NDLR<\/strong> <strong>), transmettez-vous cette libert\u00e9 \u00e0 vos enfants\u00a0?\u00a0<\/strong><br \/>Alors, euh\u2026 (Elle sourit.) Un peu. Mais plus contenue. Parce que chez mes parents, par exemple, on pouvait dessiner sur tous les murs de l\u2019appartement. On avait nos copains de l\u2019immeuble \u2013\u00a0on habitait en cit\u00e9, dans une tour de dix-huit \u00e9tages\u00a0\u2013 qui venaient dessiner chez nous sur les murs. C\u2019\u00e9tait quelque chose que j\u2019adorais et, \u00e9videmment, j\u2019avais envie d\u2019offrir \u00e7a \u00e0 mes enfants. Donc chez nous, ils peuvent dessiner sur les murs de leur chambre, et \u00e0 l\u2019int\u00e9rieur des placards dans le reste de la maison\u2026<\/p>\n<p class=\"fig-paragraph\"><strong>Votre autre actualit\u00e9, c\u2019est votre arriv\u00e9e dans la saison\u00a04 de <\/strong><strong>The Morning Show. <\/strong><strong>Tourner une s\u00e9rie am\u00e9ricaine, vous avez appr\u00e9ci\u00e9\u00a0?\u00a0<\/strong><br \/>Oui, parce que j\u2019aime les nouvelles exp\u00e9riences, plonger dans l\u2019inconnu. J\u2019ai l\u2019habitude de faire un gros travail de pr\u00e9paration pour mes personnages, de savoir d\u2019o\u00f9 ils partent et o\u00f9 ils vont\u2026 Or l\u00e0, on a d\u00fb commencer le\u00a0<a href=\"http:\/\/madame.lefigaro.fr\/celebrites\/les-chevelures-rousses-des-enfants-du-prince-harry-apercues-sur-le-tournage-de-la-serie-de-meghan-markle-20250903\" target=\"_blank\" data-fig-type=\"Article\" rel=\"noopener\" data-gtm-custom-categorie=\"navigation\" data-gtm-custom-action=\"crossclick\" data-gtm-custom-label=\"Contextuel\" data-gtm-event=\"customEventSPE\" data-fig-domain=\"MADAME\">tournage\u00a0<\/a>en ayant seulement lu quatre \u00e9pisodes sur les dix, ne sachant pas du tout ce qui allait se passer dans les six autres\u2026 Avec parfois, en arrivant le matin sur le plateau, des r\u00e9pliques qui avaient chang\u00e9\u2026 \u00c0 un rythme tr\u00e8s soutenu, dans une langue qui n\u2019est pas ma langue maternelle. \u00c7a a test\u00e9 ma capacit\u00e9 d\u2019adaptation. Jusqu\u2019\u00e0 la rupture. \u00c7a m\u2019a fait flancher.<\/p>\n<p class=\"fig-paragraph\"><strong>Que voulez-vous dire par \u00abflancher\u00bb\u00a0?\u00a0<\/strong><br \/>Il y a une r\u00e9plique que, je crois, je n\u2019ai jamais r\u00e9ussi \u00e0 dire. Dans un contexte o\u00f9 j\u2019\u00e9tais face \u00e0 trois cents figurants. C\u2019\u00e9tait carr\u00e9ment\u2026 c\u2019est humiliant. Je ne l\u2019avais jamais v\u00e9cu de ma vie. Je suis tomb\u00e9e du v\u00e9lo plusieurs fois. Il a fallu que je me rel\u00e8ve. Je ne sais pas si je vais r\u00e9ussir \u00e0 regarder la s\u00e9rie tellement j\u2019ai peur.<\/p>\n<p>                                    <a class=\"fig-a11y-skip a11y-hidden\" href=\"#fig-a11y-skip-main-inarticle_btf\"><br \/>\n        Passer la publicit\u00e9<br \/>\n    <\/a><\/p>\n<p class=\"fig-paragraph\"><strong>Vous avez peur de vous voir \u00e0 l\u2019\u00e9cran\u00a0?\u00a0<\/strong><br \/>Oui. Je pense que dans ce m\u00e9tier, c\u2019est une des choses les plus difficiles. Il y a des acteurs qui ne regardent jamais leur travail. Je me suis demand\u00e9 si ce n\u2019\u00e9tait pas ce que j\u2019allais finir par faire car franchement\u2026 je les comprends. Jusqu\u2019ici, j\u2019ai toujours voulu voir les films par respect pour les r\u00e9alisatrices et r\u00e9alisateurs avec qui je travaille, mais je ne jugerai jamais ceux qui ne le font pas, je sais \u00e0 quel point \u00e7a peut \u00eatre douloureux de d\u00e9couvrir une chose sur laquelle on n\u2019a plus aucun pouvoir. Et qu\u2019on a faite il y a un an.<\/p>\n<blockquote class=\"fig-quote&#10;    \">\n<p class=\"fig-quote__text\">Se regarder \u00e0 l\u2019\u00e9cran\u00a0? C\u2019est une des choses les plus difficiles<\/p>\n<p>            Marion Cotillard\n    <\/p><\/blockquote>\n<p class=\"fig-paragraph\"><strong>Le temps qui passe est-il une chose angoissante\u00a0?<\/strong>\u00a0<br \/>\u00c9videmment. Et puis \u00e7a n\u2019existe pas, dans la vraie vie, de se voir en si gros plan. De s\u2019observer\u00a0<a href=\"http:\/\/madame.lefigaro.fr\/bien-etre\/vieillir-en-bonne-sante-le-cafe-l-allie-inattendu-des-femmes-apres-45-ans-20250606\" target=\"_blank\" data-fig-type=\"Article\" rel=\"noopener\" data-gtm-custom-categorie=\"navigation\" data-gtm-custom-action=\"crossclick\" data-gtm-custom-label=\"Contextuel\" data-gtm-event=\"customEventSPE\" data-fig-domain=\"MADAME\">vieillir<\/a>, d\u2019observer cette \u00e9volution, cutan\u00e9e, hein, parce que c\u2019est quand m\u00eame de cela qu\u2019il s\u2019agit. (Elle rit.) J\u2019aimerais faire partie de ces actrices qui n\u2019ont aucun probl\u00e8me avec \u00e7a, h\u00e9las \u00e7a n\u2019est pas quelque chose que j\u2019appr\u00e9cie pleinement.<\/p>\n<p class=\"fig-paragraph\"><strong>Le 21 octobre va sortir <\/strong><strong>Karma, <\/strong><strong>le sixi\u00e8me film r\u00e9alis\u00e9 par Guillaume Canet dans lequel vous jouez\u2026\u00a0<\/strong><br \/>Le sixi\u00e8me, d\u00e9j\u00e0\u00a0?! Je n\u2019aurais pas cru tant. Mais oui, on aime travailler ensemble. C\u2019est un r\u00e9alisateur exceptionnel et un tr\u00e8s grand directeur d\u2019acteurs. Sans doute car il est acteur lui-m\u00eame, qu\u2019il conna\u00eet l\u2019exp\u00e9rience de l\u2019int\u00e9rieur. Il m\u2019a offert un r\u00f4le dans un film qui, je pense, va \u00eatre sublime et il a r\u00e9alis\u00e9 un de mes plus grands r\u00eaves\u00a0: tourner avec\u00a0<a href=\"http:\/\/madame.lefigaro.fr\/celebrites\/cinema\/marina-fois-et-denis-menochet-terrorises-par-leurs-voisins-dans-le-sombre-thriller-espagnol-as-bestas-20220721\" target=\"_blank\" data-fig-type=\"Article\" rel=\"noopener\" data-gtm-custom-categorie=\"navigation\" data-gtm-custom-action=\"crossclick\" data-gtm-custom-label=\"Contextuel\" data-gtm-event=\"customEventSPE\" data-fig-domain=\"MADAME\">Denis M\u00e9nochet<\/a>, la cr\u00e8me de la cr\u00e8me des acteurs.<\/p>\n<p class=\"fig-paragraph\"><strong>Le fait d\u2019avoir un lien intime, hors plateau, il faut en faire abstraction ou bien \u00e7a nourrit la cr\u00e9ation\u00a0?\u00a0<\/strong><br \/>Je ne sais pas, on ne se pose pas la question. Je sais qu\u2019il aime mon travail. Et moi, j\u2019adore \u00eatre dirig\u00e9e par lui, j\u2019ai une admiration sans bornes pour lui en tant que r\u00e9alisateur. Donc, \u00e7a suffit \u00e0 ce que cela fonctionne.\u00a0<br \/>La Tour de glace, de Lucile Had\u017eihalilovi\u0107. Sortie le 17\u00a0septembre. The Morning Show, saison 4, \u00e0 partir du 17\u00a0septembre sur Apple TV+.<\/p>\n","protected":false},"excerpt":{"rendered":"INTERVIEW &#8211; Souveraine dans La Tour de glace, intense dans la saison 4 de The Morning Show, la&hellip;\n","protected":false},"author":2,"featured_media":383693,"comment_status":"","ping_status":"","sticky":false,"template":"","format":"standard","meta":{"footnotes":""},"categories":[1359],"tags":[1890,36436,58,59,1011,27,2173,34774,973,18830],"class_list":{"0":"post-383692","1":"post","2":"type-post","3":"status-publish","4":"format-standard","5":"has-post-thumbnail","7":"category-people","8":"tag-chanel","9":"tag-cover-story","10":"tag-divertissement","11":"tag-entertainment","12":"tag-fr","13":"tag-france","14":"tag-interview","15":"tag-marion-cotillard","16":"tag-people","17":"tag-tendances"},"share_on_mastodon":{"url":"https:\/\/pubeurope.com\/@fr\/115187720111116182","error":""},"_links":{"self":[{"href":"https:\/\/www.europesays.com\/fr\/wp-json\/wp\/v2\/posts\/383692","targetHints":{"allow":["GET"]}}],"collection":[{"href":"https:\/\/www.europesays.com\/fr\/wp-json\/wp\/v2\/posts"}],"about":[{"href":"https:\/\/www.europesays.com\/fr\/wp-json\/wp\/v2\/types\/post"}],"author":[{"embeddable":true,"href":"https:\/\/www.europesays.com\/fr\/wp-json\/wp\/v2\/users\/2"}],"replies":[{"embeddable":true,"href":"https:\/\/www.europesays.com\/fr\/wp-json\/wp\/v2\/comments?post=383692"}],"version-history":[{"count":0,"href":"https:\/\/www.europesays.com\/fr\/wp-json\/wp\/v2\/posts\/383692\/revisions"}],"wp:featuredmedia":[{"embeddable":true,"href":"https:\/\/www.europesays.com\/fr\/wp-json\/wp\/v2\/media\/383693"}],"wp:attachment":[{"href":"https:\/\/www.europesays.com\/fr\/wp-json\/wp\/v2\/media?parent=383692"}],"wp:term":[{"taxonomy":"category","embeddable":true,"href":"https:\/\/www.europesays.com\/fr\/wp-json\/wp\/v2\/categories?post=383692"},{"taxonomy":"post_tag","embeddable":true,"href":"https:\/\/www.europesays.com\/fr\/wp-json\/wp\/v2\/tags?post=383692"}],"curies":[{"name":"wp","href":"https:\/\/api.w.org\/{rel}","templated":true}]}}