{"id":383695,"date":"2025-09-11T21:12:20","date_gmt":"2025-09-11T21:12:20","guid":{"rendered":"https:\/\/www.europesays.com\/fr\/383695\/"},"modified":"2025-09-11T21:12:20","modified_gmt":"2025-09-11T21:12:20","slug":"ils-appellent-ca-lamour-de-chloe-delaume-pour-que-la-honte-change-de-temps-liberation","status":"publish","type":"post","link":"https:\/\/www.europesays.com\/fr\/383695\/","title":{"rendered":"\u00abIls appellent \u00e7a l\u2019amour\u00bb de Chlo\u00e9 Delaume, pour que la honte change de temps \u2013 Lib\u00e9ration"},"content":{"rendered":"<p>Le livre sur la place<\/p>\n<p class=\"sc-cPiKLX sc-bJBgwP faNIPg dnqATq content-text-framed\" color=\"#1A1A1A\">Critiques, interviews, s\u00e9lection&#8230; \u00abLib\u00e9\u00bb vous guide dans les all\u00e9es de la 47e \u00e9dition du Salon du livre de Nancy, grand rendez-vous de la rentr\u00e9e litt\u00e9raire, qui se tient du 12 au 14 septembre.<\/p>\n<p class=\"sc-cPiKLX AiZTS text-element\">Clotilde M\u00e9lisse, le double romanesque de <a href=\"https:\/\/www.liberation.fr\/portraits\/chloe-delaume-la-fee-cabossee-20230827_MXSIHHGB4NCCNKQEWWBL5D4U5Q\/\" target=\"_blank\" rel=\"noopener\" title=\"https:\/\/www.liberation.fr\/portraits\/chloe-delaume-la-fee-cabossee-20230827_MXSIHHGB4NCCNKQEWWBL5D4U5Q\/\">Chlo\u00e9 Delaume<\/a>, tra\u00eene sa valise \u00e0 roulettes sur les pav\u00e9s comme on porte sa chim\u00e8re. La voil\u00e0 de retour dans un paysage qu\u2019elle croyait derri\u00e8re elle. Mais le hasard fait mal les choses, ou alors il n\u2019y a pas de hasard (surtout pas dans les romans) : pour le week-end de la Toussaint, ses copines (Ad\u00e9la\u00efde, B\u00e9rang\u00e8re, Judith, Hermeline, on les suit depuis <a href=\"https:\/\/www.liberation.fr\/livres\/2020\/11\/13\/par-ici-la-sortie_1805505\/\" target=\"_blank\" rel=\"noopener\" title=\"https:\/\/www.liberation.fr\/livres\/2020\/11\/13\/par-ici-la-sortie_1805505\/\">le C\u0153ur synth\u00e9tique<\/a>) ont lou\u00e9 une maison non loin de l\u00e0 o\u00f9 Clotilde a v\u00e9cu avec un ex (\u00abMonsieur\u00bb, il ne sera d\u00e9sign\u00e9 que comme tel). Un peu plus et nous pourrions \u00eatre au rayon \u00abchick lit\u00bb, sauf que nous sommes chez l\u2019exploratrice Delaume : m\u00eame dans un versant plus volontiers accrocheur de son \u0153uvre, il y a sous la surface toujours mati\u00e8re \u00e0 l\u2019exp\u00e9rimentation. Une fois install\u00e9e, Clotilde se regarde dans le miroir. \u00abElle avait jusqu\u2019ici r\u00e9ussi \u00e0 le camoufler, au point de l\u2019oublier \u00e0 force de se farder en m\u00e9langeant le pl\u00e2tre et la poudre de riz. Maintenant qu\u2019elle est \u00e0 nu, elle l\u2019admet : plus de visage. Comment c\u2019est arriv\u00e9 ?\u00bb <\/p>\n","protected":false},"excerpt":{"rendered":"Le livre sur la place Critiques, interviews, s\u00e9lection&#8230; \u00abLib\u00e9\u00bb vous guide dans les all\u00e9es de la 47e \u00e9dition&hellip;\n","protected":false},"author":2,"featured_media":383696,"comment_status":"","ping_status":"","sticky":false,"template":"","format":"standard","meta":{"footnotes":""},"categories":[1357],"tags":[1379,58,59,1011,27,1380,798,797],"class_list":{"0":"post-383695","1":"post","2":"type-post","3":"status-publish","4":"format-standard","5":"has-post-thumbnail","7":"category-livres","8":"tag-books","9":"tag-divertissement","10":"tag-entertainment","11":"tag-fr","12":"tag-france","13":"tag-livres","14":"tag-violences-conjugales","15":"tag-violences-faites-aux-femmes"},"share_on_mastodon":{"url":"https:\/\/pubeurope.com\/@fr\/115187727941806389","error":""},"_links":{"self":[{"href":"https:\/\/www.europesays.com\/fr\/wp-json\/wp\/v2\/posts\/383695","targetHints":{"allow":["GET"]}}],"collection":[{"href":"https:\/\/www.europesays.com\/fr\/wp-json\/wp\/v2\/posts"}],"about":[{"href":"https:\/\/www.europesays.com\/fr\/wp-json\/wp\/v2\/types\/post"}],"author":[{"embeddable":true,"href":"https:\/\/www.europesays.com\/fr\/wp-json\/wp\/v2\/users\/2"}],"replies":[{"embeddable":true,"href":"https:\/\/www.europesays.com\/fr\/wp-json\/wp\/v2\/comments?post=383695"}],"version-history":[{"count":0,"href":"https:\/\/www.europesays.com\/fr\/wp-json\/wp\/v2\/posts\/383695\/revisions"}],"wp:featuredmedia":[{"embeddable":true,"href":"https:\/\/www.europesays.com\/fr\/wp-json\/wp\/v2\/media\/383696"}],"wp:attachment":[{"href":"https:\/\/www.europesays.com\/fr\/wp-json\/wp\/v2\/media?parent=383695"}],"wp:term":[{"taxonomy":"category","embeddable":true,"href":"https:\/\/www.europesays.com\/fr\/wp-json\/wp\/v2\/categories?post=383695"},{"taxonomy":"post_tag","embeddable":true,"href":"https:\/\/www.europesays.com\/fr\/wp-json\/wp\/v2\/tags?post=383695"}],"curies":[{"name":"wp","href":"https:\/\/api.w.org\/{rel}","templated":true}]}}