{"id":383697,"date":"2025-09-11T21:13:20","date_gmt":"2025-09-11T21:13:20","guid":{"rendered":"https:\/\/www.europesays.com\/fr\/383697\/"},"modified":"2025-09-11T21:13:20","modified_gmt":"2025-09-11T21:13:20","slug":"cyril-hanouna-se-desole-des-depenses-publiques-en-france","status":"publish","type":"post","link":"https:\/\/www.europesays.com\/fr\/383697\/","title":{"rendered":"Cyril Hanouna se d\u00e9sole des d\u00e9penses publiques en France"},"content":{"rendered":"<p>    Cyril Hanouna dans \u00abTBT9\u00bb<br \/>\n                Capture \u00e9cran W9<\/p>\n<p>L\u2019animateur de \u00abTout beau tout n9uf\u00bb estime que l\u2019argent est mal d\u00e9pens\u00e9 par l\u2019\u00c9tat tout en affirmant n\u2019avoir \u00abaucun probl\u00e8me\u00bb \u00e0 redistribuer ses revenus.<\/p>\n<p class=\"fig-paragraph\">\u00abJe suis pour donner et payer le maximum d\u2019imp\u00f4t\u00bb, d\u00e9clare avec conviction\u00a0<a href=\"http:\/\/tvmag.lefigaro.fr\/programme-tv\/audiences-tv\/audiences-cyril-hanouna-en-difficulte-avec-tout-beau-tout-n9uf-face-a-quotidien-20250910\" target=\"_blank\" data-fig-type=\"Article\" rel=\"noopener\" data-gtm-custom-categorie=\"navigation\" data-gtm-custom-action=\"crossclick\" data-gtm-custom-label=\"Contextuel\" data-gtm-event=\"customEventSPE\" data-fig-domain=\"TVMAG\">Cyril Hanouna<\/a>\u00a0ce jeudi 11 septembre sur W9. Au sommaire de son talk-show ce soir, la possible taxation des ultrariches comme elle est pr\u00f4n\u00e9e par l\u2019\u00e9conomiste\u00a0<a href=\"http:\/\/www.lefigaro.fr\/conjoncture\/taxe-sur-les-grandes-fortunes-les-calculs-de-gabriel-zucman-remis-en-cause-par-ses-pairs-20250617\" target=\"_blank\" data-fig-type=\"Article\" rel=\"noopener\" data-gtm-custom-categorie=\"navigation\" data-gtm-custom-action=\"crossclick\" data-gtm-custom-label=\"Contextuel\" data-gtm-event=\"customEventSPE\" data-fig-domain=\"LEFIGARO\">Gabriel Zucman<\/a>. Le sujet d\u00e9cha\u00eene les passions sur le plateau de W9, pourtant celui qui reste le plus calme, c\u2019est bien l\u2019animateur de \u00abTBT9\u00bb.<\/p>\n<p class=\"fig-paragraph\">\u00abJe n\u2019ai aucun probl\u00e8me avec \u00e7a, je paie \u00e9norm\u00e9ment d\u2019imp\u00f4ts depuis des ann\u00e9es. Le seul truc qui me d\u00e9range quand je paie des imp\u00f4ts c\u2019est que je n\u2019ai pas envie de voir des gens dans la rue\u00bb, pr\u00e9cise l\u2019animateur avant d\u2019\u00e9num\u00e9rer \u00e0 ses yeux les dysfonctionnements de la soci\u00e9t\u00e9 fran\u00e7aise\u00a0: \u00abJe n\u2019ai pas envie de voir des policiers avec des voitures de 1995, des h\u00f4pitaux o\u00f9 il n\u2019y a pas une infirmi\u00e8re qui est heureuse et qui me dit \u201con est en sous-effectif\u201d ou des pompiers qui me disent \u201con ne peut pas travailler\u201d.\u00bb<\/p>\n<p>                                    <a class=\"fig-a11y-skip a11y-hidden\" href=\"#fig-a11y-skip-main-inarticle\"><br \/>\n        Passer la publicit\u00e9<br \/>\n    <\/a><\/p>\n<p class=\"fig-paragraph\">Cyril Hanouna poursuit son plaidoyer. \u00abLe probl\u00e8me c\u2019est qu\u2019aujourd\u2019hui, tu paies des imp\u00f4ts et \u00e7a sert \u00e0 rembourser la dette qui est creus\u00e9e de plus en plus\u00bb, explique l\u2019animateur qui estime \u00abavoir la chance d\u2019\u00eatre privil\u00e9gi\u00e9\u00bb. \u00abQuand on r\u00e9ussit, j\u2019ai envie que \u00e7a serve \u00e0 aider les autres\u00bb, assure-t-il. \u00abMais aujourd\u2019hui, on ne voit pas ce qu\u2019ils en font\u00bb, regrette en guise de conclusion Cyril Hanouna.<\/p>\n<p>Une signature m\u00e9diatique<\/p>\n<p class=\"fig-paragraph\">Le trublion a fait de son statut de porte-parole du peuple une v\u00e9ritable\u00a0<a href=\"http:\/\/tvmag.lefigaro.fr\/programme-tv\/actu-tele\/candidature-de-cyril-hanouna-a-la-presidentielle-peut-on-vraiment-y-croire-20250428\" target=\"_blank\" data-fig-type=\"Article\" rel=\"noopener\" data-gtm-custom-categorie=\"navigation\" data-gtm-custom-action=\"crossclick\" data-gtm-custom-label=\"Contextuel\" data-gtm-event=\"customEventSPE\" data-fig-domain=\"TVMAG\">signature m\u00e9diatique<\/a>. \u00ab\u00c0 chaque fois qu\u2019on a pris le parti du peuple, on a d\u00e9rang\u00e9 et on le prend pratiquement tout le temps\u00bb, avait-il constat\u00e9 sur le plateau de \u00abTPMP\u00bb, sur feu la cha\u00eene C8, en f\u00e9vrier dernier.<\/p>\n<p class=\"fig-paragraph\">Suite aux rumeurs sur sa candidature aux prochaines \u00e9lections pr\u00e9sidentielles, \u00e9mises au printemps et depuis d\u00e9menties, Cyril Hanouna s\u2019\u00e9tait m\u00eame amus\u00e9 \u00e0 constituer un programme.\u00a0\u00abIl faut vraiment que le prochain pr\u00e9sident remette de l\u2019argent dans les poches des Fran\u00e7ais\u00bb, avait-il r\u00e9sum\u00e9 en \u00e9voquant quelques mesures\u00a0: r\u00e9duction des charges patronales, renforcement du pouvoir des maires, salaire minimal entre 2200 et 2300 euros par mois \u00abpour ceux qui travaillent\u00bb, et encore suppression de l\u2019imp\u00f4t sur la fortune immobili\u00e8re au profit de la cr\u00e9ation d\u2019un \u00abimp\u00f4t sur l\u2019immobilier solidaire\u00bb. C\u2019est-\u00e0-dire \u00abencourager les propri\u00e9taires \u00e0 investir dans des logements destin\u00e9s au SDF\u00bb.<\/p>\n","protected":false},"excerpt":{"rendered":"Cyril Hanouna dans \u00abTBT9\u00bb Capture \u00e9cran W9 L\u2019animateur de \u00abTout beau tout n9uf\u00bb estime que l\u2019argent est mal&hellip;\n","protected":false},"author":2,"featured_media":383698,"comment_status":"","ping_status":"","sticky":false,"template":"","format":"standard","meta":{"footnotes":""},"categories":[1356],"tags":[1083,58,59,1011,27,252,1364],"class_list":{"0":"post-383697","1":"post","2":"type-post","3":"status-publish","4":"format-standard","5":"has-post-thumbnail","7":"category-television","8":"tag-cyril-hanouna","9":"tag-divertissement","10":"tag-entertainment","11":"tag-fr","12":"tag-france","13":"tag-television","14":"tag-tv"},"share_on_mastodon":{"url":"https:\/\/pubeurope.com\/@fr\/115187731981040203","error":""},"_links":{"self":[{"href":"https:\/\/www.europesays.com\/fr\/wp-json\/wp\/v2\/posts\/383697","targetHints":{"allow":["GET"]}}],"collection":[{"href":"https:\/\/www.europesays.com\/fr\/wp-json\/wp\/v2\/posts"}],"about":[{"href":"https:\/\/www.europesays.com\/fr\/wp-json\/wp\/v2\/types\/post"}],"author":[{"embeddable":true,"href":"https:\/\/www.europesays.com\/fr\/wp-json\/wp\/v2\/users\/2"}],"replies":[{"embeddable":true,"href":"https:\/\/www.europesays.com\/fr\/wp-json\/wp\/v2\/comments?post=383697"}],"version-history":[{"count":0,"href":"https:\/\/www.europesays.com\/fr\/wp-json\/wp\/v2\/posts\/383697\/revisions"}],"wp:featuredmedia":[{"embeddable":true,"href":"https:\/\/www.europesays.com\/fr\/wp-json\/wp\/v2\/media\/383698"}],"wp:attachment":[{"href":"https:\/\/www.europesays.com\/fr\/wp-json\/wp\/v2\/media?parent=383697"}],"wp:term":[{"taxonomy":"category","embeddable":true,"href":"https:\/\/www.europesays.com\/fr\/wp-json\/wp\/v2\/categories?post=383697"},{"taxonomy":"post_tag","embeddable":true,"href":"https:\/\/www.europesays.com\/fr\/wp-json\/wp\/v2\/tags?post=383697"}],"curies":[{"name":"wp","href":"https:\/\/api.w.org\/{rel}","templated":true}]}}