{"id":383703,"date":"2025-09-11T21:16:10","date_gmt":"2025-09-11T21:16:10","guid":{"rendered":"https:\/\/www.europesays.com\/fr\/383703\/"},"modified":"2025-09-11T21:16:10","modified_gmt":"2025-09-11T21:16:10","slug":"vous-prenez-votre-petit-dejeuner-apres-9h-vous-perdez-des-annees-de-vie-selon-une-etude","status":"publish","type":"post","link":"https:\/\/www.europesays.com\/fr\/383703\/","title":{"rendered":"Vous prenez votre petit-d\u00e9jeuner apr\u00e8s 9h ? Vous perdez des ann\u00e9es de vie, selon une \u00e9tude"},"content":{"rendered":"<p class=\"mb-4 text-lg md:leading-8 break-words\">Les horaires de repas ne seraient pas qu&rsquo;une simple question d&rsquo;organisation quotidienne. Une \u00e9tude men\u00e9e par des chercheurs du Massachusetts General Hospital et de l&rsquo;Institut de technologie d&rsquo;Izmir, publi\u00e9e dans la revue <a data-i13n=\"cpos:1;pos:1\" href=\"https:\/\/www.nature.com\/articles\/s43856-025-01035-x\" rel=\"nofollow noopener\" target=\"_blank\" data-ylk=\"slk:Communications Medicine;cpos:1;pos:1;elm:context_link;itc:0;sec:content-canvas\" class=\"link \">Communications Medicine<\/a>, r\u00e9v\u00e8le que prendre ses repas \u00e0 des heures r\u00e9guli\u00e8res pourrait consid\u00e9rablement influencer notre long\u00e9vit\u00e9. Cette recherche, qui a suivi 3 000 adultes britanniques pendant vingt ans, \u00e9tablit un lien direct entre l&rsquo;heure du <a data-i13n=\"cpos:2;pos:1\" href=\"https:\/\/fr.news.yahoo.com\/lalerte-dun-gastro-enterologue--ces-cinq-aliments-sont-a-eviter-au-petit-dejeuner-095308627.html\" data-ylk=\"slk:petit-d\u00e9jeuner;cpos:2;pos:1;elm:context_link;itc:0;sec:content-canvas;outcm:mb_qualified_link;_E:mb_qualified_link;ct:story;\" class=\"link  yahoo-link\" target=\"_blank\" rel=\"noopener\">petit-d\u00e9jeuner<\/a> et l&rsquo;esp\u00e9rance de vie. Les participants qui retardaient leur premier repas de la journ\u00e9e pr\u00e9sentaient une mortalit\u00e9 plus \u00e9lev\u00e9e, davantage de probl\u00e8mes de sant\u00e9 comme la fatigue, les <a data-i13n=\"cpos:3;pos:1\" href=\"https:\/\/fr.news.yahoo.com\/trouble-sommeil-fait-bondir-risque-120000930.html\" data-ylk=\"slk:troubles du sommeil;cpos:3;pos:1;elm:context_link;itc:0;sec:content-canvas;outcm:mb_qualified_link;_E:mb_qualified_link;ct:story;\" class=\"link  yahoo-link\" target=\"_blank\" rel=\"noopener\">troubles du sommeil<\/a> et les sympt\u00f4mes d\u00e9pressifs. En France, o\u00f9 <a data-i13n=\"cpos:4;pos:1\" href=\"https:\/\/www.anses.fr\/sites\/default\/files\/NUT2014SA0234Ra.pdf\" rel=\"nofollow noopener\" target=\"_blank\" data-ylk=\"slk:81 % des adultes prennent syst\u00e9matiquement un petit-d\u00e9jeuner;cpos:4;pos:1;elm:context_link;itc:0;sec:content-canvas\" class=\"link \">81 % des adultes prennent syst\u00e9matiquement un petit-d\u00e9jeuner<\/a>, cette d\u00e9couverte prend une r\u00e9sonance particuli\u00e8re. La tradition fran\u00e7aise des trois repas quotidiens, avec un temps moyen de 2h11 pass\u00e9 \u00e0 table par jour, semble donc b\u00e9n\u00e9fique pour la sant\u00e9.<\/p>\n<p>Le petit-d\u00e9jeuner, un r\u00e9v\u00e9lateur de notre \u00e9tat de sant\u00e9 g\u00e9n\u00e9ral<\/p>\n<p class=\"mb-4 text-lg md:leading-8 break-words\">L&rsquo;\u00e9tude britannique met en lumi\u00e8re un ph\u00e9nom\u00e8ne jusqu&rsquo;alors peu document\u00e9 : l&rsquo;heure \u00e0 laquelle nous prenons notre petit-d\u00e9jeuner pourrait servir d&rsquo;indicateur de notre \u00e9tat de sant\u00e9 global. Les chercheurs ont observ\u00e9 que les personnes g\u00e9n\u00e9tiquement pr\u00e9dispos\u00e9es \u00e0 \u00eatre des \u00ab\u00a0couche-tard\u00a0\u00bb avaient tendance \u00e0 d\u00e9caler leurs repas, ce qui cr\u00e9\u00e9 un d\u00e9calage avec leur rythme circadien naturel. Cette d\u00e9synchronisation entre l&rsquo;horloge biologique interne et les habitudes alimentaires engendrerait des r\u00e9percussions sur la sant\u00e9 \u00e0 long terme. Le petit-d\u00e9jeuner, qui met fin au je\u00fbne nocturne et reconstitue les r\u00e9serves \u00e9nerg\u00e9tiques, doit couvrir <a data-i13n=\"cpos:5;pos:1\" href=\"https:\/\/www.proapro.fr\/article\/petit-dejeuner\" rel=\"nofollow noopener\" target=\"_blank\" data-ylk=\"slk:environ 20 \u00e0 25 % de nos besoins quotidiens;cpos:5;pos:1;elm:context_link;itc:0;sec:content-canvas\" class=\"link \">environ 20 \u00e0 25 % de nos besoins quotidiens<\/a> selon les recommandations nutritionnelles. Sa consommation r\u00e9guli\u00e8re favorise la sati\u00e9t\u00e9 matinale et limite les risques de grignotage excessif durant la journ\u00e9e. Les professionnels de sant\u00e9 pourraient d\u00e9sormais utiliser l&rsquo;horaire du petit-d\u00e9jeuner comme un marqueur simple pour \u00e9valuer les habitudes de vie de leurs patients et identifier d&rsquo;\u00e9ventuels troubles du rythme circadien.<\/p>\n<p>Les habitudes fran\u00e7aises menac\u00e9es par l&rsquo;\u00e9volution des modes de vie<\/p>\n<p class=\"mb-4 text-lg md:leading-8 break-words\">Les recommandations nutritionnelles fran\u00e7aises semblent particuli\u00e8rement adapt\u00e9es aux d\u00e9couvertes de cette \u00e9tude. Les nutritionnistes conseillent en effet de prendre le petit-d\u00e9jeuner <a data-i13n=\"cpos:6;pos:1\" href=\"https:\/\/www.leprogres.fr\/magazine-cuisine-et-vins\/2023\/06\/28\/repas-quelles-sont-les-heures-ideales-pour-manger\" rel=\"nofollow noopener\" target=\"_blank\" data-ylk=\"slk:environ une heure apr\u00e8s le r\u00e9veil;cpos:6;pos:1;elm:context_link;itc:0;sec:content-canvas\" class=\"link \">environ une heure apr\u00e8s le r\u00e9veil<\/a>, id\u00e9alement entre 6h et 9h, suivi du d\u00e9jeuner entre 12h et 13h et du d\u00eener entre 18h et 18h30. Cette structuration temporelle, avec un intervalle de 4 \u00e0 5 heures entre chaque repas, permet \u00e0 l&rsquo;organisme de mieux r\u00e9guler la prise alimentaire et d&rsquo;\u00e9viter les troubles m\u00e9taboliques. Un petit-d\u00e9jeuner \u00e9quilibr\u00e9 doit comprendre une source de prot\u00e9ines, un aliment c\u00e9r\u00e9alier, un fruit frais et une boisson, selon les recommandations. La consommation de prot\u00e9ines le matin am\u00e9liore notamment la sati\u00e9t\u00e9, les capacit\u00e9s cognitives et aide \u00e0 stabiliser l&rsquo;indice de masse corporelle. Cependant, les habitudes \u00e9voluent en France avec une hausse des encas et des prises alimentaires d\u00e9structur\u00e9es, particuli\u00e8rement en p\u00e9riode de t\u00e9l\u00e9travail, ce qui remet en question cette organisation traditionnelle, pourtant b\u00e9n\u00e9fique pour la sant\u00e9.<\/p>\n","protected":false},"excerpt":{"rendered":"Les horaires de repas ne seraient pas qu&rsquo;une simple question d&rsquo;organisation quotidienne. Une \u00e9tude men\u00e9e par des chercheurs&hellip;\n","protected":false},"author":2,"featured_media":383704,"comment_status":"","ping_status":"","sticky":false,"template":"","format":"standard","meta":{"footnotes":""},"categories":[10],"tags":[51646,7078,1011,27,72,3360,34340,7546,71],"class_list":{"0":"post-383703","1":"post","2":"type-post","3":"status-publish","4":"format-standard","5":"has-post-thumbnail","7":"category-sante","8":"tag-daniel-de-la-hoz","9":"tag-etude","10":"tag-fr","11":"tag-france","12":"tag-health","13":"tag-la-sante","14":"tag-petit-dejeuner","15":"tag-problemes-de-sante","16":"tag-sante"},"share_on_mastodon":{"url":"https:\/\/pubeurope.com\/@fr\/115187743724798834","error":""},"_links":{"self":[{"href":"https:\/\/www.europesays.com\/fr\/wp-json\/wp\/v2\/posts\/383703","targetHints":{"allow":["GET"]}}],"collection":[{"href":"https:\/\/www.europesays.com\/fr\/wp-json\/wp\/v2\/posts"}],"about":[{"href":"https:\/\/www.europesays.com\/fr\/wp-json\/wp\/v2\/types\/post"}],"author":[{"embeddable":true,"href":"https:\/\/www.europesays.com\/fr\/wp-json\/wp\/v2\/users\/2"}],"replies":[{"embeddable":true,"href":"https:\/\/www.europesays.com\/fr\/wp-json\/wp\/v2\/comments?post=383703"}],"version-history":[{"count":0,"href":"https:\/\/www.europesays.com\/fr\/wp-json\/wp\/v2\/posts\/383703\/revisions"}],"wp:featuredmedia":[{"embeddable":true,"href":"https:\/\/www.europesays.com\/fr\/wp-json\/wp\/v2\/media\/383704"}],"wp:attachment":[{"href":"https:\/\/www.europesays.com\/fr\/wp-json\/wp\/v2\/media?parent=383703"}],"wp:term":[{"taxonomy":"category","embeddable":true,"href":"https:\/\/www.europesays.com\/fr\/wp-json\/wp\/v2\/categories?post=383703"},{"taxonomy":"post_tag","embeddable":true,"href":"https:\/\/www.europesays.com\/fr\/wp-json\/wp\/v2\/tags?post=383703"}],"curies":[{"name":"wp","href":"https:\/\/api.w.org\/{rel}","templated":true}]}}