{"id":383705,"date":"2025-09-11T21:17:09","date_gmt":"2025-09-11T21:17:09","guid":{"rendered":"https:\/\/www.europesays.com\/fr\/383705\/"},"modified":"2025-09-11T21:17:09","modified_gmt":"2025-09-11T21:17:09","slug":"le-joueur-de-district-qui-a-sauve-la-vie-dun-adversaire","status":"publish","type":"post","link":"https:\/\/www.europesays.com\/fr\/383705\/","title":{"rendered":"le joueur de District qui a sauv\u00e9 la vie d&rsquo;un adversaire"},"content":{"rendered":"<p>Paroles de passionn\u00e9<\/p>\n<p><b>Son meilleur moment de L1\u00a0: \u00ab\u00a0Avoir vu Drogba au\u00a0Mans\u00a0\u00bb<\/b><br \/>\u00ab\u00a0C&rsquo;\u00e9tait le deuxi\u00e8me match o\u00f9 mon papa m&#8217;emmenait, un an avant j&rsquo;avais vu Ronaldinho et le PSG \u00e0 Laval (en 8e de finale de Coupe de France 2003). C&rsquo;\u00e9tait au stade L\u00e9on-Boll\u00e9e (le 14\u00a0f\u00e9vrier 2004), il y avait encore les grands grillages, j&rsquo;\u00e9tais l\u00e0 et les Marseillais sont pass\u00e9s \u00e0 5-6 m\u00e8tres de nous en faisant le tour du terrain. J&rsquo;ai vu Drogba tout pr\u00e8s, je l&rsquo;adorais, je crois que la passion de l&rsquo;OM vient de l\u00e0.\u00a0\u00bb<br \/><b>Le personnage de la Ligue\u00a01\u00a0: \u00ab\u00a0Sylvain Armand, parrain du club\u00a0\u00bb<\/b><br \/>\u00ab\u00a0Sylvain Armand \u00e9tait le parrain de notre club quand je venais d&rsquo;arriver, alors que je passais s\u00e9nior. On l&rsquo;avait rencontr\u00e9 dans des \u00e9v\u00e9nements. C&rsquo;\u00e9tait cool de voir un tel joueur. C&rsquo;\u00e9tait convivial, on discutait avec lui, il se comportait comme une personne lambda hors cadre de son m\u00e9tier pro. On pouvait discuter avec lui, il \u00e9tait facile d&rsquo;acc\u00e8s, tr\u00e8s sympa.\u00a0\u00bb<br \/><b>Son joueur pr\u00e9f\u00e9r\u00e9\u00a0? \u00ab\u00a0J&rsquo;aime bien Rabiot\u00a0\u00bb<\/b><br \/>\u00ab\u00a0Mon joueur pr\u00e9f\u00e9r\u00e9\u00a0? J&rsquo;aurais tendance \u00e0 dire Rabiot mais bon&#8230; Les copains m&rsquo;ont chambr\u00e9\u00a0: tu vois, il part de Paris, il vient chez nous et puis au final il reste quelques mois. Je trouve \u00e7a dommage de se prendre la t\u00eate dans le vestiaire alors qu&rsquo;ils ont la chance de jouer chez les pros. Malgr\u00e9 tout, j&rsquo;aime bien Rabiot. Sinon j&rsquo;ai toujours admir\u00e9 Cristiano Ronaldo pour la rivalit\u00e9 avec Messi, sa prestance sur le terrain, ses dribbles, ses frappes. J&rsquo;ai ador\u00e9 aussi Rib\u00e9ry, quand il est venu \u00e0 l&rsquo;OM j&rsquo;\u00e9tais aux anges.\u00a0\u00bb<\/p>\n","protected":false},"excerpt":{"rendered":"Paroles de passionn\u00e9 Son meilleur moment de L1\u00a0: \u00ab\u00a0Avoir vu Drogba au\u00a0Mans\u00a0\u00bb\u00ab\u00a0C&rsquo;\u00e9tait le deuxi\u00e8me match o\u00f9 mon papa&hellip;\n","protected":false},"author":2,"featured_media":383706,"comment_status":"","ping_status":"","sticky":false,"template":"","format":"standard","meta":{"footnotes":""},"categories":[9],"tags":[1011,27,60],"class_list":{"0":"post-383705","1":"post","2":"type-post","3":"status-publish","4":"format-standard","5":"has-post-thumbnail","7":"category-sports","8":"tag-fr","9":"tag-france","10":"tag-sports"},"share_on_mastodon":{"url":"https:\/\/pubeurope.com\/@fr\/115187747656722723","error":""},"_links":{"self":[{"href":"https:\/\/www.europesays.com\/fr\/wp-json\/wp\/v2\/posts\/383705","targetHints":{"allow":["GET"]}}],"collection":[{"href":"https:\/\/www.europesays.com\/fr\/wp-json\/wp\/v2\/posts"}],"about":[{"href":"https:\/\/www.europesays.com\/fr\/wp-json\/wp\/v2\/types\/post"}],"author":[{"embeddable":true,"href":"https:\/\/www.europesays.com\/fr\/wp-json\/wp\/v2\/users\/2"}],"replies":[{"embeddable":true,"href":"https:\/\/www.europesays.com\/fr\/wp-json\/wp\/v2\/comments?post=383705"}],"version-history":[{"count":0,"href":"https:\/\/www.europesays.com\/fr\/wp-json\/wp\/v2\/posts\/383705\/revisions"}],"wp:featuredmedia":[{"embeddable":true,"href":"https:\/\/www.europesays.com\/fr\/wp-json\/wp\/v2\/media\/383706"}],"wp:attachment":[{"href":"https:\/\/www.europesays.com\/fr\/wp-json\/wp\/v2\/media?parent=383705"}],"wp:term":[{"taxonomy":"category","embeddable":true,"href":"https:\/\/www.europesays.com\/fr\/wp-json\/wp\/v2\/categories?post=383705"},{"taxonomy":"post_tag","embeddable":true,"href":"https:\/\/www.europesays.com\/fr\/wp-json\/wp\/v2\/tags?post=383705"}],"curies":[{"name":"wp","href":"https:\/\/api.w.org\/{rel}","templated":true}]}}