{"id":383707,"date":"2025-09-11T21:18:10","date_gmt":"2025-09-11T21:18:10","guid":{"rendered":"https:\/\/www.europesays.com\/fr\/383707\/"},"modified":"2025-09-11T21:18:10","modified_gmt":"2025-09-11T21:18:10","slug":"apres-la-fin-de-c8-stephane-thebaut-rebondit-sur-t18-et-relance-m-comme-maison","status":"publish","type":"post","link":"https:\/\/www.europesays.com\/fr\/383707\/","title":{"rendered":"Apr\u00e8s la fin de C8, St\u00e9phane Thebaut rebondit sur T18 et relance \u00ab\u00a0M comme Maison\u00a0\u00bb"},"content":{"rendered":"<p>La suite apr\u00e8s la publicit\u00e9<\/p>\n<p>\u00ab\u00a0Mon d\u00e9part de France 5, je l&rsquo;ai v\u00e9cu comme quelque chose d&rsquo;un peu dur : du jour au lendemain, tout s&rsquo;arr\u00eate, et vous ne comprenez pas vraiment pour quelle raison, car personne ne vous appelle\u00a0\u00bb, confiait St\u00e9phane Thebaut en 2020 apr\u00e8s avoir \u00e9t\u00e9 remerci\u00e9 par le service public. Quatre ans plus tard, l&rsquo;animateur revient au premier plan. T18, la cha\u00eene lanc\u00e9e en juin par le groupe de Daniel Kretinsky, lui confie la relance de <a href=\"https:\/\/www.ozap.com\/actu\/-m-comme-maison-stephane-thebaut-la-maison-france-5-demenage-sur-c8-a-partir-du-vendredi-16-avril\/602922\" rel=\"nofollow noopener\" target=\"_blank\">\u00ab\u00a0M comme Maison\u00a0\u00bb <\/a>programme de d\u00e9coration et d&rsquo;am\u00e9nagement int\u00e9rieur.<\/p>\n<p>\u00ab\u00a0De nouveaux \u00e9pisodes in\u00e9dits en production\u00a0\u00bb<\/p>\n<p>Le magazine, qui avait vu le jour en 2021 sur C8 dans la continuit\u00e9 de \u00ab\u00a0La Maison France 5\u00a0\u00bb avait disparu de l&rsquo;antenne en juin 2023, laissant ses fid\u00e8les orphelins. Entre-temps, St\u00e9phane Thebaut avait tent\u00e9 d&rsquo;autres exp\u00e9riences, comme \u00ab\u00a0Notre for\u00eat demain\u00a0\u00bb sur C8 ou le lancement de son site \u00ab\u00a0TV Maison\u00a0\u00bb, rest\u00e9 sans suite. Mais il a continu\u00e9 d&rsquo;entretenir sa communaut\u00e9 sur YouTube et les r\u00e9seaux sociaux, \u00e0 travers des vid\u00e9os de conseils d\u00e9co et de mise en avant de marques partenaires.<\/p>\n<p>Avec T18, il entend renouer avec la formule qui a fait son succ\u00e8s : un rendez-vous hebdomadaire consacr\u00e9 \u00e0 l&rsquo;habitat, aux tendances d&rsquo;architecture et \u00e0 l&rsquo;art de vivre. La cha\u00eene promet \u00ab\u00a0de nouveaux \u00e9pisodes in\u00e9dits en production\u00a0\u00bb. Un choix strat\u00e9gique pour T18, dont la grille m\u00e9lange rediffusions, documentaires et nouvelles productions pour tenter de s&rsquo;imposer face \u00e0 la concurrence.<\/p>\n<p>En plus de St\u00e9phane Thebaut la cha\u00eene a officialis\u00e9 l&rsquo;arriv\u00e9 de deux autres \u00ab\u00a0figures embl\u00e9matiques du petit \u00e9cran\u00a0\u00bb. Julie Andrieu qui relancera \u00ab\u00a0Les Carnets de Julie\u00a0\u00bb en quotidienne, mais aussi \u00ab\u00a0Les voyages de Julie\u00a0\u00bb et 4 primes qui sont eux aussi, \u00ab\u00a0en production\u00a0\u00bb. Mais \u00e9galement Chlo\u00e9 Nabedian avec \u00ab\u00a0Un jour ailleurs\u00a0\u00bb du lundi au vendredi \u00e0 17h40, une \u00e9mission de voyage et \u00e9vasion.\u00a0<\/p>\n<p><a href=\"https:\/\/www.ozap.com\/actu\/audiences-t18-et-novo19-a-quel-niveau-se-situent-les-deux-dernieres-chaines-nees-sur-la-tnt\/651412\" rel=\"nofollow noopener\" target=\"_blank\"><strong>\u00c0 LIRE AUSSI : Audiences : T18 et NOVO19&#8230; \u00c0 quel niveau se situent les deux derni\u00e8res cha\u00eenes n\u00e9es sur la TNT ?<\/strong><\/a><\/p>\n<p>La rentr\u00e9e de la cha\u00eene a \u00e9t\u00e9 marqu\u00e9e par les d\u00e9buts de \u00ab\u00a0Chez Ruquier\u00a0\u00bb, le talk-show culturel de Laurent Ruquier, et par les premi\u00e8res mesures d&rsquo;audience de M\u00e9diam\u00e9trie. Si ses cases de journ\u00e9e peinent \u00e0 attirer plus de 80.000 t\u00e9l\u00e9spectateurs, la programmation premium a d\u00e9j\u00e0 permis quelques perc\u00e9es, comme \u00ab\u00a0Dans la brume \u00e9lectrique\u00a0\u00bb de Bertrand Tavernier avec Tommy Lee-Jones, suivi par plus de 300.000 curieux en prime.<\/p>\n","protected":false},"excerpt":{"rendered":"La suite apr\u00e8s la publicit\u00e9 \u00ab\u00a0Mon d\u00e9part de France 5, je l&rsquo;ai v\u00e9cu comme quelque chose d&rsquo;un peu&hellip;\n","protected":false},"author":2,"featured_media":383708,"comment_status":"","ping_status":"","sticky":false,"template":"","format":"standard","meta":{"footnotes":""},"categories":[8],"tags":[58,59,1011,27],"class_list":{"0":"post-383707","1":"post","2":"type-post","3":"status-publish","4":"format-standard","5":"has-post-thumbnail","7":"category-divertissement","8":"tag-divertissement","9":"tag-entertainment","10":"tag-fr","11":"tag-france"},"share_on_mastodon":{"url":"https:\/\/pubeurope.com\/@fr\/115187751974645304","error":""},"_links":{"self":[{"href":"https:\/\/www.europesays.com\/fr\/wp-json\/wp\/v2\/posts\/383707","targetHints":{"allow":["GET"]}}],"collection":[{"href":"https:\/\/www.europesays.com\/fr\/wp-json\/wp\/v2\/posts"}],"about":[{"href":"https:\/\/www.europesays.com\/fr\/wp-json\/wp\/v2\/types\/post"}],"author":[{"embeddable":true,"href":"https:\/\/www.europesays.com\/fr\/wp-json\/wp\/v2\/users\/2"}],"replies":[{"embeddable":true,"href":"https:\/\/www.europesays.com\/fr\/wp-json\/wp\/v2\/comments?post=383707"}],"version-history":[{"count":0,"href":"https:\/\/www.europesays.com\/fr\/wp-json\/wp\/v2\/posts\/383707\/revisions"}],"wp:featuredmedia":[{"embeddable":true,"href":"https:\/\/www.europesays.com\/fr\/wp-json\/wp\/v2\/media\/383708"}],"wp:attachment":[{"href":"https:\/\/www.europesays.com\/fr\/wp-json\/wp\/v2\/media?parent=383707"}],"wp:term":[{"taxonomy":"category","embeddable":true,"href":"https:\/\/www.europesays.com\/fr\/wp-json\/wp\/v2\/categories?post=383707"},{"taxonomy":"post_tag","embeddable":true,"href":"https:\/\/www.europesays.com\/fr\/wp-json\/wp\/v2\/tags?post=383707"}],"curies":[{"name":"wp","href":"https:\/\/api.w.org\/{rel}","templated":true}]}}