{"id":383713,"date":"2025-09-11T21:21:12","date_gmt":"2025-09-11T21:21:12","guid":{"rendered":"https:\/\/www.europesays.com\/fr\/383713\/"},"modified":"2025-09-11T21:21:12","modified_gmt":"2025-09-11T21:21:12","slug":"cette-declaration-de-benjamin-netanyahu-sonne-comme-menace-adressee-aux-occidentaux","status":"publish","type":"post","link":"https:\/\/www.europesays.com\/fr\/383713\/","title":{"rendered":"Cette d\u00e9claration de Benjamin Netanyahu sonne comme menace adress\u00e9e aux Occidentaux"},"content":{"rendered":"<p>        <img decoding=\"async\" loading=\"lazy\" src=\"https:\/\/www.europesays.com\/fr\/wp-content\/uploads\/2025\/08\/fa42098_upload-1-7itdat7241nx-afp-20250729-ar-250727isrpmnetanyahu403-v1-highres-israelspmbenjaminne.jpeg\"  width=\"728\" height=\"409\" alt=\"Benjamin\u00a0Netanyahu a affirm\u00e9 ce jeudi 11\u00a0septembre qu\u2019il n\u2019y aurait pas d\u2019\u00c9tat palestinien. (Photo d\u2019illustration du Premier ministre isra\u00e9lien)\"\/>  <\/p>\n<p>YOMIURI SHIMBUN \/ The Yomiuri Shimbun via AFP<\/p>\n<p>Benjamin\u00a0Netanyahu a affirm\u00e9 ce jeudi 11\u00a0septembre qu\u2019il n\u2019y aurait pas d\u2019\u00c9tat palestinien. (Photo d\u2019illustration du Premier ministre isra\u00e9lien)<\/p>\n<p class=\"asset asset-text\">INTERNATIONAL &#8211; Un avertissement aux Occidentaux qui veulent reconna\u00eetre <a href=\"https:\/\/www.huffingtonpost.fr\/international\/article\/sur-la-reconnaissance-de-l-etat-de-palestine-ces-irreductibles-n-envisagent-pas-d-imiter-la-france_254359.html\" target=\"_blank\" rel=\"noopener\">la Palestine<\/a>. Le Premier ministre isra\u00e9lien, <a href=\"https:\/\/www.huffingtonpost.fr\/international\/article\/a-gaza-ville-benjamin-netanyahu-donne-un-ultimatum-aux-habitants-et-promet-d-encore-intensifier-l-offensive_254576.html\" target=\"_blank\" rel=\"noopener\">Benjamin\u00a0Netanyahu<\/a>, a affirm\u00e9 ce jeudi 11\u00a0septembre qu\u2019il n\u2019y aurait pas d\u2019\u00c9tat palestinien, lors d\u2019une c\u00e9r\u00e9monie de signature d\u2019un important projet de <a href=\"https:\/\/www.huffingtonpost.fr\/international\/article\/la-colonie-e1-le-vaste-projet-d-israel-en-cisjordanie-pour-enterrer-tout-possible-etat-palestinien_253839.html\" target=\"_blank\" rel=\"noopener\">colonisation en Cisjordanie<\/a> occup\u00e9e.<\/p>\n<p class=\"asset asset-text\">\u00ab\u00a0Nous allons tenir notre promesse\u00a0: il n\u2019y aura pas d\u2019\u00c9tat palestinien, cet endroit nous appartient\u00a0\u00bb, a d\u00e9clar\u00e9 Benjamin\u00a0Netanyahu\u00a0lors de l\u2019\u00e9v\u00e9nement organis\u00e9 \u00e0 Maal\u00e9 Adoumim, une colonie isra\u00e9lienne situ\u00e9e juste \u00e0 l\u2019est de J\u00e9rusalem, et diffus\u00e9 en direct par ses services. \u00ab\u00a0Nous pr\u00e9serverons notre h\u00e9ritage, notre terre et notre s\u00e9curit\u00e9 (&#8230;) Nous allons doubler la population de la ville\u00a0\u00bb, a-t-il poursuivi.<\/p>\n<p class=\"asset asset-text\">Cette d\u00e9claration intervient alors que des pays occidentaux comme la France, l\u2019Australie et le Canada ont annonc\u00e9 leur intention de reconna\u00eetre un \u00c9tat de Palestine \u00e0 l\u2019Assembl\u00e9e g\u00e9n\u00e9rale de l\u2019ONU fin septembre. Londres a indiqu\u00e9 qu\u2019il en ferait de m\u00eame, sauf si Isra\u00ebl prenait une s\u00e9rie d\u2019engagements, dont celui d\u2019un cessez-le-feu dans la bande de Gaza.<\/p>\n<p>    Projet de construction E1\u00a0et appels \u00e0 l\u2019annexion de la Cisjordanie    <\/p>\n<p class=\"asset asset-text\">Ces derniers mois, plusieurs ministres isra\u00e9liens d\u2019extr\u00eame droite ont par ailleurs appel\u00e9 ouvertement \u00e0 l\u2019annexion de la Cisjordanie.<\/p>\n<p class=\"asset asset-text\">Et Isra\u00ebl a approuv\u00e9 le mois dernier un projet cl\u00e9 de construction de 3\u00a0400 logements en Cisjordanie, d\u00e9nonc\u00e9 par l\u2019ONU et plusieurs dirigeants \u00e9trangers car il devrait couper ce territoire palestinien en deux, compromettant toute continuit\u00e9 territoriale d\u2019un \u00e9ventuel \u00c9tat palestinien.<\/p>\n<p class=\"asset asset-text\">Le ministre isra\u00e9lien des Finances, Bezalel Smotrich, une figure de l\u2019extr\u00eame droite, avait appel\u00e9 \u00e0 acc\u00e9l\u00e9rer la mise en \u0153uvre de ce projet connu sous le nom de E1 et \u00e0 annexer la Cisjordanie, en riposte aux annonces de plusieurs pays de leur intention de reconna\u00eetre un \u00c9tat de Palestine.<\/p>\n<p class=\"asset asset-text\">Le secr\u00e9taire g\u00e9n\u00e9ral de l\u2019ONU Antonio Guterres avait condamn\u00e9 fermement cette d\u00e9cision, l\u2019Autorit\u00e9 palestinienne d\u00e9non\u00e7ant pour sa part une nouvelle \u00e9tape de \u00ab\u00a0l\u2019annexion progressive de la Cisjordanie\u00a0\u00bb.<\/p>\n<p class=\"asset asset-text\">Hors J\u00e9rusalem-est, occup\u00e9e et annex\u00e9e par Isra\u00ebl, quelque trois millions de Palestiniens vivent en Cisjordanie, aux c\u00f4t\u00e9s d\u2019environ 500\u00a0000 Isra\u00e9liens install\u00e9s dans des colonies que l\u2019ONU juge ill\u00e9gales au regard du droit international.<\/p>\n<p class=\"asset asset-text\">La colonisation de la Cisjordanie s\u2019est nettement intensifi\u00e9e sous l\u2019ex\u00e9cutif actuel, particuli\u00e8rement depuis le d\u00e9but de la guerre \u00e0 Gaza d\u00e9clench\u00e9e le 7\u00a0octobre\u00a02023 par l\u2019attaque sans pr\u00e9c\u00e9dent du Hamas contre Isra\u00ebl.<\/p>\n","protected":false},"excerpt":{"rendered":"YOMIURI SHIMBUN \/ The Yomiuri Shimbun via AFP Benjamin\u00a0Netanyahu a affirm\u00e9 ce jeudi 11\u00a0septembre qu\u2019il n\u2019y aurait pas&hellip;\n","protected":false},"author":2,"featured_media":305333,"comment_status":"","ping_status":"","sticky":false,"template":"","format":"standard","meta":{"footnotes":""},"categories":[5],"tags":[11,3448,2486,3259,1011,27,14,12,3518,28],"class_list":{"0":"post-383713","1":"post","2":"type-post","3":"status-publish","4":"format-standard","5":"has-post-thumbnail","7":"category-international","8":"tag-actualites","9":"tag-benjamin-netanyahou","10":"tag-cisjordanie","11":"tag-conflit-israelo-palestinien","12":"tag-fr","13":"tag-france","14":"tag-international","15":"tag-news","16":"tag-palestine","17":"tag-world"},"share_on_mastodon":{"url":"https:\/\/pubeurope.com\/@fr\/115187763452525127","error":""},"_links":{"self":[{"href":"https:\/\/www.europesays.com\/fr\/wp-json\/wp\/v2\/posts\/383713","targetHints":{"allow":["GET"]}}],"collection":[{"href":"https:\/\/www.europesays.com\/fr\/wp-json\/wp\/v2\/posts"}],"about":[{"href":"https:\/\/www.europesays.com\/fr\/wp-json\/wp\/v2\/types\/post"}],"author":[{"embeddable":true,"href":"https:\/\/www.europesays.com\/fr\/wp-json\/wp\/v2\/users\/2"}],"replies":[{"embeddable":true,"href":"https:\/\/www.europesays.com\/fr\/wp-json\/wp\/v2\/comments?post=383713"}],"version-history":[{"count":0,"href":"https:\/\/www.europesays.com\/fr\/wp-json\/wp\/v2\/posts\/383713\/revisions"}],"wp:featuredmedia":[{"embeddable":true,"href":"https:\/\/www.europesays.com\/fr\/wp-json\/wp\/v2\/media\/305333"}],"wp:attachment":[{"href":"https:\/\/www.europesays.com\/fr\/wp-json\/wp\/v2\/media?parent=383713"}],"wp:term":[{"taxonomy":"category","embeddable":true,"href":"https:\/\/www.europesays.com\/fr\/wp-json\/wp\/v2\/categories?post=383713"},{"taxonomy":"post_tag","embeddable":true,"href":"https:\/\/www.europesays.com\/fr\/wp-json\/wp\/v2\/tags?post=383713"}],"curies":[{"name":"wp","href":"https:\/\/api.w.org\/{rel}","templated":true}]}}