{"id":383714,"date":"2025-09-11T21:22:09","date_gmt":"2025-09-11T21:22:09","guid":{"rendered":"https:\/\/www.europesays.com\/fr\/383714\/"},"modified":"2025-09-11T21:22:09","modified_gmt":"2025-09-11T21:22:09","slug":"derriere-les-negociations-entre-la-droite-et-sebastien-lecornu-la-guerre-larvee-entre-bruno-retailleau-et-laurent-wauquiez-le-figaro","status":"publish","type":"post","link":"https:\/\/www.europesays.com\/fr\/383714\/","title":{"rendered":"Derri\u00e8re les n\u00e9gociations entre la droite et S\u00e9bastien Lecornu, la guerre larv\u00e9e entre Bruno Retailleau et Laurent Wauquiez &#8211; Le Figaro"},"content":{"rendered":"<ol>\n<li><a href=\"https:\/\/news.google.com\/rss\/articles\/CBMi-AFBVV95cUxQYlZjcVJnWWtwTzQwdzNKZ1B4OFZNc1lFNHZfTlRDRktzdHVESWtJcU5vUThhSHdndmJycGd1VllnWGtsYUh3YUxOVFJBc29tNzZkU2UzRW1OODE4T0NZUkM3YXg4UWN2dFFCYWRTQ2hlNnhJS3MzM19fbFoxSHcxQXNlOGo2VWxra1FjNVA2RjFKOHFYb2RWWXdmeUR0SlV6dk5tTVFKWThRUmtyNmE5UjBXYW5QMHY1MzJ5VXZTcVBSZ2RTdmdKelZlM2lyQ3BtZ1ZNM09YU3p2ZTdWOWVCODVpOHN5ODJrazl0emRLckhtYkNzcFc4YQ?oc=5\" target=\"_blank\" rel=\"nofollow noopener\">Derri\u00e8re les n\u00e9gociations entre la droite et S\u00e9bastien Lecornu, la guerre larv\u00e9e entre Bruno Retailleau et Laurent Wauquiez<\/a>&nbsp;&nbsp;Le Figaro<\/li>\n<li><a href=\"https:\/\/news.google.com\/rss\/articles\/CBMiuAFBVV95cUxPeHhhdG0zdmM3b1NDdGNSd0pFYXNOLXpvdmVaX1FtWFhhQVhGZDZuNFNkRm9tVzdaZ2pULWxUaE5vZmRCeTdweUg0ZDduOU9zMmdGcmxDZVJoTTFEbjdMeUx5YnpmRFAzVlBuajh3RDZ2RTI0RkhwcXZNeE1uLTVjNTZhOS1OY1R6NkpodHdKUy1fOXhlRnd4eFJ3cnZvRk54S0JGRmNTUXVWRVFrS2NZNkhsamNXaUZs0gG-AUFVX3lxTE1sOUxieThtOWlLUk5DT1U3cGdIZG5ZY0p1MG9wVGZ2SFpVaW90Y01TZEZGZW5IQVkybFpVdnpTSmxtc1NZMHNxalJpeHFxSkdmN1d6Qkt2bXpESVlabTBXNmRqenZxc0Z6ZEdCbEFvejZURGVOSnp3RXdHVU0xWTF6WUFrWWtBRzBiNU1FeGs4aEd0RlZrR0JsV0NxMG5kQWNNeW01SUFkWTRRNVcyWHg1REJHaEJVS1NyMW9BQ1E?oc=5\" target=\"_blank\" rel=\"nofollow noopener\">\u00abNous vous avons propos\u00e9, plut\u00f4t que de supprimer deux jours f\u00e9ri\u00e9s, de s\u2019attaquer aux 365 jours f\u00e9ri\u00e9s de ceux qui ne travaillent pas et profitent du syst\u00e8me\u00bb, rapelle Laurent Wauquiez<\/a>&nbsp;&nbsp;CNews<\/li>\n<li><a href=\"https:\/\/news.google.com\/rss\/articles\/CBMiswFBVV95cUxPS3Y5WWVMTDVDTS1Kb0JJRDNUVzFHMTZ6OGJNR19ZdXBaX0JjTFQ1Zlp0V3J5cDFZaEhPTmpIOVNSWm5EMDFNU2V3VW5IM1lzbGgxYkhrRVlNY0IyVnlPdkt1MUNvNVBjdVVYYmJhZVJMZGM4TUJwXzVOemhzMnhxV1Vma0lnSGRsQ2pZNTBQX2Z4anNvQ1ljUUVXbzJzTFo5ZDRpV29PRDdfdk5XcWJJaDB0UQ?oc=5\" target=\"_blank\" rel=\"nofollow noopener\">Chez LR, Bruno Retailleau tente de resserrer les rangs<\/a>&nbsp;&nbsp;Les Echos<\/li>\n<li><a href=\"https:\/\/news.google.com\/rss\/articles\/CBMitAFBVV95cUxQT3J6WmdJUVdrMVpsUGE4S1JmeUdSZFAtQTFadUN0S3dTcjl2aGVqWl8xeTMxNzNsUnZhNUdEWktpa2RsWE51OGQ3UkZweGd5LXpOczltMFlNTFcta2VoNzVPUmNQdzZocVRzZlFtR3lXR0lOUUZ5TFRKN1gwZ29sVUFqT3VVd1JXQlhBOWFfYnFQbmNwdmtBT0RkMkZUVVVfUWNPNW5RTUtTbzNXWnJEZWFzd0E?oc=5\" target=\"_blank\" rel=\"nofollow noopener\">Entre l\u00e9gitimisme et opposition, le dilemme des R\u00e9publicains<\/a>&nbsp;&nbsp;Valeurs actuelles<\/li>\n<li><a href=\"https:\/\/news.google.com\/rss\/articles\/CBMi7gFBVV95cUxOSUpHQ2lMQUhVXzg5bXd5a2J1OE5KV0EyWDZlZ0VmdVBEZ29uZ0FmOHVHRHY0ZE05MVR5R3d5Skt6WE9HMGNMbmZoaTJCaG5ScXZka1lpUWdwM1k2UUJWLUdxakNnd0RDMVpTWllGVkZEam9MbWE2dkdFcFFGbGF5RVlYOEZVV0ZQSFFCcktLYWlzSnp6VTZrTmxWdjJyMDJVVHYwblNTNTRJXzV5bjVxSnlvd2JTNjRVOV9tOTBKTVk0ZTllZ0pwc3BYSTdqUW85TFd2Ti12b0RRc29LNGdFS3A1TkdldXg0WkdHcXpR?oc=5\" target=\"_blank\" rel=\"nofollow noopener\">Chute de Fran\u00e7ois Bayrou : LR propose \u00ab un contrat de gouvernement \u00bb pour pr\u00e9parer la suite<\/a>&nbsp;&nbsp;Le Monde.fr<\/li>\n<\/ol>\n","protected":false},"excerpt":{"rendered":"Derri\u00e8re les n\u00e9gociations entre la droite et S\u00e9bastien Lecornu, la guerre larv\u00e9e entre Bruno Retailleau et Laurent Wauquiez&nbsp;&nbsp;Le&hellip;\n","protected":false},"author":2,"featured_media":1445,"comment_status":"","ping_status":"","sticky":false,"template":"","format":"standard","meta":{"footnotes":""},"categories":[4],"tags":[11,1011,27,12,25],"class_list":{"0":"post-383714","1":"post","2":"type-post","3":"status-publish","4":"format-standard","5":"has-post-thumbnail","7":"category-france","8":"tag-actualites","9":"tag-fr","10":"tag-france","11":"tag-news","12":"tag-republique-francaise"},"share_on_mastodon":{"url":"https:\/\/pubeurope.com\/@fr\/115187767315503414","error":""},"_links":{"self":[{"href":"https:\/\/www.europesays.com\/fr\/wp-json\/wp\/v2\/posts\/383714","targetHints":{"allow":["GET"]}}],"collection":[{"href":"https:\/\/www.europesays.com\/fr\/wp-json\/wp\/v2\/posts"}],"about":[{"href":"https:\/\/www.europesays.com\/fr\/wp-json\/wp\/v2\/types\/post"}],"author":[{"embeddable":true,"href":"https:\/\/www.europesays.com\/fr\/wp-json\/wp\/v2\/users\/2"}],"replies":[{"embeddable":true,"href":"https:\/\/www.europesays.com\/fr\/wp-json\/wp\/v2\/comments?post=383714"}],"version-history":[{"count":0,"href":"https:\/\/www.europesays.com\/fr\/wp-json\/wp\/v2\/posts\/383714\/revisions"}],"wp:featuredmedia":[{"embeddable":true,"href":"https:\/\/www.europesays.com\/fr\/wp-json\/wp\/v2\/media\/1445"}],"wp:attachment":[{"href":"https:\/\/www.europesays.com\/fr\/wp-json\/wp\/v2\/media?parent=383714"}],"wp:term":[{"taxonomy":"category","embeddable":true,"href":"https:\/\/www.europesays.com\/fr\/wp-json\/wp\/v2\/categories?post=383714"},{"taxonomy":"post_tag","embeddable":true,"href":"https:\/\/www.europesays.com\/fr\/wp-json\/wp\/v2\/tags?post=383714"}],"curies":[{"name":"wp","href":"https:\/\/api.w.org\/{rel}","templated":true}]}}