{"id":383733,"date":"2025-09-11T21:33:19","date_gmt":"2025-09-11T21:33:19","guid":{"rendered":"https:\/\/www.europesays.com\/fr\/383733\/"},"modified":"2025-09-11T21:33:19","modified_gmt":"2025-09-11T21:33:19","slug":"tout-savoir-sur-terres-de-jim-ce-weekend","status":"publish","type":"post","link":"https:\/\/www.europesays.com\/fr\/383733\/","title":{"rendered":"tout savoir sur Terres de Jim ce weekend"},"content":{"rendered":"<p>            Par<br \/>\n        <strong><br \/>\n            <a href=\"https:\/\/actu.fr\/auteur\/isabellevilly\" title=\"Consulter tous les articles de Isabelle Villy\" target=\"_blank\" rel=\"noopener\">Isabelle Villy<\/a><br \/>\n        <\/strong><\/p>\n<p>        Publi\u00e9 le<\/p>\n<p>            11 sept. 2025 \u00e0 20h06        <\/p>\n<p>Depuis l\u2019autoroute A28, le site des <strong>Terres de Jim 2025<\/strong> commence \u00e0 prendre forme : les barnums fleurissent sur les parcelles de terre de Vieux-Manoir pr\u00e8s de <a href=\"https:\/\/actu.fr\/normandie\/rouen_76540\" target=\"_blank\" rel=\"noopener\">Rouen<\/a>, les Jeunes Agriculteurs 76 pr\u00e9parent le terrain pour accueillir les diff\u00e9rents concours animaux et autres spectacles de moiss\u2019batt\u2019\u2026Une chose est s\u00fbre la grande f\u00eate de l\u2019agriculture de la Normandie, qui aura lieu du 12 au 14 septembre 2025, se pr\u00e9pare.\u00a0<\/p>\n<p>Finales nationales de labour : un temps fort<\/p>\n<p class=\" wall-content\">\u00ab Les Terres de Jim, c\u2019est la marque qui accueille depuis 2014 les finales nationales de labour, un temps fort dans la vie du syndicat Jeunes Agriculteurs \u00bb, rappellent les organisateurs, qui insistent sur le fait que <a href=\"https:\/\/actu.fr\/normandie\/vieux-manoir_76738\/terres-de-jim-2025-la-grande-fete-agricole-promet-un-moment-inoubliable-pres-de-rouen_62188141.html\" target=\"_blank\" rel=\"noopener\">cet \u00e9v\u00e9nement<\/a> est aussi <strong>la traduction d\u2019un v\u00e9ritable savoir-faire<\/strong> : \u00ab organiser des \u00e9v\u00e9nements d\u2019envergure pour le grand public \u00bb.<\/p>\n<p>    <img   decoding=\"async\" loading=\"lazy\" src=\"https:\/\/www.europesays.com\/fr\/wp-content\/uploads\/2025\/09\/cafe-pop-15-960x640.jpg\" alt=\"Le plan de l'\u00e9v\u00e9nement\" width=\"960\" height=\"640\"\/><br \/>\n    Le plan de l\u2019\u00e9v\u00e9nement (\u00a9DR)<\/p>\n<p class=\" wall-content\">D\u00e9couvrir l\u2019agriculture sous toutes ses formes : tel est donc l\u2019objectif avou\u00e9 de la profession, pour que le grand public se f<strong>amiliarise avec le monde de l\u2019agriculture<\/strong>, son quotidien, ses contraintes, mais aussi les formidables ressources qu\u2019il g\u00e9n\u00e8re pour chacun de nous.<\/p>\n<p>Des manifestations pour tous, \u00e0 tout \u00e2ge<\/p>\n<p class=\" wall-content\">Concours d\u2019animaux, finale de labour, moiss\u2019batt\u2019cross, concerts, march\u00e9 de producteurs, finale nationale de tracteur-pulling, restauration : sur 90 hectares, les visiteurs b\u00e9n\u00e9ficieront d\u2019un choix important de manifestations diverses et vari\u00e9es.<\/p>\n<p class=\" wall-content\">\u00c0 noter que les Jeunes Agriculteurs de la Seine-Maritime, pr\u00e9parent ce grand \u00e9v\u00e9nement depuis quinze mois maintenant et que pr\u00e8s de mille b\u00e9n\u00e9voles seront pr\u00e9sents durant ces trois jours pour r\u00e9pondre aux besoins de chacun.<\/p>\n<p>Comment se rendre aux Terres de Jim<\/p>\n<p>Comment vous rendre aux Terres de Jim, \u00e0 Vieux-Manoir&#8230;<br \/>En train : gare de Longuerue, Vieux-Manoir.<br \/>En voiture : \u00e0 20 min de Rouen, \u00e0 1h15 du Havre, \u00e0 2h30 de Paris. Localisation :\u00a0 Vieux-Manoir &#8211;\u00a0 76750 \/https:\/\/maps.app.goo.gl\/ryKkZPaEyNeDtSya8<br \/>Parking : les parkings sont gratuits et pr\u00e9vus pour : les visiteurs, les personnes \u00e0 mobilit\u00e9 r\u00e9duite, les exposants, les b\u00e9n\u00e9voles, les officiels et VIP, les organisateurs.<br \/>L\u2019acc\u00e8s au site sera fl\u00each\u00e9.<\/p>\n<p>Votre r\u00e9gion, votre actu !<\/p>\n<p>Recevez chaque jour les infos qui comptent pour vous.<\/p>\n<p>\t<a href=\"https:\/\/actu.fr\/newsletter\" class=\"ac-btn ac-btn--corner ac-btn--medium ac-btn--blue800\" target=\"_blank\" rel=\"noopener\">S&rsquo;incrire<\/a><br \/>\nLe programme<\/p>\n<p class=\" wall-content\"><strong>Vendredi 12 septembre\u00a0<\/strong><\/p>\n<ul class=\" wall-content\">\n<li>10\u2009h\u2009: Garden Cross.<\/li>\n<li>10\u2009h\u200930-12\u2009h\u2009: ovinpiades d\u00e9couvertes, parage et tri.<\/li>\n<li>11\u2009h\u200930\u2009: Moiss\u2019Batt cross et Horse Painting.<\/li>\n<li>12\u2009h-13\u2009h\u2009: loto bouse.<\/li>\n<li>13\u2009h\u200930\u2009: concours de race charolaise.<\/li>\n<li>14\u2009h\u2009: Garden Cross.<\/li>\n<li>14\u2009h\u200930\u2009: Moiss\u2019Batt et cross.<\/li>\n<li>15\u2009h\u200915\u2009: d\u00e9monstration de Horse Polo.<\/li>\n<li>16\u2009h-17\u2009h\u2009: battage \u00e0 l\u2019ancienne et pr\u00e9sentation des races bouch\u00e8res ovines.<\/li>\n<li>16\u2009h\u200930\u2009: auto foot.<\/li>\n<li>17\u2009h-18\u2009h\u2009: ensilage \u00e0 l\u2019ancienne.<\/li>\n<li>18\u2009h-19\u2009h\u2009: Moiss\u2019Bat cross et Garden Cross.<\/li>\n<li>19\u2009h-20\u2009h\u2009: record du monde de Madison.<\/li>\n<li>20\u2009h-21\u2009h\u2009: Moiss\u2019Batt Cross, Tracto Force, Guillaume Lasnon musicien et DJ Marcel.<\/li>\n<li>21\u2009h-23\u2009h\u2009: Concert Boney M Legend. 23\u2009h-1\u2009h\u2009: concert Let Dzur.<\/li>\n<\/ul>\n<p class=\" wall-content\"><strong>Samedi 13 septembre :\u00a0<\/strong><\/p>\n<ul class=\" wall-content\">\n<li>10\u2009h\u2009: Garden Cross et concours de race Prim\u2019Holstein.<\/li>\n<li>10\u2009h\u200930\u2009: Moiss\u2019Batt Cross et pr\u00e9sentation Cob Normand.<\/li>\n<li>11\u2009h-11\u2009h\u200930\u2009: concours agneaux de boucherie et Garden Cross.<\/li>\n<li>11h-12h\u2009: Tracto force.<\/li>\n<li>12\u2009h-13\u2009h\u2009: Garden Cross.<\/li>\n<li>13\u2009h\u200940\u2009: concours de race normande.<\/li>\n<li>14\u2009h-16\u2009h\u2009: finale r\u00e9gionale de labour.<\/li>\n<li>15\u2009h-16\u2009h\u2009: Moiss\u2019Batt Cross f\u00e9minine.<\/li>\n<li>15\u2009h\u200930\u2009: concours service de remplacement.<\/li>\n<li>16\u2009h-17\u2009h\u2009: auto foot.<\/li>\n<li>16\u2009h-16\u2009h\u200930\u2009: pr\u00e9sentation fili\u00e8re ovine normande.<\/li>\n<li>16\u2009h\u200930\u2009: finale concours inter-\u00e9coles.<\/li>\n<li>17\u2009h-18\u2009h\u2009: d\u00e9fi tir \u00e0 la corde et DJ Louis Vauquelin.<\/li>\n<li>17\u2009h\u200930\u2009: remise des prix et d\u00e9monstration voltige cosaque.<\/li>\n<li>18\u2009h-19\u2009h\u2009: Moiss\u2019Batt Cross, Garden Cross et groupe Douche (rock).<\/li>\n<li>19\u2009h\u200930-21\u2009h\u2009: concert Let Dzur.<\/li>\n<li>21\u2009h-22\u2009h\u2009: Moiss\u2019Batt Cross et Tracteur Pulling.<\/li>\n<li>22\u2009h-23\u2009h\u200930\u2009: concert Black M.<\/li>\n<\/ul>\n<p class=\" wall-content\"><strong>Dimanche 14 septembre<\/strong><\/p>\n<ul class=\" wall-content\">\n<li>10\u2009h-11\u2009h\u200930\u2009: messe des laboureurs.<\/li>\n<li>10\u2009h\u2009: concours g\u00e9nisses race Prim\u2019Holstein et Normande.<\/li>\n<li>10\u2009h\u200930\u2009: pr\u00e9sentation travail \u00e0 pied \u00e9questre.<\/li>\n<li>11\u2009h\u200945\u2009: pr\u00e9sentation chevaux miniatures.<\/li>\n<li>12\u2009h\u2009: Moiss\u2019Batt Cross. 13\u2009h-14\u2009h\u2009: Tracto Force et ensilage \u00e0 l\u2019ancienne.<\/li>\n<li>13\u2009h-16\u2009h\u2009: finale nationale de labour.<\/li>\n<li>13\u2009h\u200940\u2009: concours jeunes pr\u00e9sentateurs.<\/li>\n<li>14\u2009h-15\u2009h\u2009: battage \u00e0 l\u2019ancienne et Garden Cross.<\/li>\n<li>14\u2009h\u200930\u2009: Moiss\u2019Batt Cross f\u00e9minine.<\/li>\n<li>15\u2009h-16\u2009h\u2009: loto bouse.<\/li>\n<li>16\u2009h-17\u2009h\u2009: finale Tracto Force.<\/li>\n<li>16\u2009h\u200930\u2009: Finale Moiss\u2019Batt Cross.<\/li>\n<li>17\u2009h-18\u2009h\u2009: spectacle de chevaux.<\/li>\n<li>17\u2009h\u200930\u2009: remise des prix.<\/li>\n<\/ul>\n<p class=\" wall-content\">A noter que des conf\u00e9rences et des tables rondes auront lieu pendant ces trois jours.\u00a0<\/p>\n<p>Formules billet pour l\u2019entr\u00e9e aux Terres de Jim. Pr\u00e9vente : 5 euros. Tarif sur site : 6 euros. Gratuit moins de 12 ans.\u00a0 Tarif concert : Gratuit pour les moins de 12 ans. Formule billet concert du vendredi 12 septembre. Pr\u00e9vente : 13 euros.\u00a0 Tarif sur site : 15 euros.\u00a0Formule billet concert du samedi 13 septembre. Pr\u00e9vente : 18 euros.\u00a0 Tarif sur site : 20 euros. Formule journ\u00e9e + concert du vendredi 12 septembre. Pr\u00e9vente : 18 euros. Tarif sur site : 20 euros. Formule journ\u00e9e + concert du samedi 13 septembre.\u00a0Pr\u00e9vente : 23 euros.\u00a0 Tarif sur site : 25 euros.\u00a0Formule 3 journ\u00e9es + 2 concerts. Pr\u00e9vente : 45 euros.\u00a0<\/p>\n<p>Suivez l\u2019actualit\u00e9 de Rouen sur notre <a href=\"https:\/\/www.whatsapp.com\/channel\/0029VaKfnf99hXF2ddApFB1D\" target=\"_blank\" rel=\"noopener\">cha\u00eene WhatsApp<\/a> et sur notre <a href=\"https:\/\/www.tiktok.com\/@76actu.fr?lang=fr\" target=\"_blank\" rel=\"noopener\">compte TikTok<\/a><\/p>\n<p class=\" wall-content\">Personnalisez votre actualit\u00e9 en ajoutant vos villes et m\u00e9dias en favori avec <a href=\"https:\/\/moncompte.actu.fr\" title=\"D\u00e9couvez Mon Actu\" rel=\"nofollow noopener\" data-trk=\"{&quot;cta&quot;:{&quot;action&quot;:&quot;https:\\\/\\\/moncompte.actu.fr&quot;,&quot;category&quot;:&quot;mon compte&quot;,&quot;from&quot;:&quot;article footer&quot;,&quot;name&quot;:&quot;Mon actu&quot;,&quot;type&quot;:&quot;cta&quot;}}\" target=\"_blank\">Mon Actu<\/a>.<\/p>\n<p>                    <script async src=\"\/\/www.tiktok.com\/embed.js\"><\/script><\/p>\n","protected":false},"excerpt":{"rendered":"Par Isabelle Villy Publi\u00e9 le 11 sept. 2025 \u00e0 20h06 Depuis l\u2019autoroute A28, le site des Terres de&hellip;\n","protected":false},"author":2,"featured_media":383734,"comment_status":"","ping_status":"","sticky":false,"template":"","format":"standard","meta":{"footnotes":""},"categories":[9587],"tags":[1111,11,327,1777,674,1011,27,1652,12,5161,31081,25,9590],"class_list":{"0":"post-383733","1":"post","2":"type-post","3":"status-publish","4":"format-standard","5":"has-post-thumbnail","7":"category-rouen","8":"tag-actu","9":"tag-actualites","10":"tag-agriculture","11":"tag-eu","12":"tag-europe","13":"tag-fr","14":"tag-france","15":"tag-loisirs-culture","16":"tag-news","17":"tag-normandie","18":"tag-plateau-est-rouen","19":"tag-republique-francaise","20":"tag-rouen"},"share_on_mastodon":{"url":"https:\/\/pubeurope.com\/@fr\/115187810709309625","error":""},"_links":{"self":[{"href":"https:\/\/www.europesays.com\/fr\/wp-json\/wp\/v2\/posts\/383733","targetHints":{"allow":["GET"]}}],"collection":[{"href":"https:\/\/www.europesays.com\/fr\/wp-json\/wp\/v2\/posts"}],"about":[{"href":"https:\/\/www.europesays.com\/fr\/wp-json\/wp\/v2\/types\/post"}],"author":[{"embeddable":true,"href":"https:\/\/www.europesays.com\/fr\/wp-json\/wp\/v2\/users\/2"}],"replies":[{"embeddable":true,"href":"https:\/\/www.europesays.com\/fr\/wp-json\/wp\/v2\/comments?post=383733"}],"version-history":[{"count":0,"href":"https:\/\/www.europesays.com\/fr\/wp-json\/wp\/v2\/posts\/383733\/revisions"}],"wp:featuredmedia":[{"embeddable":true,"href":"https:\/\/www.europesays.com\/fr\/wp-json\/wp\/v2\/media\/383734"}],"wp:attachment":[{"href":"https:\/\/www.europesays.com\/fr\/wp-json\/wp\/v2\/media?parent=383733"}],"wp:term":[{"taxonomy":"category","embeddable":true,"href":"https:\/\/www.europesays.com\/fr\/wp-json\/wp\/v2\/categories?post=383733"},{"taxonomy":"post_tag","embeddable":true,"href":"https:\/\/www.europesays.com\/fr\/wp-json\/wp\/v2\/tags?post=383733"}],"curies":[{"name":"wp","href":"https:\/\/api.w.org\/{rel}","templated":true}]}}