{"id":383739,"date":"2025-09-11T21:37:17","date_gmt":"2025-09-11T21:37:17","guid":{"rendered":"https:\/\/www.europesays.com\/fr\/383739\/"},"modified":"2025-09-11T21:37:17","modified_gmt":"2025-09-11T21:37:17","slug":"son-metier-depuis-betton-prendre-soin-de-la-sante-des-sols","status":"publish","type":"post","link":"https:\/\/www.europesays.com\/fr\/383739\/","title":{"rendered":"Son m\u00e9tier depuis Betton\u00a0? Prendre soin de la sant\u00e9 des sols"},"content":{"rendered":"<p>Pour Rapha\u00ebl Poulain, \u00a0le jardin, c\u2019est le plaisir de manger des choses locales et faire en sorte que ce soit un lieu apaisant\u00a0\u00bb. Il est install\u00e9 depuis fin mars dans la campagne. Auparavant, il a travaill\u00e9 dix-huit\u00a0ans dans l\u2019agronomie au sein d\u2019un grand groupe grenoblois o\u00f9 il s\u2019occupait d\u00e9j\u00e0 d\u2019am\u00e9liorer la sant\u00e9 des sols pour les professionnels des espaces verts, horticoles et agricoles.<\/p>\n<p>Il est parti d\u2019un constat\u00a0: \u00a0De nombreux jardins sont sous-valoris\u00e9s par le fait que les sols restent comme \u00e0 l\u2019origine. Peu de gens savent am\u00e9liorer l\u2019existant. L\u2019id\u00e9e est de pouvoir proposer des solutions professionnelles et des pratiques professionnelles aux particuliers\u00a0\u00bb, explique le sp\u00e9cialiste.<\/p>\n<p>\u00ab\u00a0Aide l\u2019eau \u00e0 mieux impr\u00e9gner le sol\u00a0\u00bb<\/p>\n<p>Le n\u00e9goce pour particuliers et professionnels, la prestation de service au niveau des particuliers pour rendre le jardin plus joli ou plus productif quand il y a des l\u00e9gumes sont propos\u00e9s ainsi que le coaching jardin pour quelques heures ou \u00e0 la demi-journ\u00e9e afin de prendre le temps d\u2019expliquer \u00e0 quel moment le jardinier doit intervenir. \u00a0Pour la partie professionnelle, c\u2019est davantage de la formation pour les paysagistes.\u00a0<\/p>\n<p>Ty Terrae intervient sur l\u2019axe Rennes, Vannes et Saint-Malo, pour les particuliers, et l\u2019Ouest pour le n\u00e9goce et les demandes techniques.<\/p>\n<p>L\u2019entreprise dispose d\u2019un d\u00e9compacteur pour cr\u00e9er des petits trous dans le sol afin de l\u2019a\u00e9rer et le rendre plus vivant gr\u00e2ce \u00e0 l\u2019oxyg\u00e8ne qui va stimuler la vie.<\/p>\n<p>\u00a0On aide aussi l\u2019eau \u00e0 mieux impr\u00e9gner le sol pour la restituer quand il y a besoin. Les sols sont souvent peu perm\u00e9ables. Il faut les aider \u00e0 jouer leur r\u00f4le de stockage de l\u2019eau.\u00a0<\/p>\n<p>Le d\u00e9placage-replacage permet de refaire une sant\u00e9 \u00e0 la pelouse dans la journ\u00e9e\u00a0: \u00a0C\u2019est plut\u00f4t pour les petites surfaces, de moins de 200\u00a0m\u00b2.<\/p>\n<p>Le professionnel propose \u00e9galement des produits de paillage, des bio stimulants avec lesquels on apporte des micro-organismes qui vont stimuler l\u2019ensemble de la cha\u00eene, des nutritifs non chimiques pour nourrir le sol.<\/p>\n<p><strong>Contact\u00a0: <\/strong>poulainraphael@tyterrae.fr, t\u00e9l. 06\u00a079\u00a047\u00a029\u00a032. Contact\u00a0: <a href=\"https:\/\/www.tyterrae.fr\/\" rel=\"nofollow noopener\" target=\"_blank\">www.tyterrae.fr<\/a><\/p>\n<p>\u00a0<\/p>\n","protected":false},"excerpt":{"rendered":"Pour Rapha\u00ebl Poulain, \u00a0le jardin, c\u2019est le plaisir de manger des choses locales et faire en sorte que&hellip;\n","protected":false},"author":2,"featured_media":383740,"comment_status":"","ping_status":"","sticky":false,"template":"","format":"standard","meta":{"footnotes":""},"categories":[2821],"tags":[1111,11,4395,829,1777,674,1011,27,12244,12,4571,3086,584,25,71,35749,22424],"class_list":{"0":"post-383739","1":"post","2":"type-post","3":"status-publish","4":"format-standard","5":"has-post-thumbnail","7":"category-rennes","8":"tag-actu","9":"tag-actualites","10":"tag-betton","11":"tag-bretagne","12":"tag-eu","13":"tag-europe","14":"tag-fr","15":"tag-france","16":"tag-metier","17":"tag-news","18":"tag-prendre","19":"tag-redon","20":"tag-rennes","21":"tag-republique-francaise","22":"tag-sante","23":"tag-soin","24":"tag-sols"},"share_on_mastodon":{"url":"https:\/\/pubeurope.com\/@fr\/115187826303830753","error":""},"_links":{"self":[{"href":"https:\/\/www.europesays.com\/fr\/wp-json\/wp\/v2\/posts\/383739","targetHints":{"allow":["GET"]}}],"collection":[{"href":"https:\/\/www.europesays.com\/fr\/wp-json\/wp\/v2\/posts"}],"about":[{"href":"https:\/\/www.europesays.com\/fr\/wp-json\/wp\/v2\/types\/post"}],"author":[{"embeddable":true,"href":"https:\/\/www.europesays.com\/fr\/wp-json\/wp\/v2\/users\/2"}],"replies":[{"embeddable":true,"href":"https:\/\/www.europesays.com\/fr\/wp-json\/wp\/v2\/comments?post=383739"}],"version-history":[{"count":0,"href":"https:\/\/www.europesays.com\/fr\/wp-json\/wp\/v2\/posts\/383739\/revisions"}],"wp:featuredmedia":[{"embeddable":true,"href":"https:\/\/www.europesays.com\/fr\/wp-json\/wp\/v2\/media\/383740"}],"wp:attachment":[{"href":"https:\/\/www.europesays.com\/fr\/wp-json\/wp\/v2\/media?parent=383739"}],"wp:term":[{"taxonomy":"category","embeddable":true,"href":"https:\/\/www.europesays.com\/fr\/wp-json\/wp\/v2\/categories?post=383739"},{"taxonomy":"post_tag","embeddable":true,"href":"https:\/\/www.europesays.com\/fr\/wp-json\/wp\/v2\/tags?post=383739"}],"curies":[{"name":"wp","href":"https:\/\/api.w.org\/{rel}","templated":true}]}}