{"id":383751,"date":"2025-09-11T21:43:09","date_gmt":"2025-09-11T21:43:09","guid":{"rendered":"https:\/\/www.europesays.com\/fr\/383751\/"},"modified":"2025-09-11T21:43:09","modified_gmt":"2025-09-11T21:43:09","slug":"la-dispute-conjugale-avait-fini-sur-le-toit-terrasse-dun-immeuble-pres-de-nantes-le-mari-condamne","status":"publish","type":"post","link":"https:\/\/www.europesays.com\/fr\/383751\/","title":{"rendered":"La dispute conjugale avait fini sur le toit-terrasse d\u2019un immeuble pr\u00e8s de Nantes : le mari condamn\u00e9"},"content":{"rendered":"<p>            Par<br \/>\n        <strong><br \/>\n            <a href=\"https:\/\/actu.fr\/auteur\/laurent-fortin\" title=\"Consulter tous les articles de Laurent Fortin\" target=\"_blank\" rel=\"noopener\">Laurent Fortin<\/a><br \/>\n        <\/strong><\/p>\n<p>        Publi\u00e9 le<\/p>\n<p>            11 sept. 2025 \u00e0 22h51        <\/p>\n<p>C\u2019est un <b>voisin du couple <\/b>qui avait appel\u00e9 les <b>gendarmes <\/b>ce <b>2\u00a0mars 2025,<\/b> peu avant 16\u2009h. Apr\u00e8s avoir entendu <b>des \u00ab\u2009cris sur le palier\u2009\u00bb<\/b> et une \u00ab\u2009altercation verbale\u2009\u00bb. A l\u2019arriv\u00e9e des forces de l\u2019ordre,<b> tous deux \u00e9taient \u00ab\u2009sur le toit-terrasse\u2009\u00bb<\/b> de leur immeuble, \u00e0 <a href=\"https:\/\/actu.fr\/pays-de-la-loire\/vertou_44215\" target=\"_blank\" rel=\"noopener\"><b>Vertou<\/b><\/a>, a d\u00e9taill\u00e9 la pr\u00e9sidente du tribunal.<\/p>\n<p class=\" wall-content\">La plaignante avait expliqu\u00e9 avoir \u00e9t\u00e9 <b>\u00ab\u2009\u00e9trangl\u00e9e\u2009\u00bb par le p\u00e8re de ses deux enfants de 4 et 9\u00a0ans<\/b> apr\u00e8s qu\u2019elle a<b> refus\u00e9 de lui laisser son t\u00e9l\u00e9phone portable<\/b>.<\/p>\n<blockquote class=\"ac-article-quote wall-content\">\n<p>Je vais te balafrer si tu me trompes.<\/p>\n<p>Le mari<\/p><\/blockquote>\n<p class=\" wall-content\">Il l\u2019avait \u00e9galement trait\u00e9 de \u00ab\u2009p\u2026\u2009\u00bb \u00e0 plusieurs reprises. Le conjoint avait aussi<b> refus\u00e9 de laisser le t\u00e9l\u00e9phone aux gendarmes<\/b> puisqu\u2019il avait lui-m\u00eame \u00ab\u2009financ\u00e9\u2009\u00bb cet appareil qui lui \u00ab\u2009appartient\u2009\u00bb.<\/p>\n<p class=\" wall-content\">Les militaires avaient <b>appris qu\u2019une pr\u00e9c\u00e9dente \u00ab\u2009altercation\u2009\u00bb <\/b>avait eu lieu le vendredi pr\u00e9c\u00e9dent,<b> devant une discoth\u00e8que <\/b>o\u00f9 cette femme \u00e9tait sortie avec une amie\u2009: ce Tunisien de 40\u00a0ans, <b>arriv\u00e9 en France en 2011<\/b> pour passer un master de Staps \u00ab\u2009abandonn\u00e9 assez vite\u2009\u00bb, avait promis de \u00ab\u2009d\u00e9foncer\u2009\u00bb et \u00ab\u2009enc\u2026\u2009\u00bb la plaignante. Il avait au passage<b> cass\u00e9 un r\u00e9troviseur de sa voiture<\/b>.<\/p>\n<blockquote class=\"ac-article-quote wall-content\">\n<p>Je n\u2019ai rien \u00e0 perdre, t\u2019es morte. T\u2019as de la chance d\u2019\u00eatre la m\u00e8re de mes enfants.<\/p>\n<p>Le conjoint<\/p><\/blockquote>\n<p>Des \u00ab\u2009infid\u00e9lit\u00e9s mutuelles\u2009\u00bb<\/p>\n<p class=\" wall-content\"><b>Chauffeur VTC<\/b> sous le statut auto-entrepreneur, cet <b>homme jusqu\u2019alors inconnu de la justice <\/b>avait \u00e9t\u00e9 <b>plac\u00e9 sous contr\u00f4le judiciaire<\/b> suite \u00e0 ces faits. Il a depuis d\u00e9sormais d\u00e9m\u00e9nag\u00e9 \u00e0 Sautron. Lors de son proc\u00e8s au <b>tribunal correctionnel de Nantes,<\/b> il a admis avoir \u00ab\u2009mal r\u00e9agi\u2009\u00bb apr\u00e8s<b> la \u00ab\u2009trahison\u2009\u00bb et le \u00ab\u2009mensonge\u2009\u00bb de sa femme,<\/b> qui l\u2019avait <b>tromp\u00e9 avec un autre homme<\/b> \u00ab\u2009\u00e0 l\u2019h\u00f4tel en Tunisie\u2009\u00bb. Mais, lors de l\u2019audience, il est apparu que <b>le couple \u00e9tait en r\u00e9alit\u00e9 fragilis\u00e9<\/b> par des <b>\u00ab\u2009infid\u00e9lit\u00e9s mutuelles\u2009\u00bb, <\/b>selon la pr\u00e9sidente.<\/p>\n<p>Votre r\u00e9gion, votre actu !<\/p>\n<p>Recevez chaque jour les infos qui comptent pour vous.<\/p>\n<p>\t<a href=\"https:\/\/actu.fr\/newsletter\" class=\"ac-btn ac-btn--corner ac-btn--medium ac-btn--blue800\" target=\"_blank\" rel=\"noopener\">S&rsquo;incrire<\/a><\/p>\n<blockquote class=\"ac-article-quote wall-content\">\n<p>Par exp\u00e9rience, quand un voisin appelle les gendarmes, c\u2019est qu\u2019il sent vraiment qu\u2019il y a un danger.<\/p>\n<p>La pr\u00e9sidente du tribunal correctionnel de Nantes \u00e0 l\u2019attention du pr\u00e9venu.<\/p><\/blockquote>\n<blockquote class=\"ac-article-quote wall-content\">\n<p>J\u2019ai perdu beaucoup de poids suite \u00e0 cette histoire\u2026 C\u2019est tr\u00e8s compliqu\u00e9 aussi pour mes enfants.<\/p>\n<p>La victime<\/p><\/blockquote>\n<p class=\" wall-content\">Elle demandait, en cons\u00e9quence, <b>3\u2009000\u00a0\u20ac de dommages et int\u00e9r\u00eats, <\/b>\u00e0 titre personnel et 5<b>00\u00a0\u20ac pour chacun de ses deux enfants.<\/b><\/p>\n<blockquote class=\"ac-article-quote wall-content\">\n<p>Une femme gendarme a mis beaucoup de c\u0153ur dans cette affaire, c\u2019est tr\u00e8s bien.<\/p>\n<p>Le procureur de la R\u00e9publique<\/p><\/blockquote>\n<p class=\" wall-content\">Il relevait que la militaire en charge de l\u2019enqu\u00eate avait proc\u00e9d\u00e9 \u00e0 l\u2019audition de la \u00ab\u2009gamine\u2009\u00bb du couple. La juge s\u2019est finalement rang\u00e9e \u00e0 <b>ses r\u00e9quisitions<\/b>, en pronon\u00e7ant quatre mois de prison avec sursis. L\u2019homme devra surtout accomplir \u00e0 ses frais un<b> stage de sensibilisation<\/b> aux violences au sein du couple, et aura<b> interdiction de recontacter son ex-femme pendant dix-huit mois.<\/b><\/p>\n<p class=\" wall-content\"><b>La peine ne sera pas inscrite sur le volet du casier judiciaire <\/b>accessible aux employeurs, pour ne pas mettre en p\u00e9ril l\u2019agr\u00e9ment des autorit\u00e9s \u00e0<b> son activit\u00e9 de chauffeur VTC<\/b>, comme l\u2019avait demand\u00e9 l\u2019avocate de la d\u00e9fense. Il devra en effet verser <b>1\u2009000\u00a0\u20ac de dommages et int\u00e9r\u00eats <\/b>\u00e0 sa future ex-femme et 300\u00a0\u20ac \u00e0 chacun de ses deux enfants.<\/p>\n<p class=\" wall-content\">Personnalisez votre actualit\u00e9 en ajoutant vos villes et m\u00e9dias en favori avec <a href=\"https:\/\/moncompte.actu.fr\" title=\"D\u00e9couvez Mon Actu\" rel=\"nofollow noopener\" data-trk=\"{&quot;cta&quot;:{&quot;action&quot;:&quot;https:\\\/\\\/moncompte.actu.fr&quot;,&quot;category&quot;:&quot;mon compte&quot;,&quot;from&quot;:&quot;article footer&quot;,&quot;name&quot;:&quot;Mon actu&quot;,&quot;type&quot;:&quot;cta&quot;}}\" target=\"_blank\">Mon Actu<\/a>.<\/p>\n","protected":false},"excerpt":{"rendered":"Par Laurent Fortin Publi\u00e9 le 11 sept. 2025 \u00e0 22h51 C\u2019est un voisin du couple qui avait appel\u00e9&hellip;\n","protected":false},"author":2,"featured_media":383752,"comment_status":"","ping_status":"","sticky":false,"template":"","format":"standard","meta":{"footnotes":""},"categories":[2818],"tags":[1111,11,1777,674,118,1011,27,303,766,12,2636,25,2900,798],"class_list":{"0":"post-383751","1":"post","2":"type-post","3":"status-publish","4":"format-standard","5":"has-post-thumbnail","7":"category-nantes","8":"tag-actu","9":"tag-actualites","10":"tag-eu","11":"tag-europe","12":"tag-faits-divers","13":"tag-fr","14":"tag-france","15":"tag-justice","16":"tag-nantes","17":"tag-news","18":"tag-pays-de-la-loire","19":"tag-republique-francaise","20":"tag-vignoble-nantais","21":"tag-violences-conjugales"},"share_on_mastodon":{"url":"https:\/\/pubeurope.com\/@fr\/115187849925192744","error":""},"_links":{"self":[{"href":"https:\/\/www.europesays.com\/fr\/wp-json\/wp\/v2\/posts\/383751","targetHints":{"allow":["GET"]}}],"collection":[{"href":"https:\/\/www.europesays.com\/fr\/wp-json\/wp\/v2\/posts"}],"about":[{"href":"https:\/\/www.europesays.com\/fr\/wp-json\/wp\/v2\/types\/post"}],"author":[{"embeddable":true,"href":"https:\/\/www.europesays.com\/fr\/wp-json\/wp\/v2\/users\/2"}],"replies":[{"embeddable":true,"href":"https:\/\/www.europesays.com\/fr\/wp-json\/wp\/v2\/comments?post=383751"}],"version-history":[{"count":0,"href":"https:\/\/www.europesays.com\/fr\/wp-json\/wp\/v2\/posts\/383751\/revisions"}],"wp:featuredmedia":[{"embeddable":true,"href":"https:\/\/www.europesays.com\/fr\/wp-json\/wp\/v2\/media\/383752"}],"wp:attachment":[{"href":"https:\/\/www.europesays.com\/fr\/wp-json\/wp\/v2\/media?parent=383751"}],"wp:term":[{"taxonomy":"category","embeddable":true,"href":"https:\/\/www.europesays.com\/fr\/wp-json\/wp\/v2\/categories?post=383751"},{"taxonomy":"post_tag","embeddable":true,"href":"https:\/\/www.europesays.com\/fr\/wp-json\/wp\/v2\/tags?post=383751"}],"curies":[{"name":"wp","href":"https:\/\/api.w.org\/{rel}","templated":true}]}}