{"id":383759,"date":"2025-09-11T21:47:13","date_gmt":"2025-09-11T21:47:13","guid":{"rendered":"https:\/\/www.europesays.com\/fr\/383759\/"},"modified":"2025-09-11T21:47:13","modified_gmt":"2025-09-11T21:47:13","slug":"un-filet-a-ete-installe-sur-la-facade-de-lex-batiment-de-sciences-po-toulouse-limmeuble-est-il-en-peril","status":"publish","type":"post","link":"https:\/\/www.europesays.com\/fr\/383759\/","title":{"rendered":"Un filet a \u00e9t\u00e9 install\u00e9 sur la fa\u00e7ade de l&rsquo;ex-b\u00e2timent de Sciences-Po Toulouse : l&rsquo;immeuble est-il en p\u00e9ril?"},"content":{"rendered":"<p>            Par<br \/>\n        <strong><br \/>\n            <a href=\"https:\/\/actu.fr\/auteur\/david-saint-sernin\" title=\"Consulter tous les articles de David Saint-Sernin\" rel=\"nofollow noopener\" target=\"_blank\">David Saint-Sernin<\/a><br \/>\n        <\/strong><\/p>\n<p>        Publi\u00e9 le<\/p>\n<p>            11 sept. 2025 \u00e0 17h02        <\/p>\n<p><a href=\"https:\/\/actu.fr\/occitanie\/toulouse_31555\/toulouse-l-immeuble-historique-de-sciences-po-va-etre-rase-un-nouveau-projet-a-venir_60585412.html\" rel=\"nofollow noopener\" target=\"_blank\">C\u2019est un b\u00e2timent bien connu des \u00e9tudiants de Toulouse<\/a> puisqu\u2019il a accueilli des \u00e9tudiants de Sciences-Po Toulouse (ex-Institut d\u2019Etudes Politiques) pendant des d\u00e9cennies, des ann\u00e9es 50 jusqu\u2019en 2021 quand Sciences-Po Toulouse<a href=\"https:\/\/actu.fr\/societe\/apres-dix-ans-d-attente-sciences-po-toulouse-debute-un-long-demenagement-dans-un-lieu-historique_37896920.html\" rel=\"nofollow noopener\" target=\"_blank\"> l\u2019a d\u00e9finitivement quitt\u00e9 fin 2021,<\/a> pour investir les locaux plus spacieux de la Manufacture des Tabacs. Si le b\u00e2timent abrite toujours des amphith\u00e9\u00e2tres d\u00e9di\u00e9s \u00e0 toutes les fili\u00e8res de la facult\u00e9 et des bureaux pour le personnel de l\u2019administration, son \u00e9tat \u00ab\u2009est apocalyptique\u2009\u00bb, dixit<strong> Hugues Kenfack, le pr\u00e9sident de l\u2019universit\u00e9 Toulouse 1 Capitole<\/strong>. Pas au point de fermer le site qui r\u00e9pond aux normes de s\u00e9curit\u00e9, mais quand m\u00eame au point de prendre certaines pr\u00e9cautions. C\u2019est ainsi que ces derni\u00e8res semaines, un filet a \u00e9t\u00e9 install\u00e9 au pied de la fa\u00e7ade de l\u2019aust\u00e8re immeuble. On vous explique pourquoi.<\/p>\n<p>Un filet pour r\u00e9cup\u00e9rer des bouts de fa\u00e7ade\u2026<\/p>\n<p class=\" wall-content\">Ce filet peu esth\u00e9tique est malheureusement li\u00e9 \u00e0 l\u2019\u00e9tat du b\u00e2timent qui se d\u00e9grade. L\u2019immeuble est-il pour autant en p\u00e9ril\u2009?<\/p>\n<p class=\" wall-content\">L\u2019universit\u00e9 Toulouse 1 Capitole, propri\u00e9taire du site, r\u00e9pond \u00e0 Actu Toulouse. Elle se veut claire\u2009:<\/p>\n<p class=\" wall-content\">\u00ab\u2009<strong>Il n\u2019y a pas de danger avec cet immeuble<\/strong>. Nous avons tout de m\u00eame remarqu\u00e9 que des petits bouts de fa\u00e7ade et de toiture s\u2019effritaient. Ces petits bouts tombaient sur le sol. Le filet permet de s\u00e9curiser l\u2019espace public et de r\u00e9cup\u00e9rer ces petits bouts\u2009\u00bb, explique-t-elle.<\/p>\n<p>Un b\u00e2timent destin\u00e9 \u00e0 \u00eatre d\u00e9moli<\/p>\n<p class=\" wall-content\">Des travaux de r\u00e9novation sont-ils \u00e0 l\u2019ordre du jour\u2009? Pas vraiment. Le b\u00e2timent est seulement suivi sur le plan de la s\u00e9curit\u00e9 pour qu\u2019il puisse accueillir des \u00e9tudiants jusqu\u2019en 2026.<\/p>\n<p class=\" wall-content\">Sa d\u00e9molition-reconstruction a en effet \u00e9t\u00e9 act\u00e9e d\u00e8s 2024.<\/p>\n<p class=\" wall-content\">\u00ab\u00a0Le r\u00e9nover aurait co\u00fbt\u00e9 encore plus cher que de le raser, et nous ne serions pas arriv\u00e9s \u00e0 un r\u00e9sultat satisfaisant par rapport \u00e0 nos besoins. Aujourd\u2019hui, le taux d\u2019occupation du campus est de 133\u2009% avec des contraintes immobili\u00e8res importantes. Nous avons donc pris la d\u00e9cision de d\u00e9truire l\u2019ancien b\u00e2timent de Sciences-Po pour reconstruire \u00e0 la place un autre b\u00e2timent. Nous sommes actuellement dans la phase de conception du projet. Nous avons rassembl\u00e9 une partie du financement sur nos fonds propres. L\u2019objectif est de d\u00e9buter les travaux en 2026\u2009\u00bb, <a href=\"https:\/\/actu.fr\/occitanie\/toulouse_31555\/toulouse-l-immeuble-historique-de-sciences-po-va-etre-rase-un-nouveau-projet-a-venir_60585412.html\" rel=\"nofollow noopener\" target=\"_blank\">d\u00e9taillait Hugues Kenfack aupr\u00e8s d\u2019Actu Toulouse, d\u00e9but 2024.<\/a><\/p>\n<p>Votre r\u00e9gion, votre actu !<\/p>\n<p>Recevez chaque jour les infos qui comptent pour vous.<\/p>\n<p>\t<a href=\"https:\/\/actu.fr\/newsletter\" class=\"ac-btn ac-btn--corner ac-btn--medium ac-btn--blue800\" rel=\"nofollow noopener\" target=\"_blank\">S&rsquo;incrire<\/a><br \/>\nProjet d\u2019envergure<\/p>\n<p class=\" wall-content\">Le projet est d\u2019envergure.<\/p>\n<p class=\" wall-content\">Le nouveau b\u00e2timent de 6000 m2 disposera de quatre salles de cours de 100 places et un amphith\u00e9\u00e2tre de 150 places.<\/p>\n<p class=\" wall-content\">\u00ab\u2009On va installer tous les 200 enseignants-chercheurs de l\u2019\u00e9cole de Droit et les laboratoires de la Toulouse School of Management (TSM). Pour l\u2019instant, ils sont dispers\u00e9s un peu partout sur nos sites. Ils seront regroup\u00e9s. Ils auront des locaux communs tels qu\u2019une biblioth\u00e8que, \u00e0 partager avec nos\u00a0300 doctorants\u2009\u00bb, expliquait Virginie Cellier, la directrice du patrimoine de l\u2019universit\u00e9 \u00e0 Actu Toulouse, en septembre\u00a02024.<\/p>\n<p class=\" wall-content\">Personnalisez votre actualit\u00e9 en ajoutant vos villes et m\u00e9dias en favori avec <a href=\"https:\/\/moncompte.actu.fr\" title=\"D\u00e9couvez Mon Actu\" rel=\"nofollow noopener\" data-trk=\"{&quot;cta&quot;:{&quot;action&quot;:&quot;https:\\\/\\\/moncompte.actu.fr&quot;,&quot;category&quot;:&quot;mon compte&quot;,&quot;from&quot;:&quot;article footer&quot;,&quot;name&quot;:&quot;Mon actu&quot;,&quot;type&quot;:&quot;cta&quot;}}\" target=\"_blank\">Mon Actu<\/a>.<\/p>\n","protected":false},"excerpt":{"rendered":"Par David Saint-Sernin Publi\u00e9 le 11 sept. 2025 \u00e0 17h02 C\u2019est un b\u00e2timent bien connu des \u00e9tudiants de&hellip;\n","protected":false},"author":2,"featured_media":383760,"comment_status":"","ping_status":"","sticky":false,"template":"","format":"standard","meta":{"footnotes":""},"categories":[2816],"tags":[1111,11,1777,674,1011,27,12,2680,25,104,2312,1352],"class_list":{"0":"post-383759","1":"post","2":"type-post","3":"status-publish","4":"format-standard","5":"has-post-thumbnail","7":"category-toulouse","8":"tag-actu","9":"tag-actualites","10":"tag-eu","11":"tag-europe","12":"tag-fr","13":"tag-france","14":"tag-news","15":"tag-occitanie","16":"tag-republique-francaise","17":"tag-societe","18":"tag-toulouse","19":"tag-urbanisme"},"share_on_mastodon":{"url":"https:\/\/pubeurope.com\/@fr\/115187865684112287","error":""},"_links":{"self":[{"href":"https:\/\/www.europesays.com\/fr\/wp-json\/wp\/v2\/posts\/383759","targetHints":{"allow":["GET"]}}],"collection":[{"href":"https:\/\/www.europesays.com\/fr\/wp-json\/wp\/v2\/posts"}],"about":[{"href":"https:\/\/www.europesays.com\/fr\/wp-json\/wp\/v2\/types\/post"}],"author":[{"embeddable":true,"href":"https:\/\/www.europesays.com\/fr\/wp-json\/wp\/v2\/users\/2"}],"replies":[{"embeddable":true,"href":"https:\/\/www.europesays.com\/fr\/wp-json\/wp\/v2\/comments?post=383759"}],"version-history":[{"count":0,"href":"https:\/\/www.europesays.com\/fr\/wp-json\/wp\/v2\/posts\/383759\/revisions"}],"wp:featuredmedia":[{"embeddable":true,"href":"https:\/\/www.europesays.com\/fr\/wp-json\/wp\/v2\/media\/383760"}],"wp:attachment":[{"href":"https:\/\/www.europesays.com\/fr\/wp-json\/wp\/v2\/media?parent=383759"}],"wp:term":[{"taxonomy":"category","embeddable":true,"href":"https:\/\/www.europesays.com\/fr\/wp-json\/wp\/v2\/categories?post=383759"},{"taxonomy":"post_tag","embeddable":true,"href":"https:\/\/www.europesays.com\/fr\/wp-json\/wp\/v2\/tags?post=383759"}],"curies":[{"name":"wp","href":"https:\/\/api.w.org\/{rel}","templated":true}]}}