{"id":383763,"date":"2025-09-11T21:49:19","date_gmt":"2025-09-11T21:49:19","guid":{"rendered":"https:\/\/www.europesays.com\/fr\/383763\/"},"modified":"2025-09-11T21:49:19","modified_gmt":"2025-09-11T21:49:19","slug":"un-dechainement-condamne-pour-avoir-viole-et-frappe-une-femme-chez-elle","status":"publish","type":"post","link":"https:\/\/www.europesays.com\/fr\/383763\/","title":{"rendered":"\u00ab\u00a0Un d\u00e9cha\u00eenement\u00a0\u00bb\u00a0: condamn\u00e9 pour avoir viol\u00e9 et frapp\u00e9 une femme chez elle"},"content":{"rendered":"<p>Un jeune homme a \u00e9t\u00e9 condamn\u00e9 \u00e0 12\u00a0ans de r\u00e9clusion par la cour criminelle d\u00e9partementale du Nord, \u00e0 Douai, mardi 2\u00a0septembre 2025. Il a \u00e9t\u00e9 reconnu coupable de viol et violences commis au cours d\u2019une nuit d\u2019ao\u00fbt\u00a02022 sur une jeune femme qu\u2019il avait rencontr\u00e9e dans une rue de <a href=\"https:\/\/lille.maville.com\/actu\/actudet_-un-enseignant-de-l-universite-de-lille-mis-en-examen-pour-viols-incestueux-sur-ses-petits-enfants-_12679-6970641_actu.Htm\" target=\"_self\" rel=\"noopener\">Lille (Nord)<\/a>,\u00a0rapporte  <a href=\"https:\/\/www.lavoixdunord.fr\/1621004\/article\/2025-09-03\/viols-coups-de-ceinturon-chauffe-blanc-12-ans-de-reclusion-pour-une-nuit-d\" target=\"_blank\" rel=\"noopener\">La Voix du Nord<\/a> . Les faits s\u2019\u00e9taient d\u00e9roul\u00e9s dans l\u2019appartement de la victime.<\/p>\n<p>Une expertise \u00e0 venir<\/p>\n<p>\u00c0 l\u2019audience, l\u2019avocate de cette derni\u00e8re a d\u00e9crit le <strong>\u00ab\u00a0d\u00e9cha\u00eenement de violences qui va durer plus de dix heures\u00a0\u00bb<\/strong> subi par sa cliente. Le mis en cause, qui a \u00e9t\u00e9 diagnostiqu\u00e9 schizophr\u00e8ne, a racont\u00e9 avoir\u00a0<strong>\u00ab\u00a0p\u00e9t\u00e9 les plombs\u00a0\u00bb<\/strong> apr\u00e8s une dispute. La jeune femme lui reprochait d\u2019avoir cass\u00e9 une latte du canap\u00e9 sans avoir pr\u00e9sent\u00e9 d\u2019excuses, expliquent nos confr\u00e8res.<\/p>\n<p>Le mis en cause a gifl\u00e9, mordu et frapp\u00e9 la victime avec une ceinture. Apr\u00e8s l\u2019agression, 29 bleus ont \u00e9t\u00e9 constat\u00e9s sur le corps de la jeune femme. Il l\u2019a \u00e9galement viol\u00e9e \u00e0 plusieurs reprises.\u00a0 \u00c0 son proc\u00e8s, l\u2019homme\u00a0qui avait longtemps ni\u00e9 les viols a reconnu une partie des faits. La Lilloise fera quant \u00e0 elle\u00a0l\u2019objet d\u2019une expertise m\u00e9dicale afin d\u2019\u00e9valuer l\u2019ampleur de son pr\u00e9judice physique et psychologique.<\/p>\n<p>\u00a0<\/p>\n","protected":false},"excerpt":{"rendered":"Un jeune homme a \u00e9t\u00e9 condamn\u00e9 \u00e0 12\u00a0ans de r\u00e9clusion par la cour criminelle d\u00e9partementale du Nord, \u00e0&hellip;\n","protected":false},"author":2,"featured_media":383764,"comment_status":"","ping_status":"","sticky":false,"template":"","format":"standard","meta":{"footnotes":""},"categories":[2815],"tags":[1111,11,8652,51649,1777,674,1294,1011,27,11731,811,1307,12,25,51650],"class_list":{"0":"post-383763","1":"post","2":"type-post","3":"status-publish","4":"format-standard","5":"has-post-thumbnail","7":"category-lille","8":"tag-actu","9":"tag-actualites","10":"tag-condamne","11":"tag-dechainement","12":"tag-eu","13":"tag-europe","14":"tag-femme","15":"tag-fr","16":"tag-france","17":"tag-frappe","18":"tag-hauts-de-france","19":"tag-lille","20":"tag-news","21":"tag-republique-francaise","22":"tag-viole"},"share_on_mastodon":{"url":"https:\/\/pubeurope.com\/@fr\/115187873958239940","error":""},"_links":{"self":[{"href":"https:\/\/www.europesays.com\/fr\/wp-json\/wp\/v2\/posts\/383763","targetHints":{"allow":["GET"]}}],"collection":[{"href":"https:\/\/www.europesays.com\/fr\/wp-json\/wp\/v2\/posts"}],"about":[{"href":"https:\/\/www.europesays.com\/fr\/wp-json\/wp\/v2\/types\/post"}],"author":[{"embeddable":true,"href":"https:\/\/www.europesays.com\/fr\/wp-json\/wp\/v2\/users\/2"}],"replies":[{"embeddable":true,"href":"https:\/\/www.europesays.com\/fr\/wp-json\/wp\/v2\/comments?post=383763"}],"version-history":[{"count":0,"href":"https:\/\/www.europesays.com\/fr\/wp-json\/wp\/v2\/posts\/383763\/revisions"}],"wp:featuredmedia":[{"embeddable":true,"href":"https:\/\/www.europesays.com\/fr\/wp-json\/wp\/v2\/media\/383764"}],"wp:attachment":[{"href":"https:\/\/www.europesays.com\/fr\/wp-json\/wp\/v2\/media?parent=383763"}],"wp:term":[{"taxonomy":"category","embeddable":true,"href":"https:\/\/www.europesays.com\/fr\/wp-json\/wp\/v2\/categories?post=383763"},{"taxonomy":"post_tag","embeddable":true,"href":"https:\/\/www.europesays.com\/fr\/wp-json\/wp\/v2\/tags?post=383763"}],"curies":[{"name":"wp","href":"https:\/\/api.w.org\/{rel}","templated":true}]}}