{"id":383765,"date":"2025-09-11T21:50:24","date_gmt":"2025-09-11T21:50:24","guid":{"rendered":"https:\/\/www.europesays.com\/fr\/383765\/"},"modified":"2025-09-11T21:50:24","modified_gmt":"2025-09-11T21:50:24","slug":"semaines-bleues-2025-des-seniors-actualites","status":"publish","type":"post","link":"https:\/\/www.europesays.com\/fr\/383765\/","title":{"rendered":"Semaines bleues 2025 des seniors \/ Actualit\u00e9s"},"content":{"rendered":"<p>La semaine bleue est une manifestation nationale et annuelle. Son but ? Faire \u00e9voluer le regard sur les a\u00een\u00e9s, mettre en lumi\u00e8re les initiatives associatives et cr\u00e9er des liens entre g\u00e9n\u00e9rations. Cette ann\u00e9e 2024, le th\u00e8me national est \u00ab\u00a0Bouger ensemble&#8230; pour entretenir la flamme.\u00a0\u00bb<\/p>\n<p>Demandez le programme !\u00a0Les temps forts<\/p>\n<p><strong>&gt; G\u00e9n\u00e9rations en action,\u00a0\u00e9v\u00e9nement sportif interg\u00e9n\u00e9rationnel <\/strong><\/p>\n<p>\n<strong>Mercredi 15 octobre <\/strong>de 13h30 \u00e0 17h <br \/>Palais des Sports Saint-Sauveur, 78 avenue du Pr\u00e9sident John F. Kennedy <br \/>Gratuit <br \/>Inscription\u00a0au 03 20 58 00 68<\/p>\n<p><strong>&gt; Bal bleu<\/strong><\/p>\n<p>\n<strong>Samedi 18 octobre <\/strong>de 14h \u00e0 18h \u00e0 l&rsquo;h\u00f4tel de ville de Lille<br \/>Gratuit.<br \/>Inscription dans les Espaces Seniors ou au 03 20 58 00 68<\/p>\n<p>Semaines bleues 2025 \u00e0 Lille : programme complet               <\/p>\n<p>Si vous ne parvenez pas \u00e0 consulter le document, connectez-vous depuis un ordinateur de bureau.<\/p>\n<p>Bien vieillir \u00e0 Lille\u00a0<\/p>\n<p>Encourager un vieillissement actif et en bonne sant\u00e9 et accompagner les plus fragiles et leurs familles d\u2019autre part : tels sont les deux fers de lance de la Ville pour prendre soin des seniors.\u00a0<\/p>\n<p>Un agenda pour garder le rythme\u00a0<\/p>\n<p>La Ville vous propose des activit\u00e9s artistiques, sportives, de bien-\u00eatre&#8230; Profitez-en !<\/p>\n<p><a href=\"https:\/\/www.lille.fr\/Senior2\/Avantages-et-loisirs\" target=\"_blank\" class=\"lien_interne\" rel=\"noopener\">Retrouvez toute l\u2019actualit\u00e9 culturelle, loisirs et sportive des seniors.<\/a>\u00a0<\/p>\n<p>Surveiller sa sant\u00e9\u00a0<\/p>\n<p><strong>Le plan d\u2019alerte et d\u2019urgence\u00a0<\/strong><\/p>\n<p>Le Plan d&rsquo;Alerte et d&rsquo;Urgence (PAU) : un dispositif qui permet de b\u00e9n\u00e9ficier d&rsquo;un suivi en cas de risque majeur (canicule, grand froid, \u00e9pid\u00e9mie). <a href=\"https:\/\/www.lille.fr\/Senior2\/Canicule-grand-froid-epidemie\" target=\"_blank\" class=\"lien_interne\" rel=\"noopener\">S\u2019inscrire.<\/a>\u00a0<\/p>\n<p><strong>L\u2019application tempoforme\u00a0<\/strong><\/p>\n<p>La s\u00e9dentarisation, l\u2019ob\u00e9sit\u00e9, le diab\u00e8te, les cancers li\u00e9s \u00e0 l&rsquo;alcool et\/ou au tabac&#8230; Nos modes de vie sont susceptibles d&rsquo;entrainer une perte d&rsquo;autonomie et de mobilit\u00e9 avec l\u2019\u00e2ge.\u00a0<\/p>\n<p>L\u2019application \u201ctempoforme\u201d (d\u00e9velopp\u00e9e notamment par le CHU de Lille) vous invite \u00e0 pr\u00e9venir ces risques pour am\u00e9liorer votre esp\u00e9rance de vie en bonne sant\u00e9. <a href=\"https:\/\/www.lille.fr\/Mairie-de-Lille\/Actualites\/Garder-la-forme-et-bien-vieillir\" target=\"_blank\" class=\"lien_interne\" rel=\"noopener\">En savoir plus.<\/a>\u00a0<\/p>\n<p>La municipalit\u00e9 \u00e0 votre \u00e9coute\u00a0<\/p>\n<p><strong>Le point infos seniors\u00a0<\/strong><\/p>\n<p>Il s\u2019adresse aux plus de 60 ans mais \u00e9galement aux professionnels du secteur social et m\u00e9dico-social. Les seniors y b\u00e9n\u00e9ficient d\u2019un accueil, d\u2019une \u00e9coute, d\u2019une orientation, ainsi que d\u2019une possibilit\u00e9 d\u2019accompagnement.\u00a0<\/p>\n<p>\nHall de l\u2019h\u00f4tel de ville, place Augustin Laurent\u00a0<br \/>Du lundi au vendredi de 9h \u00e0 12h30 et de 14h \u00e0 17h.\u00a0<br \/>03 20 49 57 49 \/ <a href=\"https:\/\/www.lille.fr\/Actualites\/mailto:pointinfoseniors@mairie-lille.fr\" title=\"Cliquez pour ouvrir votre messagerie\" target=\"_blank\" class=\"lien_interne\" rel=\"noopener\">pointinfoseniors@mairie-lille.fr<\/a>\u00a0<\/p>\n<p><strong>Une rubrique d\u00e9di\u00e9e aux seniors\u00a0<\/strong><\/p>\n<p>Aidants, autonomie, logement, agenda&#8230; Retrouvez toutes les informations sur <a href=\"http:\/\/seniors.lille.fr\/\" target=\"_blank\" class=\"lien_interne\" rel=\"noopener\">seniors.lille.fr<\/a>\u00a0<\/p>\n<p><strong>Restez inform\u00e9s\u00a0<\/strong><\/p>\n<p>Vous souhaitez \u00eatre inform\u00e9 des actualit\u00e9s, \u00e9v\u00e9nements, activit\u00e9s\u2026 ? Transmettez vos coordonn\u00e9es mail et t\u00e9l\u00e9phone portable au service P.A.S.S. Seniors : <a href=\"https:\/\/www.lille.fr\/gestion\/pass-senior@mairie-lille.fr\" target=\"_blank\" class=\"lien_interne\" rel=\"noopener\">pass-senior@mairie-lille.fr<\/a> \/ 03 20 58 00 68\u00a0<\/p>\n","protected":false},"excerpt":{"rendered":"La semaine bleue est une manifestation nationale et annuelle. Son but ? Faire \u00e9voluer le regard sur les&hellip;\n","protected":false},"author":2,"featured_media":383766,"comment_status":"","ping_status":"","sticky":false,"template":"","format":"standard","meta":{"footnotes":""},"categories":[2815],"tags":[1111,11,4763,1777,674,1011,27,811,1307,5415,12,25],"class_list":{"0":"post-383765","1":"post","2":"type-post","3":"status-publish","4":"format-standard","5":"has-post-thumbnail","7":"category-lille","8":"tag-actu","9":"tag-actualites","10":"tag-agenda","11":"tag-eu","12":"tag-europe","13":"tag-fr","14":"tag-france","15":"tag-hauts-de-france","16":"tag-lille","17":"tag-mairie","18":"tag-news","19":"tag-republique-francaise"},"share_on_mastodon":{"url":"https:\/\/pubeurope.com\/@fr\/115187877520648495","error":""},"_links":{"self":[{"href":"https:\/\/www.europesays.com\/fr\/wp-json\/wp\/v2\/posts\/383765","targetHints":{"allow":["GET"]}}],"collection":[{"href":"https:\/\/www.europesays.com\/fr\/wp-json\/wp\/v2\/posts"}],"about":[{"href":"https:\/\/www.europesays.com\/fr\/wp-json\/wp\/v2\/types\/post"}],"author":[{"embeddable":true,"href":"https:\/\/www.europesays.com\/fr\/wp-json\/wp\/v2\/users\/2"}],"replies":[{"embeddable":true,"href":"https:\/\/www.europesays.com\/fr\/wp-json\/wp\/v2\/comments?post=383765"}],"version-history":[{"count":0,"href":"https:\/\/www.europesays.com\/fr\/wp-json\/wp\/v2\/posts\/383765\/revisions"}],"wp:featuredmedia":[{"embeddable":true,"href":"https:\/\/www.europesays.com\/fr\/wp-json\/wp\/v2\/media\/383766"}],"wp:attachment":[{"href":"https:\/\/www.europesays.com\/fr\/wp-json\/wp\/v2\/media?parent=383765"}],"wp:term":[{"taxonomy":"category","embeddable":true,"href":"https:\/\/www.europesays.com\/fr\/wp-json\/wp\/v2\/categories?post=383765"},{"taxonomy":"post_tag","embeddable":true,"href":"https:\/\/www.europesays.com\/fr\/wp-json\/wp\/v2\/tags?post=383765"}],"curies":[{"name":"wp","href":"https:\/\/api.w.org\/{rel}","templated":true}]}}