{"id":383773,"date":"2025-09-11T21:54:15","date_gmt":"2025-09-11T21:54:15","guid":{"rendered":"https:\/\/www.europesays.com\/fr\/383773\/"},"modified":"2025-09-11T21:54:15","modified_gmt":"2025-09-11T21:54:15","slug":"homme-tue-par-balles-a-lyon-un-jeune-de-19-ans-se-livre-a-la-police","status":"publish","type":"post","link":"https:\/\/www.europesays.com\/fr\/383773\/","title":{"rendered":"Homme tu\u00e9 par balles \u00e0 Lyon\u00a0: un jeune de 19\u00a0ans se livre \u00e0 la police"},"content":{"rendered":"<p class=\"paragraph text_align_left lp-f-body-02\">Un jeune homme de 19\u00a0ans s\u2019est rendu jeudi \u00e0 la police en pr\u00e9tendant \u00eatre l\u2019auteur du <a href=\"https:\/\/www.leparisien.fr\/faits-divers\/lyon-mort-dun-homme-de-22-ans-grievement-blesse-par-balles-les-auteurs-des-tirs-recherches-11-09-2025-UY25DRWURZCKXGNKVJNALTGUMI.php\" target=\"_blank\" rel=\"noreferrer nofollow noopener\">meurtre d\u2019un homme de 22\u00a0ans<\/a>, gri\u00e8vement bless\u00e9 par balles mercredi soir \u00e0 Lyon et d\u00e9c\u00e9d\u00e9 \u00e0 l\u2019h\u00f4pital dans la nuit, a annonc\u00e9 la police \u00e0 l\u2019AFP.<\/p>\n<p class=\"paragraph text_align_left lp-f-body-02\">La victime, touch\u00e9e dans une rue du centre-ville, avait \u00e9t\u00e9 hospitalis\u00e9e en d\u00e9but de soir\u00e9e en arr\u00eat cardiorespiratoire.<\/p>\n<p class=\"paragraph text_align_left lp-f-body-02\">\u00ab\u00a0Un individu de 19\u00a0ans s\u2019est pr\u00e9sent\u00e9 en fin de matin\u00e9e (jeudi) au commissariat de Villeurbanne\u00a0\u00bb, dans la banlieue de Lyon, \u00ab\u00a0pr\u00e9tendant \u00eatre l\u2019auteur des tirs mortels\u00a0\u00bb, a indiqu\u00e9 \u00e0 l\u2019AFP une responsable de la police, ajoutant qu\u2019il a \u00e9t\u00e9 plac\u00e9 en garde \u00e0 vue.<\/p>\n<p>Pas de lien avec \u00ab\u00a0Bloquons tout\u00a0\u00bb<\/p>\n<p class=\"paragraph text_align_left lp-f-body-02\">Une enqu\u00eate pour tentative de meurtre avait \u00e9t\u00e9 ouverte dans la soir\u00e9e mercredi, avait annonc\u00e9 le parquet, pr\u00e9cisant que, selon les premiers \u00e9l\u00e9ments recueillis, les tirs \u00ab\u00a0seraient survenus \u00e0 la suite d\u2019une rixe\u00a0\u00bb.<\/p>\n<p class=\"lp-card-podcast-highlighting__title  lp-f-subtitle-05\">[2\/6] Jubillar\u00a0: de la disparition au proc\u00e8s, une affaire sans corps ni aveux<\/p>\n<p class=\"lp-card-podcast-highlighting__description lp-f-ui-05\">Crime story raconte chaque semaine les grandes affaires criminelles.<\/p>\n<p><a class=\"lp-card-podcast-highlighting__call-to-action\" data-page-type=\"HP\" data-block-name=\"podcast-highlight\">\u00c9couter<\/a><\/p>\n<p class=\"paragraph text_align_left lp-f-body-02\">Aucun lien n\u2019a \u00e9t\u00e9 \u00e9tabli, \u00e0 ce stade, avec les manifestations du mouvement \u00ab\u00a0Bloquons tout\u00a0\u00bb, qui ont rassembl\u00e9 8 000 personnes \u00e0 Lyon mercredi, \u00e9maill\u00e9es d\u2019affrontements sporadiques avec les forces de l\u2019ordre et de d\u00e9gradations, avait pr\u00e9cis\u00e9 la pr\u00e9fecture mercredi soir.<\/p>\n","protected":false},"excerpt":{"rendered":"Un jeune homme de 19\u00a0ans s\u2019est rendu jeudi \u00e0 la police en pr\u00e9tendant \u00eatre l\u2019auteur du meurtre d\u2019un&hellip;\n","protected":false},"author":2,"featured_media":383774,"comment_status":"","ping_status":"","sticky":false,"template":"","format":"standard","meta":{"footnotes":""},"categories":[1889],"tags":[1111,11,2430,459,1777,674,118,1011,27,2428,12,25],"class_list":{"0":"post-383773","1":"post","2":"type-post","3":"status-publish","4":"format-standard","5":"has-post-thumbnail","7":"category-lyon","8":"tag-actu","9":"tag-actualites","10":"tag-auvergne-rhone-alpes","11":"tag-departements-horsidfo","12":"tag-eu","13":"tag-europe","14":"tag-faits-divers","15":"tag-fr","16":"tag-france","17":"tag-lyon","18":"tag-news","19":"tag-republique-francaise"},"share_on_mastodon":{"url":"https:\/\/pubeurope.com\/@fr\/115187893075192246","error":""},"_links":{"self":[{"href":"https:\/\/www.europesays.com\/fr\/wp-json\/wp\/v2\/posts\/383773","targetHints":{"allow":["GET"]}}],"collection":[{"href":"https:\/\/www.europesays.com\/fr\/wp-json\/wp\/v2\/posts"}],"about":[{"href":"https:\/\/www.europesays.com\/fr\/wp-json\/wp\/v2\/types\/post"}],"author":[{"embeddable":true,"href":"https:\/\/www.europesays.com\/fr\/wp-json\/wp\/v2\/users\/2"}],"replies":[{"embeddable":true,"href":"https:\/\/www.europesays.com\/fr\/wp-json\/wp\/v2\/comments?post=383773"}],"version-history":[{"count":0,"href":"https:\/\/www.europesays.com\/fr\/wp-json\/wp\/v2\/posts\/383773\/revisions"}],"wp:featuredmedia":[{"embeddable":true,"href":"https:\/\/www.europesays.com\/fr\/wp-json\/wp\/v2\/media\/383774"}],"wp:attachment":[{"href":"https:\/\/www.europesays.com\/fr\/wp-json\/wp\/v2\/media?parent=383773"}],"wp:term":[{"taxonomy":"category","embeddable":true,"href":"https:\/\/www.europesays.com\/fr\/wp-json\/wp\/v2\/categories?post=383773"},{"taxonomy":"post_tag","embeddable":true,"href":"https:\/\/www.europesays.com\/fr\/wp-json\/wp\/v2\/tags?post=383773"}],"curies":[{"name":"wp","href":"https:\/\/api.w.org\/{rel}","templated":true}]}}