{"id":383775,"date":"2025-09-11T21:56:18","date_gmt":"2025-09-11T21:56:18","guid":{"rendered":"https:\/\/www.europesays.com\/fr\/383775\/"},"modified":"2025-09-11T21:56:18","modified_gmt":"2025-09-11T21:56:18","slug":"sante-mentale-marion-leboyer-directrice-de-la-fondation-fondamental-presente-la-plateforme-mymood","status":"publish","type":"post","link":"https:\/\/www.europesays.com\/fr\/383775\/","title":{"rendered":"Sant\u00e9 mentale : Marion Leboyer, directrice de la fondation FondaMental, pr\u00e9sente la plateforme MyMood"},"content":{"rendered":"<p>    Concr\u00e8tement, comment fonctionne MyMood\u00a0?<\/p>\n<p><strong>M. L. :<\/strong> C\u2019est une plateforme gratuite qui a \u00e9t\u00e9 con\u00e7ue pour \u00eatre facile d\u2019utilisation et le plus intuitive possible. Elle est en perp\u00e9tuelle \u00e9volution car nous continuons \u00e0 l\u2019am\u00e9liorer. Apr\u00e8s s\u2019\u00eatre connect\u00e9s, les jeunes r\u00e9alisent des tests d\u2019auto-\u00e9valuation pour faire le point en quelques minutes sur leur \u00e9tat. \u00c0 partir de ces r\u00e9sultats, la plateforme leur propose un panel de ressources personnalis\u00e9es et d\u2019outils th\u00e9rapeutiques. Et comme le parcours \u00ab sant\u00e9 mentale \u00bb peut parfois \u00eatre assez complexe en France, la plateforme propose \u00e9galement \u00e0 l\u2019utilisateur une carte interactive des ressources pr\u00e8s de chez lui, de son \u00e9cole ou de son lieu de travail, pour qu\u2019il puisse trouver de l\u2019aide : th\u00e9rapeutes, associations, Bureaux d\u2019Aide Psychologique Universitaires, Centres M\u00e9dico-Psychologiques&#8230; MyMood permet \u00e9galement de prendre rendez-vous directement avec des professionnels de sant\u00e9 (psychiatres, psychologues ou addictologues), gr\u00e2ce \u00e0 un partenariat avec Doctolib. <strong>Le but est que l\u2019utilisateur sache vers qui il peut se tourner pour trouver de l\u2019aide.<\/strong><\/p>\n<p>Quels acteurs ont \u00e9t\u00e9 mobilis\u00e9s pour la cr\u00e9ation de cette plateforme\u00a0?<\/p>\n<p><strong>M. L. :<\/strong> La plateforme a \u00e9t\u00e9 construite avec un conseil scientifique compos\u00e9 de psychiatres et des psychologues sp\u00e9cialis\u00e9s dans la prise en charge des jeunes. Nous travaillons \u00e9galement avec diff\u00e9rents partenaires, notamment Nightline, une plateforme qui travaille sur la pr\u00e9vention des suicides ou encore La Maison Perch\u00e9e, une association cr\u00e9\u00e9e par des jeunes pour des jeunes vivant avec un trouble psychique, qui fait un travail remarquable pour mettre \u00e0 disposition et <strong>diffuser de l\u2019information et briser les id\u00e9es re\u00e7ues sur ces maladies<\/strong>. Nous collaborons \u00e9galement avec des structures comme Doctolib pour faciliter la mise en relation des jeunes patients avec des professionnels de sant\u00e9. Sans oublier bien s\u00fbr la <strong>R\u00e9gion \u00cele-de-France qui est le financeur de l\u2019op\u00e9ration.<\/strong><\/p>\n<p>Avez-vous d\u00e9j\u00e0 eu des retours d\u2019exp\u00e9rience depuis le lancement\u00a0?<\/p>\n<p><strong>M. L. :<\/strong> Il est encore un peu trop t\u00f4t pour avoir des chiffres, mais nous avons re\u00e7u beaucoup de retours positifs de la part d\u2019utilisateurs lors du festival Solidays. De notre c\u00f4t\u00e9, nous nous basons sur chaque commentaire et sur chaque retour pour continuer \u00e0 enrichir et am\u00e9liorer la plateforme.<\/p>\n<p>Quels sont les autres projets ou actions majeures que la fondation m\u00e8ne en faveur de la sant\u00e9 mentale des jeunes\u00a0?<\/p>\n<p><strong>M. L. :<\/strong> Nous avons d\u00e9velopp\u00e9 de nombreux autres outils d\u2019information et d\u2019auto-\u00e9valuation destin\u00e9s aux jeunes. Nous avons par exemple lanc\u00e9 une application pour la pr\u00e9vention des id\u00e9es suicidaires chez les adolescents, Before Anyone Else (BAE), en partenariat avec le CHU de Montpellier. En effet,<strong> depuis la pand\u00e9mie de Covid-19, nous avons constat\u00e9 une augmentation extr\u00eamement importante des id\u00e9es suicidaires <\/strong>et des tentatives de suicide chez les tr\u00e8s jeunes, en particulier chez les adolescentes<\/p>\n<p>Les jeunes parents font \u00e9galement face \u00e0 un autre probl\u00e8me, celui de la <strong>d\u00e9pression post-partum.<\/strong> Aujourd\u2019hui, le suicide est devenu la 1re cause de mortalit\u00e9 chez les jeunes femmes en p\u00e9riode p\u00e9rinatale. Pourtant, sur cette question de la d\u00e9pression post-partum, le diagnostic et le niveau d\u2019informations sont tr\u00e8s insuffisants. Nous avons donc lanc\u00e9 l\u2019application LENA, qui est construite sur le m\u00eame mod\u00e8le que MyMood : de l\u2019information, un outil d\u2019auto-\u00e9valuation et des ressources pour savoir qui contacter en cas de besoin. Nous sommes \u00e9galement en train de construire une plateforme pour les jeunes adultes qui regroupera bient\u00f4t l\u2019ensemble de ces applications qui ont vu le jour dans le cadre du travail r\u00e9alis\u00e9 gr\u00e2ce \u00e0 la R\u00e9gion.<\/p>\n<p>Justement quel r\u00f4le a jou\u00e9 la R\u00e9gion \u00cele-de-France dans le d\u00e9veloppement de MyMood\u00a0?<\/p>\n<p><strong>M. L. :<\/strong> Gr\u00e2ce \u00e0 l\u2019appel \u00e0 projets de la R\u00e9gion \u00cele-de-France li\u00e9 \u00e0 la Question d\u2019Int\u00e9r\u00eat Majeur \u00ab Sant\u00e9 mentale des jeunes Franciliens \u00bb, nous avons pu financer un programme ambitieux pour la sant\u00e9 mentale des jeunes, pour lequel nous avons men\u00e9 plusieurs actions. La R\u00e9gion nous a tout d\u2019abord permis de r\u00e9aliser un barom\u00e8tre r\u00e9gulier sur la sant\u00e9 mentale des jeunes Franciliens au cours de ces 3 derni\u00e8res ann\u00e9es, afin de mieux comprendre l\u2019\u00e9volution de leur situation depuis la fin de la pand\u00e9mie.<\/p>\n<p>Ensuite, elle nous a permis de construire ces plateformes d\u2019information et de soutien, dont MyMood, pour ne pas en rester \u00e0 un simple constat et apporter aux jeunes Franciliens tout un ensemble de ressources pratiques pour mieux comprendre leurs sympt\u00f4mes, leur permettre de s\u2019auto-\u00e9valuer et les orienter vers des ressources pratiques au quotidien, comme des livres, des articles ou encore des podcasts. L\u2019autre objectif de ces outils est d\u2019<strong>orienter les jeunes vers une prise en charge adapt\u00e9e,<\/strong> en facilitant la mise en relation avec des professionnels de sant\u00e9 pr\u00e8s de chez eux.<\/p>\n<p>Auparavant, nous avions d\u00e9j\u00e0 travaill\u00e9 avec la R\u00e9gion \u00cele-de-France pour cr\u00e9er <a href=\"https:\/\/www.iledefrance.fr\/toutes-les-actualites\/ecoute-etudiants-ile-de-france-plateforme-daide-pour-les-etudiants-en-souffrance\" data-entity-type=\"node\" data-entity-uuid=\"5ce37fbf-0c6e-40c9-82ee-34c0f1fefd07\" data-entity-substitution=\"canonical\" rel=\"nofollow noopener\" target=\"_blank\"><strong>\u00ab \u00c9coute \u00e9tudiant \u00cele-de-France \u00bb<\/strong><\/a>, la toute premi\u00e8re plateforme de prise en charge des jeunes pendant la pand\u00e9mie de Covid, durant laquelle la R\u00e9gion finan\u00e7ait des consultations gratuites en distanciel avec des psychologues. Forts de l\u2019exp\u00e9rience de cette premi\u00e8re plateforme, nous avons poursuivi nos actions pour la sant\u00e9 mentale des jeunes, d\u00e9velopp\u00e9 de nouveaux outils digitaux, et continu\u00e9 \u00e0 enrichir notre panel de ressources.<\/p>\n<p>Aujourd\u2019hui, quelques ann\u00e9es apr\u00e8s la crise du Covid, comment \u00e9volue la sant\u00e9 mentale des jeunes\u00a0?<\/p>\n<p><strong>M. L. :<\/strong> Les jeunes ne vont pas bien. On voit, dans le monde entier, augmenter les indicateurs de pathologies mentales. Ceux-ci avaient commenc\u00e9 \u00e0 augmenter un peu avant le Covid et se sont tr\u00e8s fortement accrus pendant la pand\u00e9mie, notamment \u00e0 partir du premier confinement. On a notamment connu un pic extr\u00eamement important sur les tentatives de suicide des jeunes adolescentes \u00e0 ce moment-l\u00e0. Selon notre barom\u00e8tre, en 2024, <strong>50<\/strong>\u00a0<strong>% des jeunes pr\u00e9sentaient des sympt\u00f4mes d\u00e9pressifs, 40<\/strong>\u00a0<strong>% des sympt\u00f4mes anxieux et 32<\/strong>\u00a0<strong>% avaient des pens\u00e9es suicidaires.<\/strong> Ce sont des chiffres vraiment alarmants. Des sondages successifs nous ont appris que les facteurs les plus fortement associ\u00e9s \u00e0 la d\u00e9pression sont <strong>la solitude et le cyberharc\u00e8lement.<\/strong> Un autre point tr\u00e8s inqui\u00e9tant, c\u2019est que pour des raisons financi\u00e8res, <strong>les jeunes renoncent tr\u00e8s souvent aux soins en sant\u00e9 mentale<\/strong>, alors qu\u2019il existe de nombreux points d\u2019acc\u00e8s aux soins gratuits en \u00cele-de-France. Il y a donc vraiment un travail d\u2019information \u00e0 faire pour que les jeunes osent parler de sant\u00e9 mentale, osent consulter et soient pris en charge.<\/p>\n<p>Quel conseil donneriez-vous aux jeunes qui peuvent se sentir en souffrance ou \u00e0 leur entourage\u00a0?<\/p>\n<p><strong>M. L. :<\/strong> Je leur dirais que <strong>les maladies mentales telles que les d\u00e9pressions, les troubles anxieux et les conduites suicidaires sont des maladies comme les autres. <\/strong>Il faut absolument casser les fausses repr\u00e9sentations qui entourent ces maladies. L\u2019important c\u2019est de ne pas rester tout seul face \u00e0 ses difficult\u00e9s. Alors demandez de l\u2019aide, parlez-en autour de vous, parlez-en \u00e0 votre g\u00e9n\u00e9raliste et n\u2019h\u00e9sitez surtout pas \u00e0 consulter un sp\u00e9cialiste. C\u2019est pour cela qu\u2019on a cr\u00e9\u00e9 cette plateforme, pour mettre \u00e0 votre disposition toutes ces ressources et notamment l\u2019auto-\u00e9valuation gr\u00e2ce \u00e0 des questionnaires valid\u00e9s internationalement. En psychiatrie, on n\u2019a pas de thermom\u00e8tre. Il est donc important de savoir se rep\u00e9rer par rapport aux difficult\u00e9s que l\u2019on peut avoir. Il ne faut pas avoir de tabou.<\/p>\n","protected":false},"excerpt":{"rendered":"Concr\u00e8tement, comment fonctionne MyMood\u00a0? M. L. : C\u2019est une plateforme gratuite qui a \u00e9t\u00e9 con\u00e7ue pour \u00eatre facile&hellip;\n","protected":false},"author":2,"featured_media":383776,"comment_status":"","ping_status":"","sticky":false,"template":"","format":"standard","meta":{"footnotes":""},"categories":[1592],"tags":[1111,11,1777,674,1011,27,662,12,626,25],"class_list":{"0":"post-383775","1":"post","2":"type-post","3":"status-publish","4":"format-standard","5":"has-post-thumbnail","7":"category-ile-de-france","8":"tag-actu","9":"tag-actualites","10":"tag-eu","11":"tag-europe","12":"tag-fr","13":"tag-france","14":"tag-ile-de-france","15":"tag-news","16":"tag-paris","17":"tag-republique-francaise"},"share_on_mastodon":{"url":"https:\/\/pubeurope.com\/@fr\/115187901005845693","error":""},"_links":{"self":[{"href":"https:\/\/www.europesays.com\/fr\/wp-json\/wp\/v2\/posts\/383775","targetHints":{"allow":["GET"]}}],"collection":[{"href":"https:\/\/www.europesays.com\/fr\/wp-json\/wp\/v2\/posts"}],"about":[{"href":"https:\/\/www.europesays.com\/fr\/wp-json\/wp\/v2\/types\/post"}],"author":[{"embeddable":true,"href":"https:\/\/www.europesays.com\/fr\/wp-json\/wp\/v2\/users\/2"}],"replies":[{"embeddable":true,"href":"https:\/\/www.europesays.com\/fr\/wp-json\/wp\/v2\/comments?post=383775"}],"version-history":[{"count":0,"href":"https:\/\/www.europesays.com\/fr\/wp-json\/wp\/v2\/posts\/383775\/revisions"}],"wp:featuredmedia":[{"embeddable":true,"href":"https:\/\/www.europesays.com\/fr\/wp-json\/wp\/v2\/media\/383776"}],"wp:attachment":[{"href":"https:\/\/www.europesays.com\/fr\/wp-json\/wp\/v2\/media?parent=383775"}],"wp:term":[{"taxonomy":"category","embeddable":true,"href":"https:\/\/www.europesays.com\/fr\/wp-json\/wp\/v2\/categories?post=383775"},{"taxonomy":"post_tag","embeddable":true,"href":"https:\/\/www.europesays.com\/fr\/wp-json\/wp\/v2\/tags?post=383775"}],"curies":[{"name":"wp","href":"https:\/\/api.w.org\/{rel}","templated":true}]}}