{"id":383781,"date":"2025-09-11T22:00:29","date_gmt":"2025-09-11T22:00:29","guid":{"rendered":"https:\/\/www.europesays.com\/fr\/383781\/"},"modified":"2025-09-11T22:00:29","modified_gmt":"2025-09-11T22:00:29","slug":"paris-un-homme-blesse-un-passant-a-larme-blanche-puis-prend-la-fuite","status":"publish","type":"post","link":"https:\/\/www.europesays.com\/fr\/383781\/","title":{"rendered":"Paris. Un homme blesse un passant \u00e0 l&rsquo;arme blanche, puis prend la fuite"},"content":{"rendered":"<p>Panique dans le VIIe arrondissement de Paris. Jeudi, en fin d&rsquo;apr\u00e8s-midi, un homme arm\u00e9 d&rsquo;une arme blanche a bless\u00e9 l\u00e9g\u00e8rement un passant, \u00e2g\u00e9 d&rsquo;une cinquantaine d&rsquo;ann\u00e9es, rapportent <a href=\"https:\/\/www.leparisien.fr\/paris-75\/paris-une-attaque-a-larme-blanche-fait-un-blesse-dans-le-viie-arrondissement-lauteur-en-fuite-11-09-2025-SSZLKJSWFZG5VBUZLDFRBOHEN4.php\" target=\"_blank\" rel=\"nofollow noopener\">Le Parisien<\/a> et <a href=\"https:\/\/www.bfmtv.com\/police-justice\/paris-une-personne-blessee-par-arme-blanche-le-suspect-activement-recherche_AN-202509110875.html\" target=\"_blank\" rel=\"nofollow noopener\">BFMTV<\/a>.<\/p>\n<p>Le suspect a pris la fuite, activement recherch\u00e9 par les forces de l&rsquo;ordre, qui ont boucl\u00e9 le quartier. D&rsquo;apr\u00e8s une source polici\u00e8re au Parisien, l&rsquo;auteur de l&rsquo;agression serait rentr\u00e9 dans un immeuble du quartier. <\/p>\n<p>Ce contenu est bloqu\u00e9 car vous n&rsquo;avez pas accept\u00e9 les cookies et autres traceurs.<\/p>\n<p>En cliquant sur \u00ab J\u2019accepte \u00bb, les cookies et autres traceurs seront d\u00e9pos\u00e9s et vous pourrez visualiser les contenus  (<a href=\"\" class=\"consentModule_policy\" target=\"_blank\" title=\"Consulter la politique de protection des donn\u00e9es du fournisseur\">plus d&rsquo;informations<\/a>).<\/p>\n<p>En cliquant sur \u00ab J\u2019accepte tous les cookies \u00bb, vous autorisez des d\u00e9p\u00f4ts de cookies et autres traceurs pour le stockage de vos donn\u00e9es sur nos sites et applications \u00e0 des fins de personnalisation et de ciblage publicitaire.<\/p>\n<p class=\"consentModule_secondaryText\">Vous gardez la possibilit\u00e9 de retirer votre consentement \u00e0 tout moment en consultant notre <a href=\"https:\/\/www.ledauphine.com\/protection-des-donnees\" target=\"_blank\" title=\"Consulter notre politique de protection des donn\u00e9es\" rel=\"noopener\">politique de protection des donn\u00e9es<\/a>. <br \/>&#13;<br \/>\n            <a href=\"https:\/\/www.ledauphine.com\/faits-divers-justice\/2025\/09\/11\/javascript:Didomi.notice.show()\" class=\"consentModule_cmp\" target=\"_blank\" rel=\"noopener\">G\u00e9rer mes choix<\/a>&#13;\n        <\/p>\n<p>&#13;<br \/>\n                        J&rsquo;accepte&#13;<br \/>\n            J&rsquo;accepte tous les cookies&#13;\n        <\/p>\n<p>Ce contenu est bloqu\u00e9 car vous n&rsquo;avez pas accept\u00e9 les cookies et autres traceurs.<\/p>\n<p>En cliquant sur \u00ab J\u2019accepte \u00bb, les cookies et autres traceurs seront d\u00e9pos\u00e9s et vous pourrez visualiser les contenus  (<a href=\"\" class=\"consentModule_policy\" target=\"_blank\" title=\"Consulter la politique de protection des donn\u00e9es du fournisseur\">plus d&rsquo;informations<\/a>).<\/p>\n<p>En cliquant sur \u00ab J\u2019accepte tous les cookies \u00bb, vous autorisez des d\u00e9p\u00f4ts de cookies et autres traceurs pour le stockage de vos donn\u00e9es sur nos sites et applications \u00e0 des fins de personnalisation et de ciblage publicitaire.<\/p>\n<p class=\"consentModule_secondaryText\">Vous gardez la possibilit\u00e9 de retirer votre consentement \u00e0 tout moment en consultant notre <a href=\"https:\/\/www.ledauphine.com\/protection-des-donnees\" target=\"_blank\" title=\"Consulter notre politique de protection des donn\u00e9es\" rel=\"noopener\">politique de protection des donn\u00e9es<\/a>. <br \/>&#13;<br \/>\n            <a href=\"https:\/\/www.ledauphine.com\/faits-divers-justice\/2025\/09\/11\/javascript:Didomi.notice.show()\" class=\"consentModule_cmp\" target=\"_blank\" rel=\"noopener\">G\u00e9rer mes choix<\/a>&#13;\n        <\/p>\n<p>&#13;<br \/>\n                        J&rsquo;accepte&#13;<br \/>\n            J&rsquo;accepte tous les cookies&#13;\n        <\/p>\n<p>D&rsquo;apr\u00e8s les premiers \u00e9l\u00e9ments de l&rsquo;enqu\u00eate, l&rsquo;arme utilis\u00e9e serait un hachoir, a indiqu\u00e9 une source polici\u00e8re \u00e0 l&rsquo;AFP. La victime \u00e9tait dans la rue quand elle a \u00e9t\u00e9 bless\u00e9e pour une raison encore inconnue, sans que son pronostic vital ne soit engag\u00e9, selon cette m\u00eame source.<\/p>\n<p>\u00ab Toutes les forces de police sont d\u00e9ploy\u00e9es dans le secteur. On a quelques bribes d\u2019\u00e9l\u00e9ments gr\u00e2ce \u00e0 une cam\u00e9ra qui voit dans quelles circonstances il y a eu un contact entre l\u2019assaillant et la victime\u00a0\u00bb, indique la maire (LR) du VIIe, <a href=\"https:\/\/www.ledauphine.com\/p\/rachida-dati\" target=\"_blank\" rel=\"noopener\">Rachida Dati<\/a>, aupr\u00e8s du Parisien. Elle s\u2019est rendue sur place ce jeudi soir pour \u00ab rassurer les habitants du secteur \u00bb dans ce quartier familial.<\/p>\n","protected":false},"excerpt":{"rendered":"Panique dans le VIIe arrondissement de Paris. Jeudi, en fin d&rsquo;apr\u00e8s-midi, un homme arm\u00e9 d&rsquo;une arme blanche a&hellip;\n","protected":false},"author":2,"featured_media":383782,"comment_status":"","ping_status":"","sticky":false,"template":"","format":"standard","meta":{"footnotes":""},"categories":[1888],"tags":[11,271,272,1777,674,274,107,1011,27,329,12,626,25],"class_list":{"0":"post-383781","1":"post","2":"type-post","3":"status-publish","4":"format-standard","5":"has-post-thumbnail","7":"category-paris","8":"tag-actualites","9":"tag-crime","10":"tag-delit-et-contravention","11":"tag-eu","12":"tag-europe","13":"tag-faits-divers-justice","14":"tag-fil-info","15":"tag-fr","16":"tag-france","17":"tag-france-monde","18":"tag-news","19":"tag-paris","20":"tag-republique-francaise"},"share_on_mastodon":{"url":"https:\/\/pubeurope.com\/@fr\/115187916737958302","error":""},"_links":{"self":[{"href":"https:\/\/www.europesays.com\/fr\/wp-json\/wp\/v2\/posts\/383781","targetHints":{"allow":["GET"]}}],"collection":[{"href":"https:\/\/www.europesays.com\/fr\/wp-json\/wp\/v2\/posts"}],"about":[{"href":"https:\/\/www.europesays.com\/fr\/wp-json\/wp\/v2\/types\/post"}],"author":[{"embeddable":true,"href":"https:\/\/www.europesays.com\/fr\/wp-json\/wp\/v2\/users\/2"}],"replies":[{"embeddable":true,"href":"https:\/\/www.europesays.com\/fr\/wp-json\/wp\/v2\/comments?post=383781"}],"version-history":[{"count":0,"href":"https:\/\/www.europesays.com\/fr\/wp-json\/wp\/v2\/posts\/383781\/revisions"}],"wp:featuredmedia":[{"embeddable":true,"href":"https:\/\/www.europesays.com\/fr\/wp-json\/wp\/v2\/media\/383782"}],"wp:attachment":[{"href":"https:\/\/www.europesays.com\/fr\/wp-json\/wp\/v2\/media?parent=383781"}],"wp:term":[{"taxonomy":"category","embeddable":true,"href":"https:\/\/www.europesays.com\/fr\/wp-json\/wp\/v2\/categories?post=383781"},{"taxonomy":"post_tag","embeddable":true,"href":"https:\/\/www.europesays.com\/fr\/wp-json\/wp\/v2\/tags?post=383781"}],"curies":[{"name":"wp","href":"https:\/\/api.w.org\/{rel}","templated":true}]}}