{"id":383783,"date":"2025-09-11T22:01:11","date_gmt":"2025-09-11T22:01:11","guid":{"rendered":"https:\/\/www.europesays.com\/fr\/383783\/"},"modified":"2025-09-11T22:01:11","modified_gmt":"2025-09-11T22:01:11","slug":"moscou-appelle-la-pologne-a-rouvrir-sa-frontiere-avec-la-bielorussie","status":"publish","type":"post","link":"https:\/\/www.europesays.com\/fr\/383783\/","title":{"rendered":"Moscou appelle la Pologne \u00e0 rouvrir sa fronti\u00e8re avec la Bi\u00e9lorussie"},"content":{"rendered":"<p>Apr\u00e8s l\u2019interception de plusieurs drones au-dessus de son espace a\u00e9rien, la Pologne a \u00e9galement annonc\u00e9 la limitation du trafic a\u00e9rien \u00e0 sa fronti\u00e8re orientale.<\/p>\n<p class=\"fig-paragraph\">La Russie a appel\u00e9 jeudi la Pologne \u00e0\u00a0<a href=\"http:\/\/www.lefigaro.fr\/international\/drones-abattus-en-pologne-varsovie-limite-le-trafic-aerien-a-sa-frontiere-orientale-20250911\" data-fig-type=\"NewsFlash\" data-gtm-custom-categorie=\"navigation\" data-gtm-custom-action=\"crossclick\" data-gtm-custom-label=\"Contextuel\" data-gtm-event=\"customEventSPE\" data-fig-domain=\"LEFIGARO\" target=\"_blank\" rel=\"noopener\">revoir sa d\u00e9cision de fermer<\/a>\u00a0sa fronti\u00e8re avec la Bi\u00e9lorussie, une mesure annonc\u00e9e mardi par Varsovie en r\u00e9ponse aux man\u0153uvres militaires communes russo-b\u00e9larusses pr\u00e9vues du 12 au 16 septembre. \u00abNous appelons Varsovie \u00e0 r\u00e9fl\u00e9chir aux cons\u00e9quences de telles mesures contreproductives et \u00e0 reconsid\u00e9rer la d\u00e9cision prise dans les plus brefs d\u00e9lais\u00bb, a d\u00e9clar\u00e9 dans un communiqu\u00e9 la porte-parole de la diplomatie russe, Maria Zakharova. \u00abIl est \u00e9vident que les mesures de confrontation prises par les dirigeants polonais ne suivent qu\u2019un seul objectif\u00a0: justifier une politique d\u2019escalade des tensions dans le centre de l\u2019Europe\u00bb, a-t-elle ajout\u00e9.<\/p>\n<p class=\"fig-paragraph\">Les grands exercices militaires entre la Russie et la Bi\u00e9lorussie,, baptis\u00e9s Zapad-2025 (Ouest-2025), doivent d\u00e9buter vendredi. Ils suscitent l\u2019inqui\u00e9tude des\u00a0<a href=\"http:\/\/www.lefigaro.fr\/international\/emmanuel-macron-friedrich-merz-et-donald-tusk-au-chevet-de-la-moldavie-20250827\" data-fig-type=\"Article\" data-gtm-custom-categorie=\"navigation\" data-gtm-custom-action=\"crossclick\" data-gtm-custom-label=\"Contextuel\" data-gtm-event=\"customEventSPE\" data-fig-domain=\"LEFIGARO\" target=\"_blank\" rel=\"noopener\">pays de l\u2019Otan<\/a>, en particulier apr\u00e8s l\u2019intrusion sans pr\u00e9c\u00e9dent, dans la nuit de mardi \u00e0 mercredi, de drones pr\u00e9sum\u00e9s russes sur le territoire polonais. Mardi, le premier ministre polonais Donald Tusk avait annonc\u00e9 la fermeture de la fronti\u00e8re \u00e0 compter de la nuit de jeudi \u00e0 vendredi, \u00e0 minuit. Il avait justifi\u00e9 cette mesure par \u00abdes raisons de s\u00e9curit\u00e9 nationale\u00bb, en qualifiant les man\u0153uvres russo-b\u00e9larusses d\u2019\u00abagressives\u00bb.<\/p>\n<p>                                    <a class=\"fig-a11y-skip a11y-hidden\" href=\"#fig-a11y-skip-main-inarticle\"><br \/>\n        Passer la publicit\u00e9<br \/>\n    <\/a><\/p>\n<p>Grave pr\u00e9judice \u00e9conomique<\/p>\n<p class=\"fig-paragraph\">Selon Donald Tusk, elles visent \u00e0 simuler l\u2019occupation du \u00abcorridor de Suwalki\u00bb qui s\u2019\u00e9tend le long de la fronti\u00e8re entre la\u00a0<a href=\"http:\/\/www.lefigaro.fr\/international\/guerre-en-ukraine-vladimir-poutine-est-pret-a-envahir-d-autres-pays-estime-le-president-polonais-20250909\" data-fig-type=\"NewsFlash\" data-gtm-custom-categorie=\"navigation\" data-gtm-custom-action=\"crossclick\" data-gtm-custom-label=\"Contextuel\" data-gtm-event=\"customEventSPE\" data-fig-domain=\"LEFIGARO\" target=\"_blank\" rel=\"noopener\">Pologne et la Lituanie<\/a>, cern\u00e9 par l\u2019enclave russe de Kaliningrad et la Bi\u00e9lorussie. Le corridor est souvent consid\u00e9r\u00e9 comme un \u00abendroit fragile\u00bb de l\u2019Otan qui pourrait \u00eatre la premi\u00e8re cible d\u2019une hypoth\u00e9tique attaque russe. Jeudi, Maria Zakharova a affirm\u00e9 que Varsovie avait \u00abignor\u00e9\u00bb un \u00abgeste de bonne volont\u00e9\u00bb de Moscou et Minsk, qui ont d\u00e9cid\u00e9 de \u00abd\u00e9placer des man\u0153uvres depuis la fronti\u00e8re polonaise vers le centre de la Bi\u00e9lorussie\u00bb et de diminuer le nombre de troupes et d\u2019\u00e9quipements impliqu\u00e9s.<\/p>\n<p class=\"fig-paragraph\">Selon elle, la fermeture de la fronti\u00e8re causera \u00e9galement \u00abun grave pr\u00e9judice\u00bb \u00e9conomique \u00e0 des pays partenaires de la Pologne et \u00e0 des entreprises y faisant transiter des marchandises. La Bi\u00e9lorussie est un alli\u00e9 cl\u00e9 de la Russie, qui s\u2019est servie de son territoire pour d\u00e9clencher son offensive \u00e0 grande \u00e9chelle contre l\u2019Ukraine en f\u00e9vrier 2022. En ao\u00fbt, Minsk avait affirm\u00e9 que pendant les man\u0153uvres Zapad, l\u2019arm\u00e9e b\u00e9larusse s\u2019entra\u00eenerait \u00e0 d\u00e9ployer des missiles Orechnik capables d\u2019emporter des charges nucl\u00e9aires.<\/p>\n","protected":false},"excerpt":{"rendered":"Apr\u00e8s l\u2019interception de plusieurs drones au-dessus de son espace a\u00e9rien, la Pologne a \u00e9galement annonc\u00e9 la limitation du&hellip;\n","protected":false},"author":2,"featured_media":383784,"comment_status":"","ping_status":"","sticky":false,"template":"","format":"standard","meta":{"footnotes":""},"categories":[1591],"tags":[11,17059,1887,1916,12,2437,1885,1886,132],"class_list":{"0":"post-383783","1":"post","2":"type-post","3":"status-publish","4":"format-standard","5":"has-post-thumbnail","7":"category-russie","8":"tag-actualites","9":"tag-bielorussie","10":"tag-federation-de-russie","11":"tag-moscou","12":"tag-news","13":"tag-pologne","14":"tag-russia","15":"tag-russian-federation","16":"tag-russie"},"share_on_mastodon":{"url":"https:\/\/pubeurope.com\/@fr\/115187920709458850","error":""},"_links":{"self":[{"href":"https:\/\/www.europesays.com\/fr\/wp-json\/wp\/v2\/posts\/383783","targetHints":{"allow":["GET"]}}],"collection":[{"href":"https:\/\/www.europesays.com\/fr\/wp-json\/wp\/v2\/posts"}],"about":[{"href":"https:\/\/www.europesays.com\/fr\/wp-json\/wp\/v2\/types\/post"}],"author":[{"embeddable":true,"href":"https:\/\/www.europesays.com\/fr\/wp-json\/wp\/v2\/users\/2"}],"replies":[{"embeddable":true,"href":"https:\/\/www.europesays.com\/fr\/wp-json\/wp\/v2\/comments?post=383783"}],"version-history":[{"count":0,"href":"https:\/\/www.europesays.com\/fr\/wp-json\/wp\/v2\/posts\/383783\/revisions"}],"wp:featuredmedia":[{"embeddable":true,"href":"https:\/\/www.europesays.com\/fr\/wp-json\/wp\/v2\/media\/383784"}],"wp:attachment":[{"href":"https:\/\/www.europesays.com\/fr\/wp-json\/wp\/v2\/media?parent=383783"}],"wp:term":[{"taxonomy":"category","embeddable":true,"href":"https:\/\/www.europesays.com\/fr\/wp-json\/wp\/v2\/categories?post=383783"},{"taxonomy":"post_tag","embeddable":true,"href":"https:\/\/www.europesays.com\/fr\/wp-json\/wp\/v2\/tags?post=383783"}],"curies":[{"name":"wp","href":"https:\/\/api.w.org\/{rel}","templated":true}]}}