{"id":383793,"date":"2025-09-11T22:06:21","date_gmt":"2025-09-11T22:06:21","guid":{"rendered":"https:\/\/www.europesays.com\/fr\/383793\/"},"modified":"2025-09-11T22:06:21","modified_gmt":"2025-09-11T22:06:21","slug":"avant-une-reunion-a-lonu-sur-le-danger-des-drones-russes-comment-leurope-renforce-sa-defense","status":"publish","type":"post","link":"https:\/\/www.europesays.com\/fr\/383793\/","title":{"rendered":"Avant une r\u00e9union \u00e0 l\u2019ONU sur le danger des drones russes, comment l\u2019Europe renforce sa d\u00e9fense"},"content":{"rendered":"<p>        <img decoding=\"async\" loading=\"lazy\" src=\"https:\/\/www.europesays.com\/fr\/wp-content\/uploads\/2025\/09\/356fc9d_upload-1-zs0n3igdatrw-000-73za9g3.jpg\"  width=\"728\" height=\"409\" alt=\"Le Premier ministre polonais Donald Tusk pr\u00e9sidant une r\u00e9union d\u2019urgence \u00e0 Varsovie apr\u00e8s que des drones russes aient viol\u00e9 l\u2019espace a\u00e9rien polonais.\"\/>  <\/p>\n<p>HANDOUT \/ AFP<\/p>\n<p>Le Premier ministre polonais Donald Tusk pr\u00e9sidant une r\u00e9union d\u2019urgence \u00e0 Varsovie apr\u00e8s que des drones russes aient viol\u00e9 l\u2019espace a\u00e9rien polonais.<\/p>\n<p class=\"asset asset-text\">UE &#8211; Les offres militaires des partenaires de la <a href=\"https:\/\/www.huffingtonpost.fr\/international\/article\/la-pologne-accuse-la-russie-d-une-agression-inedite-depuis-le-debut-de-la-guerre-en-ukraine_254638.html\" rel=\"nofollow noopener\" target=\"_blank\">Pologne <\/a>se multiplient. En qu\u00eate de soutiens diplomatiques apr\u00e8s l\u2019intrusion<a href=\"https:\/\/www.huffingtonpost.fr\/international\/article\/la-premiere-reaction-de-trump-aux-drones-russes-en-pologne-ne-va-pas-rassurer-l-otan_254675.html\" rel=\"nofollow noopener\" target=\"_blank\"> de\u00a0drones\u00a0pr\u00e9sum\u00e9s\u00a0russes<\/a>\u00a0sur son territoire, la Pologne a annonc\u00e9 ce jeudi 11\u00a0septembre qu\u2019elle avait saisi le Conseil de s\u00e9curit\u00e9 de<a href=\"https:\/\/www.huffingtonpost.fr\/international\/article\/ce-vote-a-l-onu-montre-que-le-sort-de-l-ukraine-est-entre-les-mains-de-trump-et-poutine_246649.html\" rel=\"nofollow noopener\" target=\"_blank\"> l\u2019ONU<\/a>, qui se r\u00e9unira en urgence vendredi, \u00e0 15\u00a0h \u00e0 New York (soit 21h \u00e0 Paris).<\/p>\n<p class=\"asset asset-text\">Jug\u00e9e d\u00e9lib\u00e9r\u00e9e par Varsovie et ses alli\u00e9s mais r\u00e9cus\u00e9e par Moscou, l\u2019intrusion d\u2019une vingtaine de\u00a0drones\u00a0venus du ciel ukrainien et du B\u00e9larus a suscit\u00e9 une vive \u00e9motion en Pologne, qui r\u00e9clame un renforcement sur son sol des capacit\u00e9s militaires de l\u2019UE et de l\u2019Otan.<\/p>\n<p class=\"asset asset-text\">Et d\u2019ores et d\u00e9j\u00e0, des pays europ\u00e9ens et de <a href=\"https:\/\/www.huffingtonpost.fr\/international\/article\/en-quoi-consiste-l-article-4-de-l-otan-active-apres-l-intrusion-de-drones-en-pologne_254659.html\" rel=\"nofollow noopener\" target=\"_blank\">l\u2019Otan<\/a> ont r\u00e9pondu \u00e0 l\u2019appel polonais, promettant l\u2019envoi de troupes, d\u2019artillerie et des syst\u00e8mes de d\u00e9fense a\u00e9rienne. Ce jeudi soir, Emmanuel Macron a ainsi annonc\u00e9 la mobilisation de trois avions de chasse Rafale \u00ab\u00a0pour contribuer \u00e0 la protection de l\u2019espace a\u00e9rien polonais\u00a0\u00bb ainsi que de l\u2019Europe de l\u2019Est avec l\u2019Otan.<\/p>\n<p>    \u00ab\u00a0La police du ciel\u00a0\u00bb de l\u2019Otan    <\/p>\n<p class=\"asset asset-text\">\u00ab\u00a0Je m\u2019y \u00e9tais engag\u00e9 hier aupr\u00e8s du Premier ministre polonais\u00a0\u00bb Donald Tusk, a dit le pr\u00e9sident fran\u00e7ais sur le r\u00e9seau X, pr\u00e9cisant s\u2019\u00eatre aussi entretenu avec le secr\u00e9taire g\u00e9n\u00e9ral de l\u2019Otan Mark Rutte et le Premier ministre britannique Keir Starmer. \u00ab\u00a0Nous ne c\u00e9derons pas face aux intimidations croissantes de la Russie\u00a0\u00bb, a-t-il assur\u00e9.<\/p>\n<p> La lecture de ce contenu est susceptible d\u2019entra\u00eener un d\u00e9p\u00f4t de cookies de la part de l\u2019op\u00e9rateur tiers qui l\u2019h\u00e9berge. Compte-tenu des choix que vous avez exprim\u00e9s en mati\u00e8re de d\u00e9p\u00f4t de cookies, nous avons bloqu\u00e9 l\u2019affichage de ce contenu. Si vous souhaitez y acc\u00e9der, vous devez accepter la cat\u00e9gorie de cookies \u201cContenus tiers\u201d en cliquant sur le bouton ci-dessous. <\/p>\n<p> Lire la Vid\u00e9o        <\/p>\n<p class=\"asset asset-text\">Selon le ministre de la D\u00e9fense polonais, d\u2019autres alli\u00e9s de la Pologne lui ont aussi promis ou propos\u00e9 d\u2019envoyer des renforts dans le cadre de \u00ab\u00a0la police du ciel\u00a0\u00bb de l\u2019Otan.<\/p>\n<p class=\"asset asset-text\">L\u2019Allemagne\u00a0a ainsi annonc\u00e9 prolonger sa mission de protection de l\u2019espace a\u00e9rien polonais de trois mois et porter le nombre de ses avions de combat de deux \u00e0 quatre.<\/p>\n<p class=\"asset asset-text\">Les Pays-Bas ont de leur c\u00f4t\u00e9 d\u00e9cid\u00e9 d\u2019acc\u00e9l\u00e9rer la livraison de deux batteries de missiles Patriot, de d\u00e9ployer des syst\u00e8mes de d\u00e9fense antia\u00e9rienne \u00e0 courte port\u00e9e ainsi que des syst\u00e8mes de d\u00e9fense antidrones, avec 300 militaires.<\/p>\n<p class=\"asset asset-text\">La R\u00e9publique tch\u00e8que va d\u00e9ployer trois h\u00e9licopt\u00e8res Mi-17 tandis que, toujours selon Varsovie,  les Britanniques veulent engager des avions Eurofighter. La Su\u00e8de a elle aussi l\u2019intention de muscler son effort.<\/p>\n<p class=\"asset asset-text\">\u00ab\u00a0Tout au long de son histoire, la Pologne a entendu \u00e0 maintes reprises des paroles de solidarit\u00e9 et vu des gestes vides de sens\u00a0\u00bb, a soulign\u00e9  le ministre polonais de la D\u00e9fense, Wladyslaw Kosiniak-Kamysz. \u00ab\u00a0Aujourd\u2019hui, nous avons des d\u00e9clarations concr\u00e8tes. \u00a0\u00bb<\/p>\n<p>    Zelensky propose un \u00ab\u00a0bouclier a\u00e9rien\u00a0\u00bb au-dessus de l\u2019Europe    <\/p>\n<p class=\"asset asset-text\">Comme l\u2019explique <a href=\"https:\/\/www.bbc.com\/news\/articles\/c0lkz2n34z6o\" target=\"_blank\" rel=\"noopener nofollow\" title=\"Nouvelle fen\u00eatre\">la BBC<\/a>, le pr\u00e9sident ukrainien Volodymyr Zelensky a \u00e9galement propos\u00e9 de fournir \u00e9galement des conseils et une formation aux repr\u00e9sentants militaires occidentaux sur la mani\u00e8re de repousser les attaques a\u00e9riennes russes, comme le font les forces de d\u00e9fense ukrainiennes presque chaque nuit. Volodymyr Zelensky a \u00e9galement appel\u00e9 \u00e0 la mise en place d\u2019un syst\u00e8me de d\u00e9fense a\u00e9rienne commun qui servirait de bouclier a\u00e9rien au-dessus de l\u2019Europe.<\/p>\n<p class=\"asset asset-text\">Bien que des drones et des missiles russes aient d\u00e9j\u00e0 p\u00e9n\u00e9tr\u00e9 dans certains pays membres de l\u2019OTAN, il s\u2019agit de l\u2019incident le plus grave de ce type depuis que Moscou a lanc\u00e9 son invasion de l\u2019Ukraine en f\u00e9vrier 2022.<\/p>\n<p class=\"asset asset-text\">Dans ce contexte, le Conseil de l\u2019Atlantique Nord, le principal organe de d\u00e9cision politique de l\u2019Otan, a modifi\u00e9 le jour de l\u2019intrusion de drones russes le format de sa r\u00e9union hebdomadaire pour la tenir dans le cadre de l\u2019article 4 du trait\u00e9 constitutif de cette organisation, dont Varsovie a demand\u00e9 l\u2019activation. Cet article stipule que \u00ab\u00a0les parties se consulteront chaque fois que, de l\u2019avis de l\u2019une d\u2019elles, l\u2019int\u00e9grit\u00e9 territoriale, l\u2019ind\u00e9pendance politique ou la s\u00e9curit\u00e9 de l\u2019une des parties sera menac\u00e9e\u00a0\u00bb.<\/p>\n<p class=\"asset asset-text\">Les importantes man\u0153uvres militaires conjointes entre la Bi\u00e9lorussie et la Russie, baptis\u00e9es Zapad 2025, qui doivent d\u00e9buter vendredi 12\u00a0septembre jusqu\u2019au 16\u00a0septembre, ajoutent \u00e0 l\u2019inqui\u00e9tude ressentie dans certaines r\u00e9gions d\u2019Europe de l\u2019Est. La Pologne a d\u00e9clar\u00e9 qu\u2019elle fermerait sa fronti\u00e8re avec la Bi\u00e9lorussie jeudi \u00ab\u00a0pour des raisons de s\u00e9curit\u00e9 nationale&#8230; en lien avec les man\u0153uvres Zapad\u00a0\u00bb. Mais la Russie a appel\u00e9 la Pologne \u00e0 revoir sa d\u00e9cision de fermer sa fronti\u00e8re : \u00ab\u00a0Nous appelons Varsovie \u00e0 r\u00e9fl\u00e9chir aux cons\u00e9quences de telles mesures contreproductives et \u00e0 reconsid\u00e9rer la d\u00e9cision prise dans les plus brefs d\u00e9lais.\u00a0\u00bb<\/p>\n","protected":false},"excerpt":{"rendered":"HANDOUT \/ AFP Le Premier ministre polonais Donald Tusk pr\u00e9sidant une r\u00e9union d\u2019urgence \u00e0 Varsovie apr\u00e8s que des&hellip;\n","protected":false},"author":2,"featured_media":383794,"comment_status":"","ping_status":"","sticky":false,"template":"","format":"standard","meta":{"footnotes":""},"categories":[1586],"tags":[11,1777,674,1011,27,131,14,12,3521,136,2437,25,132],"class_list":{"0":"post-383793","1":"post","2":"type-post","3":"status-publish","4":"format-standard","5":"has-post-thumbnail","7":"category-europe","8":"tag-actualites","9":"tag-eu","10":"tag-europe","11":"tag-fr","12":"tag-france","13":"tag-guerre-en-ukraine","14":"tag-international","15":"tag-news","16":"tag-onu","17":"tag-otan","18":"tag-pologne","19":"tag-republique-francaise","20":"tag-russie"},"share_on_mastodon":{"url":"https:\/\/pubeurope.com\/@fr\/115187940910604239","error":""},"_links":{"self":[{"href":"https:\/\/www.europesays.com\/fr\/wp-json\/wp\/v2\/posts\/383793","targetHints":{"allow":["GET"]}}],"collection":[{"href":"https:\/\/www.europesays.com\/fr\/wp-json\/wp\/v2\/posts"}],"about":[{"href":"https:\/\/www.europesays.com\/fr\/wp-json\/wp\/v2\/types\/post"}],"author":[{"embeddable":true,"href":"https:\/\/www.europesays.com\/fr\/wp-json\/wp\/v2\/users\/2"}],"replies":[{"embeddable":true,"href":"https:\/\/www.europesays.com\/fr\/wp-json\/wp\/v2\/comments?post=383793"}],"version-history":[{"count":0,"href":"https:\/\/www.europesays.com\/fr\/wp-json\/wp\/v2\/posts\/383793\/revisions"}],"wp:featuredmedia":[{"embeddable":true,"href":"https:\/\/www.europesays.com\/fr\/wp-json\/wp\/v2\/media\/383794"}],"wp:attachment":[{"href":"https:\/\/www.europesays.com\/fr\/wp-json\/wp\/v2\/media?parent=383793"}],"wp:term":[{"taxonomy":"category","embeddable":true,"href":"https:\/\/www.europesays.com\/fr\/wp-json\/wp\/v2\/categories?post=383793"},{"taxonomy":"post_tag","embeddable":true,"href":"https:\/\/www.europesays.com\/fr\/wp-json\/wp\/v2\/tags?post=383793"}],"curies":[{"name":"wp","href":"https:\/\/api.w.org\/{rel}","templated":true}]}}