{"id":383801,"date":"2025-09-11T22:10:20","date_gmt":"2025-09-11T22:10:20","guid":{"rendered":"https:\/\/www.europesays.com\/fr\/383801\/"},"modified":"2025-09-11T22:10:20","modified_gmt":"2025-09-11T22:10:20","slug":"vers-un-echange-de-prisonniers-entre-la-france-et-liran-laccord-dans-sa-phase-finale-selon-teheran","status":"publish","type":"post","link":"https:\/\/www.europesays.com\/fr\/383801\/","title":{"rendered":"Vers un \u00e9change de prisonniers entre la France et l&rsquo;Iran ? L&rsquo;accord dans sa \u00ab\u00a0phase finale\u00a0\u00bb, selon T\u00e9heran"},"content":{"rendered":"<ul class=\"jsx-862013697 ArticleChapo__List\">\n<li class=\"jsx-862013697 ArticleChapo__List_Item flex\">Paris et T\u00e9h\u00e9ran approchent d&rsquo;un accord d&rsquo;\u00e9change de prisonniers, a annonc\u00e9 jeudi 11 septembre le ministre iranien des Affaires \u00e9trang\u00e8res, Abbas Araghchi.<\/li>\n<li class=\"jsx-862013697 ArticleChapo__List_Item flex\">Une femme iranienne serait \u00e9chang\u00e9e contre plusieurs d\u00e9tenus fran\u00e7ais.<\/li>\n<\/ul>\n<p data-module=\"article-paragraph\" class=\"jsx-3046738180 Paragraph\">Plusieurs Fran\u00e7ais d\u00e9tenus en Iran bient\u00f4t de retour dans l&rsquo;Hexagone ? Le ministre iranien des Affaires \u00e9trang\u00e8res, Abbas Araghchi, a d\u00e9clar\u00e9 ce jeudi qu&rsquo;un accord visant \u00e0 \u00e9changer des prisonniers fran\u00e7ais en Iran contre une femme iranienne d\u00e9tenue en France approchait de sa \u00ab\u00a0phase finale\u00a0\u00bb. \u00ab\u00a0Je peux maintenant dire que nous sommes arriv\u00e9s au point o\u00f9 (l&rsquo;accord sur) l&rsquo;\u00e9change des prisonniers fran\u00e7ais en Iran approche maintenant de sa phase finale\u00a0\u00bb, a d\u00e9clar\u00e9 M. Araghchi dans une interview t\u00e9l\u00e9vis\u00e9e, sans donner plus de d\u00e9tails.<\/p>\n<p data-module=\"article-paragraph\" class=\"jsx-3046738180 Paragraph Paragraph__End\">L&rsquo;\u00e9change propos\u00e9 concerne Mahdieh Esfandiari, une Iranienne arr\u00eat\u00e9e en France en f\u00e9vrier pour avoir fait la promotion du terrorisme sur les r\u00e9seaux sociaux. L&rsquo;Iran a demand\u00e9 \u00e0 plusieurs reprises sa lib\u00e9ration, arguant qu&rsquo;elle avait \u00e9t\u00e9 injustement d\u00e9tenue.<\/p>\n<p><a href=\"https:\/\/www.tf1info.fr\/international\/cecile-kohler-et-jacques-paris-inculpes-d-espionnage-pour-israel-emmanuel-macron-menace-l-iran-de-mesures-de-retorsion-2380783.html\" rel=\"noopener\" class=\"jsx-3308031228 Link flex\" target=\"_blank\"><img decoding=\"async\" src=\"https:\/\/www.europesays.com\/fr\/wp-content\/uploads\/2025\/09\/macron-paris-15-avril-2025-e859ae-0@1x.jpeg\" alt=\"AFP\" loading=\"lazy\" importance=\"low\" fetchpriority=\"low\" class=\"\" aria-hidden=\"true\"\/><\/p>\n<p class=\"jsx-3657663356 ReadMoreArticle__Title\">Lire aussi<\/p>\n<p class=\"jsx-3657663356\">C\u00e9cile Kohler et Jacques Paris inculp\u00e9s : Emmanuel Macron menace l&rsquo;Iran de \u00ab\u00a0mesures de r\u00e9torsion\u00a0\u00bb<\/p>\n<p><\/a><\/p>\n<p data-module=\"article-paragraph\" class=\"jsx-3046738180 Paragraph\">La France a d\u00e9pos\u00e9 en mai une requ\u00eate contre T\u00e9h\u00e9ran devant la Cour internationale de Justice (CIJ) pour la d\u00e9tention de deux citoyens fran\u00e7ais, <a href=\"https:\/\/www.tf1info.fr\/international\/ils-sont-detenus-en-iran-depuis-plus-de-3-ans-qui-sont-les-francais-cecile-kohler-et-jacques-paris-2371232.html\" target=\"_blank\" rel=\"noopener\">C\u00e9cile Kohler et Jacques Paris (nouvelle fen\u00eatre)<\/a>, que Paris estime \u00eatre \u00ab\u00a0retenus comme otages d&rsquo;\u00c9tat\u00a0\u00bb.\u00a0<\/p>\n<p data-module=\"article-paragraph\" class=\"jsx-3046738180 Paragraph Paragraph__End\">C\u00e9cile Kohler, 40 ans, et Jacques Paris, 72 ans, ont \u00e9t\u00e9 arr\u00eat\u00e9s le 7 mai 2022 et sont accus\u00e9s d&rsquo;espionnage pour le compte d&rsquo;Isra\u00ebl, l&rsquo;ennemi jur\u00e9 de l&rsquo;Iran. Leurs familles ont d\u00e9crit leur situation comme de plus en plus d\u00e9sesp\u00e9r\u00e9e. Le couple fait partie d&rsquo;une vingtaine d&rsquo;Europ\u00e9ens d\u00e9tenus en Iran, dont Lennart Monterlos, un Franco-Allemand de 19 ans qui effectuait un voyage \u00e0 v\u00e9lo entre l&rsquo;Europe et l&rsquo;Asie et qui a \u00e9t\u00e9 arr\u00eat\u00e9 dans le pays en juin, pendant la br\u00e8ve guerre entre l&rsquo;Iran et Isra\u00ebl.<\/p>\n<p>La r\u00e9daction de TF1info avec l&rsquo;AFP<\/p>\n","protected":false},"excerpt":{"rendered":"Paris et T\u00e9h\u00e9ran approchent d&rsquo;un accord d&rsquo;\u00e9change de prisonniers, a annonc\u00e9 jeudi 11 septembre le ministre iranien des&hellip;\n","protected":false},"author":2,"featured_media":383802,"comment_status":"","ping_status":"","sticky":false,"template":"","format":"standard","meta":{"footnotes":""},"categories":[4],"tags":[1111,11,1921,51651,1011,27,1922,3019,12,19141,25,133,1920],"class_list":{"0":"post-383801","1":"post","2":"type-post","3":"status-publish","4":"format-standard","5":"has-post-thumbnail","7":"category-france","8":"tag-actu","9":"tag-actualites","10":"tag-article-video","11":"tag-deux-francais-detenus-en-iran-inculpes-despionnage-pour-israel","12":"tag-fr","13":"tag-france","14":"tag-info","15":"tag-iran","16":"tag-news","17":"tag-otages","18":"tag-republique-francaise","19":"tag-video","20":"tag-video-international"},"share_on_mastodon":{"url":"https:\/\/pubeurope.com\/@fr\/115187956067293128","error":""},"_links":{"self":[{"href":"https:\/\/www.europesays.com\/fr\/wp-json\/wp\/v2\/posts\/383801","targetHints":{"allow":["GET"]}}],"collection":[{"href":"https:\/\/www.europesays.com\/fr\/wp-json\/wp\/v2\/posts"}],"about":[{"href":"https:\/\/www.europesays.com\/fr\/wp-json\/wp\/v2\/types\/post"}],"author":[{"embeddable":true,"href":"https:\/\/www.europesays.com\/fr\/wp-json\/wp\/v2\/users\/2"}],"replies":[{"embeddable":true,"href":"https:\/\/www.europesays.com\/fr\/wp-json\/wp\/v2\/comments?post=383801"}],"version-history":[{"count":0,"href":"https:\/\/www.europesays.com\/fr\/wp-json\/wp\/v2\/posts\/383801\/revisions"}],"wp:featuredmedia":[{"embeddable":true,"href":"https:\/\/www.europesays.com\/fr\/wp-json\/wp\/v2\/media\/383802"}],"wp:attachment":[{"href":"https:\/\/www.europesays.com\/fr\/wp-json\/wp\/v2\/media?parent=383801"}],"wp:term":[{"taxonomy":"category","embeddable":true,"href":"https:\/\/www.europesays.com\/fr\/wp-json\/wp\/v2\/categories?post=383801"},{"taxonomy":"post_tag","embeddable":true,"href":"https:\/\/www.europesays.com\/fr\/wp-json\/wp\/v2\/tags?post=383801"}],"curies":[{"name":"wp","href":"https:\/\/api.w.org\/{rel}","templated":true}]}}