{"id":383807,"date":"2025-09-11T22:14:12","date_gmt":"2025-09-11T22:14:12","guid":{"rendered":"https:\/\/www.europesays.com\/fr\/383807\/"},"modified":"2025-09-11T22:14:12","modified_gmt":"2025-09-11T22:14:12","slug":"atp-toni-nadal-apres-sa-defaite-contre-alcaraz-en-finale-de-lus-open-sinner-a-admis-quil-devra-faire-des-changements-pour-devenir-un-joueur-un-peu-plus-imprevisible-je-ne-peux-quetre-daccor","status":"publish","type":"post","link":"https:\/\/www.europesays.com\/fr\/383807\/","title":{"rendered":"ATP > Toni Nadal : \u00ab\u00a0Apr\u00e8s sa d\u00e9faite contre Alcaraz en finale de l&rsquo;US Open, Sinner a admis qu&rsquo;il devra faire des changements pour devenir un joueur un peu plus impr\u00e9visible. Je ne peux qu&rsquo;\u00eatre d&rsquo;accord avec lui\u00a0\u00bb"},"content":{"rendered":"<p>Il est rare de voir un joueur faire son auto\u00adcri\u00adtique apr\u00e8s une d\u00e9faite. C\u2019est pour\u00adtant bien ce qu\u2019a fait Jannik Sinner apr\u00e8s sa revers en finale de l\u2019US Open face \u00e0 Carlos Alcaraz en expli\u00adquant qu\u2019il devait travailler pour devenir un joueur moins pr\u00e9vi\u00adsible, quitte \u00e0 perdre quelques matchs.\u00a0<\/p>\n<p>Une analyse que partage Toni Nadal, dans sa chro\u00adnique \u00e9crite pour le journal <a href=\"https:\/\/elpais.com\/deportes\/tenis\/2025-09-09\/el-mejor-set-que-le-he-visto-jugar-a-alcaraz.html\" data-wpel-link=\"external\" target=\"_blank\" rel=\"nofollow external noopener\">El Pais<\/a>. <\/p>\n<p><strong>\u00ab\u202fJannik s\u2019est retrouv\u00e9 compl\u00e8\u00adte\u00adment d\u00e9pass\u00e9 par l\u2019in\u00adten\u00adsit\u00e9, la vari\u00e9t\u00e9 et la qualit\u00e9 des coups de son adver\u00adsaire. La preuve en est ses d\u00e9cla\u00adra\u00adtions lors de la conf\u00e9\u00adrence de presse qui a suivi la finale, o\u00f9 il a admis qu\u2019\u00e0 l\u2019heure actuelle, Carlos est un concur\u00adrent diff\u00e9\u00adrent de tous les autres, qu\u2019il n\u2019a pas de faiblesses et que lui, de son c\u00f4t\u00e9, devra faire des chan\u00adge\u00adments, m\u00eame s\u2019il doit perdre quelques matchs, pour devenir un joueur un peu plus impr\u00e9\u00advi\u00adsible. Il a ajout\u00e9 que c\u2019est ce qu\u2019il doit faire pour devenir un meilleur joueur de tennis. Et je ne peux qu\u2019\u00eatre d\u2019ac\u00adcord avec lui. S\u2019il est vrai que le joueur trans\u00adalpin poss\u00e8de une soli\u00addit\u00e9 et une puis\u00adsance hors du commun, il est \u00e9gale\u00adment vrai qu\u2019il devra faire un effort pour surprendre Carlos, le seul joueur qui, \u00e0 l\u2019heure actuelle, sait tout faire. Et tout faire\u00a0bien.\u202f\u00bb<\/strong><\/p>\n<p class=\"post-published-date\" style=\"color: silver; font-size: 75%; text-align: left;\">Publi\u00e9 le jeudi 11 septembre 2025 \u00e0 17:40<\/p>\n","protected":false},"excerpt":{"rendered":"Il est rare de voir un joueur faire son auto\u00adcri\u00adtique apr\u00e8s une d\u00e9faite. C\u2019est pour\u00adtant bien ce qu\u2019a&hellip;\n","protected":false},"author":2,"featured_media":198562,"comment_status":"","ping_status":"","sticky":false,"template":"","format":"standard","meta":{"footnotes":""},"categories":[1415],"tags":[1744,1011,27,1960,2127,60,1467],"class_list":{"0":"post-383807","1":"post","2":"type-post","3":"status-publish","4":"format-standard","5":"has-post-thumbnail","7":"category-tennis","8":"tag-alcaraz","9":"tag-fr","10":"tag-france","11":"tag-nadal","12":"tag-sinner","13":"tag-sports","14":"tag-tennis"},"share_on_mastodon":{"url":"https:\/\/pubeurope.com\/@fr\/115187971722430380","error":""},"_links":{"self":[{"href":"https:\/\/www.europesays.com\/fr\/wp-json\/wp\/v2\/posts\/383807","targetHints":{"allow":["GET"]}}],"collection":[{"href":"https:\/\/www.europesays.com\/fr\/wp-json\/wp\/v2\/posts"}],"about":[{"href":"https:\/\/www.europesays.com\/fr\/wp-json\/wp\/v2\/types\/post"}],"author":[{"embeddable":true,"href":"https:\/\/www.europesays.com\/fr\/wp-json\/wp\/v2\/users\/2"}],"replies":[{"embeddable":true,"href":"https:\/\/www.europesays.com\/fr\/wp-json\/wp\/v2\/comments?post=383807"}],"version-history":[{"count":0,"href":"https:\/\/www.europesays.com\/fr\/wp-json\/wp\/v2\/posts\/383807\/revisions"}],"wp:featuredmedia":[{"embeddable":true,"href":"https:\/\/www.europesays.com\/fr\/wp-json\/wp\/v2\/media\/198562"}],"wp:attachment":[{"href":"https:\/\/www.europesays.com\/fr\/wp-json\/wp\/v2\/media?parent=383807"}],"wp:term":[{"taxonomy":"category","embeddable":true,"href":"https:\/\/www.europesays.com\/fr\/wp-json\/wp\/v2\/categories?post=383807"},{"taxonomy":"post_tag","embeddable":true,"href":"https:\/\/www.europesays.com\/fr\/wp-json\/wp\/v2\/tags?post=383807"}],"curies":[{"name":"wp","href":"https:\/\/api.w.org\/{rel}","templated":true}]}}