{"id":383808,"date":"2025-09-11T22:16:03","date_gmt":"2025-09-11T22:16:03","guid":{"rendered":"https:\/\/www.europesays.com\/fr\/383808\/"},"modified":"2025-09-11T22:16:03","modified_gmt":"2025-09-11T22:16:03","slug":"financement-chaise-vide-reforme-clivante-entre-la-federation-francaise-de-basket-ball-et-les-autres-instances-un-climat-tendu-liberation","status":"publish","type":"post","link":"https:\/\/www.europesays.com\/fr\/383808\/","title":{"rendered":"Financement, chaise vide, r\u00e9forme clivante\u2026 Entre la F\u00e9d\u00e9ration fran\u00e7aise de basket-ball et les autres instances, un climat tendu \u2013 Lib\u00e9ration"},"content":{"rendered":"<p class=\"sc-cPiKLX AiZTS text-element\">La F\u00e9d\u00e9ration fran\u00e7aise de basket-ball (FFBB) s\u2019appr\u00eate \u00e0 changer d\u2019\u00e8re ce samedi 14 d\u00e9cembre, avec le d\u00e9part de son pr\u00e9sident, Jean-Pierre Siutat. A la t\u00eate de la FFBB depuis 2010, le dirigeant de 65 ans laissera sa f\u00e9d\u00e9ration au sommet de son sport. Il se retirera de la gouvernance sportive une fois son mandat de premier vice-pr\u00e9sident du Comit\u00e9 national olympique et sportif fran\u00e7ais achev\u00e9 en juin 2025.<\/p>\n<p class=\"sc-cPiKLX AiZTS text-element\">C\u2019est son fid\u00e8le lieutenant, Jean-Pierre Hunckler (65 ans \u00e9galement), \u00e9lu f\u00e9d\u00e9ral depuis 2004 et premier vice-pr\u00e9sident, qui devrait prendre sa succession lors l\u2019assembl\u00e9e g\u00e9n\u00e9rale de ce samedi. Dans <a href=\"https:\/\/www.ladepeche.fr\/2024\/11\/23\/entretien-basket-ball-jai-fait-mon-temps-je-nai-plus-dambition-les-confidences-de-jean-pierre-siutat-avant-de-quitter-la-presidence-de-la-ffbb-12320965.php\" target=\"_blank\" rel=\"noopener\">la D\u00e9p\u00eache<\/a>, fin novembre, \u00abJPS\u00bb expliquait \u00abavoir fait [son] temps\u00bb et ne \u00abplus avoir d\u2019ambition\u00bb. En mai 2023, il briguait pourtant la pr\u00e9sidence du bureau europ\u00e9en de la F\u00e9d\u00e9ration internationale de basket-ball (FIBA), dont il est vice-pr\u00e9sident depuis 2019.<\/p>\n<p class=\"sc-cPiKLX AiZTS text-element\">\u00abRemont\u00e9\u00bb, selon les clubs, apr\u00e8s sa d\u00e9faite face \u00e0 l\u2019Espagnol Jorge Garbajosa, Jean-Pierre Siutat a demand\u00e9 le retrait de toute candidature fran\u00e7aise pour les commissions \u00e0 la FIBA Europe, alors que la France comptait six repr\u00e9sentants tricolores en 2019. Malgr\u00e9 son absence dans l\u2019organigramme europ\u00e9en, la F\u00e9d\u00e9ration fran\u00e7aise indique que ses services \u00abcollabo<\/p>\n","protected":false},"excerpt":{"rendered":"La F\u00e9d\u00e9ration fran\u00e7aise de basket-ball (FFBB) s\u2019appr\u00eate \u00e0 changer d\u2019\u00e8re ce samedi 14 d\u00e9cembre, avec le d\u00e9part de&hellip;\n","protected":false},"author":2,"featured_media":383809,"comment_status":"","ping_status":"","sticky":false,"template":"","format":"standard","meta":{"footnotes":""},"categories":[1414],"tags":[1465,1464,1011,27,60],"class_list":{"0":"post-383808","1":"post","2":"type-post","3":"status-publish","4":"format-standard","5":"has-post-thumbnail","7":"category-basket","8":"tag-basket","9":"tag-basketball","10":"tag-fr","11":"tag-france","12":"tag-sports"},"share_on_mastodon":{"url":"https:\/\/pubeurope.com\/@fr\/115187979606322786","error":""},"_links":{"self":[{"href":"https:\/\/www.europesays.com\/fr\/wp-json\/wp\/v2\/posts\/383808","targetHints":{"allow":["GET"]}}],"collection":[{"href":"https:\/\/www.europesays.com\/fr\/wp-json\/wp\/v2\/posts"}],"about":[{"href":"https:\/\/www.europesays.com\/fr\/wp-json\/wp\/v2\/types\/post"}],"author":[{"embeddable":true,"href":"https:\/\/www.europesays.com\/fr\/wp-json\/wp\/v2\/users\/2"}],"replies":[{"embeddable":true,"href":"https:\/\/www.europesays.com\/fr\/wp-json\/wp\/v2\/comments?post=383808"}],"version-history":[{"count":0,"href":"https:\/\/www.europesays.com\/fr\/wp-json\/wp\/v2\/posts\/383808\/revisions"}],"wp:featuredmedia":[{"embeddable":true,"href":"https:\/\/www.europesays.com\/fr\/wp-json\/wp\/v2\/media\/383809"}],"wp:attachment":[{"href":"https:\/\/www.europesays.com\/fr\/wp-json\/wp\/v2\/media?parent=383808"}],"wp:term":[{"taxonomy":"category","embeddable":true,"href":"https:\/\/www.europesays.com\/fr\/wp-json\/wp\/v2\/categories?post=383808"},{"taxonomy":"post_tag","embeddable":true,"href":"https:\/\/www.europesays.com\/fr\/wp-json\/wp\/v2\/tags?post=383808"}],"curies":[{"name":"wp","href":"https:\/\/api.w.org\/{rel}","templated":true}]}}