{"id":383811,"date":"2025-09-11T22:18:28","date_gmt":"2025-09-11T22:18:28","guid":{"rendered":"https:\/\/www.europesays.com\/fr\/383811\/"},"modified":"2025-09-11T22:18:28","modified_gmt":"2025-09-11T22:18:28","slug":"en-infligeant-la-premiere-defaite-a-grenoble-agen-est-le-nouveau-leader","status":"publish","type":"post","link":"https:\/\/www.europesays.com\/fr\/383811\/","title":{"rendered":"en infligeant la premi\u00e8re d\u00e9faite \u00e0 Grenoble, Agen est le nouveau leader"},"content":{"rendered":"<p>Ce jeudi, Agen a domin\u00e9 Grenoble sur sa pelouse et devient le leader provisoire de Pro D2.<\/p>\n<p class=\"fig-paragraph\">Au top de la<a href=\"http:\/\/www.lefigaro.fr\/sports\/rugby\/pro-d2-valence-romans-en-quete-d-un-nouvel-exploit-face-a-l-ogre-brive-20250910\" target=\"_blank\" data-fig-type=\"NewsFlash\" rel=\"noopener nofollow\" data-gtm-custom-categorie=\"navigation\" data-gtm-custom-action=\"crossclick\" data-gtm-custom-label=\"Contextuel\" data-gtm-event=\"customEventSPE\" data-fig-domain=\"LEFIGARO\">\u00a0Pro D2<\/a>. Auteur d&rsquo;un d\u00e9but de saison mitig\u00e9,\u00a0<a href=\"http:\/\/www.lefigaro.fr\/sports\/rugby\/rugby-un-terrain-a-agen-va-porter-le-nom-de-medhi-narjissi-20250819\" target=\"_blank\" data-fig-type=\"NewsFlash\" rel=\"noopener nofollow\" data-gtm-custom-categorie=\"navigation\" data-gtm-custom-action=\"crossclick\" data-gtm-custom-label=\"Contextuel\" data-gtm-event=\"customEventSPE\" data-fig-domain=\"LEFIGARO\">Agen<\/a>\u00a0est devenu leader provisoire de Pro D2 de rugby en faisant plier Grenoble (38-20), deuxi\u00e8me au classement, jeudi en ouverture de la 3e journ\u00e9e.<\/p>\n<p class=\"fig-paragraph\">Invaincus jusqu&rsquo;alors, les Grenoblois ratent l&rsquo;occasion de d\u00e9tr\u00f4ner le leader Colomiers, qui joue vendredi \u00e0 Oyonnax. Les Agenais avaient mal d\u00e9marr\u00e9 la saison en s&rsquo;inclinant lourdement \u00e0 Nevers (54-17) avant de se reprendre face \u00e0 Mont-de-Marsan (53-7).<\/p>\n<p>                                    <a class=\"fig-a11y-skip a11y-hidden\" href=\"#fig-a11y-skip-main-inarticle\"><br \/>\n        Passer la publicit\u00e9<br \/>\n    <\/a><\/p>\n<p class=\"fig-paragraph\">Jeudi soir, ils ont ravi leur public du stade Armandie en prenant la mesure des Is\u00e9rois par leur puissance et leur jeu en profondeur, empilant six essais, dont deux en deux minutes au retour des vestiaires, bonus offensif en prime. Neuvi\u00e8me avant la rencontre, le SUA s&#8217;empare de la premi\u00e8re place avec un point d&rsquo;avance sur Colomiers, Grenoble r\u00e9trogradant \u00e0 la troisi\u00e8me place, avant la suite et la fin de la 3e journ\u00e9e vendredi.<\/p>\n<p class=\"fig-paragraph\"><strong>Jeudi 11 septembre<\/strong><\/p>\n<p class=\"fig-paragraph\">Agen (bo) &#8211; Grenoble 38 &#8211; 20<\/p>\n<p class=\"fig-paragraph\"><strong>Vendredi 12 septembre<\/strong><\/p>\n<p class=\"fig-paragraph\">(19h00) Provence Rugby &#8211; Biarritz<\/p>\n<p>                                    <a class=\"fig-a11y-skip a11y-hidden\" href=\"#fig-a11y-skip-main-inarticle_mtf\"><br \/>\n        Passer la publicit\u00e9<br \/>\n    <\/a><\/p>\n<p class=\"fig-paragraph\">(19h30) Brive &#8211; Valence-Romans<\/p>\n<p class=\"fig-paragraph\">Oyonnax &#8211; Colomiers<\/p>\n<p class=\"fig-paragraph\">Soyaux-Angoul\u00eame &#8211; Dax<\/p>\n<p class=\"fig-paragraph\">Aurillac &#8211; B\u00e9ziers<\/p>\n<p class=\"fig-paragraph\">Nevers &#8211; Carcassonne<\/p>\n<p>                                    <a class=\"fig-a11y-skip a11y-hidden\" href=\"#fig-a11y-skip-main-inarticle_btf\"><br \/>\n        Passer la publicit\u00e9<br \/>\n    <\/a><\/p>\n<p class=\"fig-paragraph\">(21h00) Mont-de-Marsan &#8211; Vannes<\/p>\n<p class=\"fig-paragraph\"><strong>Classement: Pts J G N P pp pc dif Bon<\/strong><\/p>\n<p class=\"fig-paragraph\">1. Agen 10 3 2 0 1 108 81 27 2<\/p>\n<p class=\"fig-paragraph\">2. Colomiers 9 2 2 0 0 68 30 38 1<\/p>\n<p class=\"fig-paragraph\">3. Grenoble 9 3 2 0 1 88 82 6 1<\/p>\n<p class=\"fig-paragraph\">4. Valence-Romans 8 2 2 0 0 69 53 16 0<\/p>\n<p class=\"fig-paragraph\">5. Vannes 7 2 1 1 0 58 39 19 1<\/p>\n<p class=\"fig-paragraph\">6. Brive 6 2 1 1 0 53 38 15 0<\/p>\n<p class=\"fig-paragraph\">7. B\u00e9ziers 5 2 1 0 1 85 67 18 1<\/p>\n<p class=\"fig-paragraph\">8. Aurillac 5 2 1 0 1 57 48 9 1<\/p>\n<p class=\"fig-paragraph\">9. Nevers 5 2 1 0 1 66 66 0 1<\/p>\n<p class=\"fig-paragraph\">10. Soyaux-Angoul\u00eame 4 2 1 0 1 37 53 -16 0<\/p>\n<p class=\"fig-paragraph\">11. Carcassonne 4 2 1 0 1 29 58 -29 0<\/p>\n<p class=\"fig-paragraph\">12. Oyonnax 2 2 0 0 2 45 49 -4 2<\/p>\n<p class=\"fig-paragraph\">13. Provence Rugby 2 2 0 0 2 55 61 -6 2<\/p>\n<p class=\"fig-paragraph\">14. Biarritz 2 2 1 0 1 65 80 -15 1<\/p>\n<p class=\"fig-paragraph\">15. Mont-de-Marsan 1 2 0 0 2 27 77 -50 1<\/p>\n<p class=\"fig-paragraph\">16. Dax -5 2 0 0 2 31 59 -28 0<\/p>\n","protected":false},"excerpt":{"rendered":"Ce jeudi, Agen a domin\u00e9 Grenoble sur sa pelouse et devient le leader provisoire de Pro D2. Au&hellip;\n","protected":false},"author":2,"featured_media":383812,"comment_status":"","ping_status":"","sticky":false,"template":"","format":"standard","meta":{"footnotes":""},"categories":[1412],"tags":[8837,1451,1452,1453,1454,1455,1011,27,2308,60],"class_list":{"0":"post-383811","1":"post","2":"type-post","3":"status-publish","4":"format-standard","5":"has-post-thumbnail","7":"category-f1","8":"tag-agen","9":"tag-f1","10":"tag-formula-1","11":"tag-formula1","12":"tag-formule-1","13":"tag-formule1","14":"tag-fr","15":"tag-france","16":"tag-pro-d2","17":"tag-sports"},"share_on_mastodon":{"url":"https:\/\/pubeurope.com\/@fr\/115187987594914681","error":""},"_links":{"self":[{"href":"https:\/\/www.europesays.com\/fr\/wp-json\/wp\/v2\/posts\/383811","targetHints":{"allow":["GET"]}}],"collection":[{"href":"https:\/\/www.europesays.com\/fr\/wp-json\/wp\/v2\/posts"}],"about":[{"href":"https:\/\/www.europesays.com\/fr\/wp-json\/wp\/v2\/types\/post"}],"author":[{"embeddable":true,"href":"https:\/\/www.europesays.com\/fr\/wp-json\/wp\/v2\/users\/2"}],"replies":[{"embeddable":true,"href":"https:\/\/www.europesays.com\/fr\/wp-json\/wp\/v2\/comments?post=383811"}],"version-history":[{"count":0,"href":"https:\/\/www.europesays.com\/fr\/wp-json\/wp\/v2\/posts\/383811\/revisions"}],"wp:featuredmedia":[{"embeddable":true,"href":"https:\/\/www.europesays.com\/fr\/wp-json\/wp\/v2\/media\/383812"}],"wp:attachment":[{"href":"https:\/\/www.europesays.com\/fr\/wp-json\/wp\/v2\/media?parent=383811"}],"wp:term":[{"taxonomy":"category","embeddable":true,"href":"https:\/\/www.europesays.com\/fr\/wp-json\/wp\/v2\/categories?post=383811"},{"taxonomy":"post_tag","embeddable":true,"href":"https:\/\/www.europesays.com\/fr\/wp-json\/wp\/v2\/tags?post=383811"}],"curies":[{"name":"wp","href":"https:\/\/api.w.org\/{rel}","templated":true}]}}