{"id":383813,"date":"2025-09-11T22:19:15","date_gmt":"2025-09-11T22:19:15","guid":{"rendered":"https:\/\/www.europesays.com\/fr\/383813\/"},"modified":"2025-09-11T22:19:15","modified_gmt":"2025-09-11T22:19:15","slug":"vuelta-tour-despagne-la-19e-etape-le-retour-des-sprinteurs-parcours-et-profil","status":"publish","type":"post","link":"https:\/\/www.europesays.com\/fr\/383813\/","title":{"rendered":"Vuelta. Tour d&rsquo;Espagne &#8211; La 19e \u00e9tape, le retour des sprinteurs ? Parcours et profil"},"content":{"rendered":"<p>Coinc\u00e9e entre le contre-la-montre et l&rsquo;arriv\u00e9e au sommet d\u00e9cisive au Bola del Mundo, o\u00f9 se d\u00e9cicera le sort de <strong><a href=\"https:\/\/www.cyclismactu.net\/..\/news-vuelta-route-tour-d-espagne-filippo-ganna-18e-etape-almeida-se-rapproche-de-vingegaard-90090.html\" target=\"_blank\" rel=\"noopener\">La Vuelta<\/a><\/strong>, cette 19e \u00e9tape a tout de l&rsquo;\u00e9tape de transition classique. Avec aucune difficiult\u00e9 r\u00e9pertori\u00e9e tout au long des\u00a0161,9 km du parcours, la logique voudrait qu&rsquo;\u00e0\u00a0Guijuelo, les sprinteurs qui ont tenu le coup jusqu&rsquo;ici puissent s&rsquo;exprimer pour la premi\u00e8re fois depuis la 8e \u00e9tape \u00e0 Saragosse&#8230; soit depuis pr\u00e8s de deux semaines ! On le savait, le trac\u00e9 de cette 80e \u00e9dition n&rsquo;\u00e9tait pas favorable aux hommes rapides, et ces derniers ne voudront donc certainement pas rater leur 4e occasion seuelemnt de s&rsquo;expliquer dans la derni\u00e8re ligne droite, au terme d&rsquo;un final qui ne sera tout de m\u00eame en faux plat montant, avec deux derniers kilom\u00e8tres \u00e0 environ 3% de moyenne.<\/p>\n<p>Vid\u00e9o &#8211; Vingegaard devrait passer une journ\u00e9e tranquille vendredi Lire la suite de l&rsquo;article&#13;<\/p>\n<p>\u00a0<\/p>\n<p>&#13;<br \/>\nJasper Philipsen pour un tripl\u00e9 ?&#13;<\/p>\n<p>Double vainqueur d&rsquo;\u00e9tape sur ce <strong><a href=\"https:\/\/www.cyclismactu.net\/..\/news-vuelta-route-tour-d-espagne-jonas-vingegaard-je-n-ai-jamais-atteint-55-km-h-de-moyenne-90095.html\" target=\"_blank\" rel=\"noopener\">Tour d&rsquo;Espagne<\/a><\/strong>, <strong>Jasper Philipsen<\/strong> (Alpecin-Deceuninck) pourrait bien ressortir de sa bo\u00eete pour viser le tripl\u00e9. Parmi les adversaires du Belge, il y aura bien entendu le maillot vert <strong>Mads Pedersen<\/strong> (Lidl-Trek), m\u00eame le Danois n&rsquo;a pas vraiment brill\u00e9 dans les sprints massifs depuis le d\u00e9part et qu&rsquo;il semble un peu en bout de course, apr\u00e8s \u00eatre pass\u00e9 proche d&rsquo;\u00eatre hors d\u00e9lai mercredi.\u00a0<\/p>\n<p>&#13;<\/p>\n<p><strong>Ethan Vernon<\/strong> (Israel-Premier Tech),\u00a0<strong>Ben Turner<\/strong> (INEOS Grenadiers),\u00a0<strong>Orluis Aular<\/strong> (Movistar), <strong>Elia Viviani<\/strong> (Lotto),\u00a0<strong>Bryan Coquard<\/strong> (Cofidis),\u00a0<strong>Thibaud Gruel<\/strong> (Groupama-FDJ),\u00a0<strong>Madis Mihkels<\/strong> (EF Education-EasyPost) ou encore\u00a0<strong>Arne Marit<\/strong> (Intermarch\u00e9-Wanty) seront \u00e9galement \u00e0 surveiller en cas d&rsquo;arriv\u00e9e massive. Mais attention aussi aux baroudeurs, qui seront certainement nombreux \u00e0 tenter de prendre l&rsquo;\u00e9chapp\u00e9e pour ce qui repr\u00e9sente leur derni\u00e8re opportunit\u00e9 de lever les bras. On le sait, il est parfois difficile pour un peloton fatigu\u00e9 de contr\u00f4ler la course en fin de troisi\u00e8me semaine.<\/p>\n<p>&#13;<\/p>\n<p>\u00a0<\/p>\n<p>&#13;<br \/>\nLe parcours de la 19e \u00e9tape&#13;<\/p>\n<p>&#8211; Vendredi 12 septembre \u2013\u00a0<strong>\u00c9tape 19<\/strong>\u00a0: Rueda &#8211; Guijuelo \/ 161,9 km\u00a0&#8211;\u00a01369m D+<\/p>\n<p>&#13;<\/p>\n<p><img decoding=\"async\" src=\"https:\/\/www.europesays.com\/fr\/wp-content\/uploads\/2025\/09\/vue19.jpg\" style=\"max-width:100%;max-height:100%;\" alt=\"image\" loading=\"lazy\"\/><\/p>\n<p>&#13;<\/p>\n<p>\u00a0<\/p>\n<p>&#13;<br \/>\nTour d&rsquo;Espagne &#8211; Classement g\u00e9n\u00e9ral provisoire apr\u00e8s la 18\u00e8 \u00e9tape<\/p>\n","protected":false},"excerpt":{"rendered":"Coinc\u00e9e entre le contre-la-montre et l&rsquo;arriv\u00e9e au sommet d\u00e9cisive au Bola del Mundo, o\u00f9 se d\u00e9cicera le sort&hellip;\n","protected":false},"author":2,"featured_media":383814,"comment_status":"","ping_status":"","sticky":false,"template":"","format":"standard","meta":{"footnotes":""},"categories":[1411],"tags":[1154,207,1011,27,209,60,3318,208],"class_list":{"0":"post-383813","1":"post","2":"type-post","3":"status-publish","4":"format-standard","5":"has-post-thumbnail","7":"category-cyclisme","8":"tag-cycling","9":"tag-cyclisme","10":"tag-fr","11":"tag-france","12":"tag-route","13":"tag-sports","14":"tag-tour-d","15":"tag-velo"},"share_on_mastodon":{"url":"https:\/\/pubeurope.com\/@fr\/115187991843594994","error":""},"_links":{"self":[{"href":"https:\/\/www.europesays.com\/fr\/wp-json\/wp\/v2\/posts\/383813","targetHints":{"allow":["GET"]}}],"collection":[{"href":"https:\/\/www.europesays.com\/fr\/wp-json\/wp\/v2\/posts"}],"about":[{"href":"https:\/\/www.europesays.com\/fr\/wp-json\/wp\/v2\/types\/post"}],"author":[{"embeddable":true,"href":"https:\/\/www.europesays.com\/fr\/wp-json\/wp\/v2\/users\/2"}],"replies":[{"embeddable":true,"href":"https:\/\/www.europesays.com\/fr\/wp-json\/wp\/v2\/comments?post=383813"}],"version-history":[{"count":0,"href":"https:\/\/www.europesays.com\/fr\/wp-json\/wp\/v2\/posts\/383813\/revisions"}],"wp:featuredmedia":[{"embeddable":true,"href":"https:\/\/www.europesays.com\/fr\/wp-json\/wp\/v2\/media\/383814"}],"wp:attachment":[{"href":"https:\/\/www.europesays.com\/fr\/wp-json\/wp\/v2\/media?parent=383813"}],"wp:term":[{"taxonomy":"category","embeddable":true,"href":"https:\/\/www.europesays.com\/fr\/wp-json\/wp\/v2\/categories?post=383813"},{"taxonomy":"post_tag","embeddable":true,"href":"https:\/\/www.europesays.com\/fr\/wp-json\/wp\/v2\/tags?post=383813"}],"curies":[{"name":"wp","href":"https:\/\/api.w.org\/{rel}","templated":true}]}}