{"id":383815,"date":"2025-09-11T22:20:11","date_gmt":"2025-09-11T22:20:11","guid":{"rendered":"https:\/\/www.europesays.com\/fr\/383815\/"},"modified":"2025-09-11T22:20:11","modified_gmt":"2025-09-11T22:20:11","slug":"equateur-la-grosse-cote-maxifoot","status":"publish","type":"post","link":"https:\/\/www.europesays.com\/fr\/383815\/","title":{"rendered":"\u00c9quateur : la grosse cote ? &#8211; Maxifoot"},"content":{"rendered":"<ol>\n<li><a href=\"https:\/\/news.google.com\/rss\/articles\/CBMiXEFVX3lxTE5FQmg1Mld5bFFQcjgwSFQydnlYVFc0SDc1dllXMjg2azJSSjIyVlZpWk1ZNnpuSFVvdmdHVFM0bk9WajRvT0Q1SVM3ZWFqUVNlNXAwc2VncmN5UGtV?oc=5\" target=\"_blank\" rel=\"nofollow noopener\">\u00c9quateur : la grosse cote ?<\/a>&nbsp;&nbsp;Maxifoot<\/li>\n<li><a href=\"https:\/\/news.google.com\/rss\/articles\/CBMi7gFBVV95cUxPWUItS3JLRjFPS0tBcW55aEg0dDZ5RHlEeTljcU1mc1NtQzh1UWNqYk9xX0ZHazM1Q1g2S1hoQnNkTDdHbkVSUm5uNzBkODlRYzl0SW9iWU9lTlNsV1pWd29vT1NROGJKdUJMVlBGWWJyOTNzeHZ5RzF5SDVpODFIRloyaHhJR2JfMTFMOFNtS3M1aHlRMDQ2RXkybEZnVzdmVThwZ3RwRjRRcWtBVXdJbXBFdkRBcGhLUTZKMVhKWmVFMkVTQ3V1aXNEVjIzdHlRUlZ1ZC1JaFpkSnVCWlpMdUNfajYxX2JIbWZPZE9R?oc=5\" target=\"_blank\" rel=\"nofollow noopener\">Pacho, Caicedo, Independiente del Valle : comment l&rsquo;\u00c9quateur s&rsquo;est b\u00e2ti la meilleure d\u00e9fense d&rsquo;Am\u00e9rique du Sud<\/a>&nbsp;&nbsp;L&rsquo;\u00c9quipe<\/li>\n<li><a href=\"https:\/\/news.google.com\/rss\/articles\/CBMingFBVV95cUxNQjNWSEtNUDRyMzZPMGhxYlB5NDJCNGhJT3g1MkdkamM1ejl1bkNGTzdHRmk1MUlRQUZYMHJMZ3IwZkNzMUJiNGt6MGJIa2JOc1VIRHpuRm5rQWxYbEJkSnRlcUloeU1leTZST2F1UEZkZUVSYnBGTDRSSnVUaFBCVE11Yll2MS1jZENsLVlQVzBibGlGdjB4RDRmUmtxUQ?oc=5\" target=\"_blank\" rel=\"nofollow noopener\">Le replay de Equateur &#8211; Argentine &#8211; Foot<\/a>&nbsp;&nbsp;sports.orange.fr<\/li>\n<li><a href=\"https:\/\/news.google.com\/rss\/articles\/CBMi9wFBVV95cUxPMUEzcm5ZSFhhMFlLU2ZHM19KaGFpanRGNDNJdnBzTm1XSTRkV1VjRHdINmNvZDRueDJBenM2dHZSdTh1RkJyY3RTaUlYbFpaYlZZOTYwbnM4RXQ1d2Z6c0Z3T2JCd0xfdHQ5eFgxZWpDcG9LakJxUDFwSUdZQl9LM09EVUlpWXl1U1pfTjZIT2ZybllFWW1PZ2tXZ1ZFWS13TVRpT1dMa0hQbFl1b285aG05VlRjZjRvZHJrWFhMOHh0ZGpZRk1zUnM0NGQ5LTRlZ1MwcUUxOVBiVHZBWVFoY0k2QXhiSnpWZFA5QUhtb1ZVWWNIcWJj?oc=5\" target=\"_blank\" rel=\"nofollow noopener\">Qualifications Coupe du Monde 2026 : l\u2019Argentine s\u2019incline sans Lionel Messi, premi\u00e8re d\u00e9faite pour le Br\u00e9sil d\u2019Ancelotti<\/a>&nbsp;&nbsp;Foot Mercato<\/li>\n<li><a href=\"https:\/\/news.google.com\/rss\/articles\/CBMiwAJBVV95cUxONGdGMGFxeldQeFpNalE2cXRzd2wyNFlyRDlJSWxFVUVPUHdCQ1F4X1pDZVVNaktvclpycGFMcFFFeGI0WXBYQjdQcDBXSDNHQllJMDV6T0U3NFZGRDJITUE3Sng3ZElGYnB3XzN0ZmF3N0hadDlPVkdqNDBGekUxSU1hUFhHSk9tZXpYYUFxWUMyUFdjbDlxdVdlMXRFR29kMml6ekZNUGFHbEctU2xRbjBObWVadTFFRXhqeE9zOTBiNElZc280TVJYWmt0TUtadjFvT2NHaFZYczJuRERhRGRrYl9BbG5nSjczTmdSVVFIYWlEVTVpRC02bFFZUWQ0cG56ZUc2aks5Rl93cjZlQ0RycDhRZW5KbDR6cDRsV2tBMTRmTG9PZE9vWjFNdmlpLUZoUXhPT2NiOThNVnlBcw?oc=5\" target=\"_blank\" rel=\"nofollow noopener\">Premi\u00e8re d\u00e9faite pour Ancelotti avec le Br\u00e9sil, l&rsquo;Argentine surprise par l\u2019\u00c9quateur<\/a>&nbsp;&nbsp;Eurosport<\/li>\n<\/ol>\n","protected":false},"excerpt":{"rendered":"\u00c9quateur : la grosse cote ?&nbsp;&nbsp;Maxifoot Pacho, Caicedo, Independiente del Valle : comment l&rsquo;\u00c9quateur s&rsquo;est b\u00e2ti la meilleure&hellip;\n","protected":false},"author":2,"featured_media":383816,"comment_status":"","ping_status":"","sticky":false,"template":"","format":"standard","meta":{"footnotes":""},"categories":[1410],"tags":[63,1011,27,60],"class_list":{"0":"post-383815","1":"post","2":"type-post","3":"status-publish","4":"format-standard","5":"has-post-thumbnail","7":"category-football","8":"tag-football","9":"tag-fr","10":"tag-france","11":"tag-sports"},"share_on_mastodon":{"url":"https:\/\/pubeurope.com\/@fr\/115187995556274819","error":""},"_links":{"self":[{"href":"https:\/\/www.europesays.com\/fr\/wp-json\/wp\/v2\/posts\/383815","targetHints":{"allow":["GET"]}}],"collection":[{"href":"https:\/\/www.europesays.com\/fr\/wp-json\/wp\/v2\/posts"}],"about":[{"href":"https:\/\/www.europesays.com\/fr\/wp-json\/wp\/v2\/types\/post"}],"author":[{"embeddable":true,"href":"https:\/\/www.europesays.com\/fr\/wp-json\/wp\/v2\/users\/2"}],"replies":[{"embeddable":true,"href":"https:\/\/www.europesays.com\/fr\/wp-json\/wp\/v2\/comments?post=383815"}],"version-history":[{"count":0,"href":"https:\/\/www.europesays.com\/fr\/wp-json\/wp\/v2\/posts\/383815\/revisions"}],"wp:featuredmedia":[{"embeddable":true,"href":"https:\/\/www.europesays.com\/fr\/wp-json\/wp\/v2\/media\/383816"}],"wp:attachment":[{"href":"https:\/\/www.europesays.com\/fr\/wp-json\/wp\/v2\/media?parent=383815"}],"wp:term":[{"taxonomy":"category","embeddable":true,"href":"https:\/\/www.europesays.com\/fr\/wp-json\/wp\/v2\/categories?post=383815"},{"taxonomy":"post_tag","embeddable":true,"href":"https:\/\/www.europesays.com\/fr\/wp-json\/wp\/v2\/tags?post=383815"}],"curies":[{"name":"wp","href":"https:\/\/api.w.org\/{rel}","templated":true}]}}