{"id":383817,"date":"2025-09-11T22:21:10","date_gmt":"2025-09-11T22:21:10","guid":{"rendered":"https:\/\/www.europesays.com\/fr\/383817\/"},"modified":"2025-09-11T22:21:10","modified_gmt":"2025-09-11T22:21:10","slug":"melania-trump-apres-sa-robe-polemique-cet-accessoire-qui-fait-tache-aux-commemorations-du-11-septembre","status":"publish","type":"post","link":"https:\/\/www.europesays.com\/fr\/383817\/","title":{"rendered":"Melania Trump : apr\u00e8s sa robe pol\u00e9mique, cet accessoire qui fait t\u00e2che aux comm\u00e9morations du 11-Septembre"},"content":{"rendered":"<p data-start=\"174\" data-end=\"617\"><a href=\"https:\/\/www.closermag.fr\/politique\/melania-trump-lenigme-de-la-first-lady-analysee-rien-a-voir-avec-laspect-maternel-et-feminin-3578126\" rel=\"nofollow noopener\" target=\"_blank\"><br \/>\nMelania Trump<\/a> est de nouveau au centre d\u2019une<br \/>\n<strong>pol\u00e9mique.<\/strong> Cette fois lors des<br \/>\n<strong>comm\u00e9morations du 11-Septembre.<\/strong> Alors que le<br \/>\ncouple <a href=\"https:\/\/www.closermag.fr\/people\/mort-de-charlie-kirk-ces-images-atroces-de-lattaque-qui-circulent-partout-3578673\" rel=\"nofollow noopener\" target=\"_blank\"><br \/>\nTrump<\/a> participait \u00e0 la c\u00e9r\u00e9monie en <strong>hommage<\/strong><br \/>\naux victimes, la <strong>robe<\/strong> port\u00e9e par la <a href=\"https:\/\/www.closermag.fr\/people\/melania-trump-sous-influence-sovietique-sa-lettre-secrete-a-vladimir-poutine-nest-pas-si-surprenante-3576003\" rel=\"nofollow noopener\" target=\"_blank\"><br \/>\nPremi\u00e8re dame<\/a> a suscit\u00e9 de vives <strong>r\u00e9actions<\/strong> sur<br \/>\nles r\u00e9seaux sociaux. La tenue \u00e9tait sobre et \u00e9l\u00e9gante. Selon<br \/>\ncertains internautes, elle comporterait une<br \/>\n<strong>couture<\/strong> qui \u00e9voquerait la <strong>silhouette d\u2019un<br \/>\navion s\u2019\u00e9crasant dans une tour.<\/strong><\/p>\n<p data-start=\"619\" data-end=\"999\">Cette photo a \u00e9t\u00e9 captur\u00e9e \u00e0<br \/>\nShanksville en Pennsylvanie, lieu d\u2019un <strong>m\u00e9morial<\/strong><br \/>\nd\u00e9di\u00e9 aux passagers du vol 93. Elle a \u00e9t\u00e9 largement partag\u00e9e sur<br \/>\nTwitter avec plus de 205 000 retweets. <a href=\"https:\/\/www.closermag.fr\/politique\/donald-et-melania-trump-leur-fils-barron-a-disparu-des-radars-son-absence-interpelle-3576068\" rel=\"nofollow noopener\" target=\"_blank\"><br \/>\nDonald et Melania Trump<\/a> y apparaissent <strong>main dans la<br \/>\nmain, sur fond du drapeau am\u00e9ricain<\/strong> et de l\u2019inscription<br \/>\n\u2018\u2018We will never forget\u201d. (<strong>Nous n\u2019oublierons<br \/>\njamais.)<\/strong> Symbole fort de la m\u00e9moire des<br \/>\n<strong>attentats<\/strong>.<\/p>\n<blockquote class=\"twitter-tweet\"><p><a class=\"twitter-link\" rel=\"noindex, nofollow noopener\" href=\"https:\/\/twitter.com\/Leonie3854\/status\/1966150387070898593\" target=\"_blank\"><\/p><\/blockquote>\n<p>Melania Trump : une pol\u00e9mique<br \/>\nqui d\u00e9passe la robe<\/p>\n<p data-start=\"1046\" data-end=\"1383\">Mais la tenue n\u2019est pas le<br \/>\nseul \u00e9l\u00e9ment \u00e0 faire <strong>parler<\/strong>. Ses <strong>grandes<br \/>\nlunettes de soleil noires<\/strong>, qui couvraient une partie de<br \/>\nson visage, ont \u00e9galement \u00e9t\u00e9 point\u00e9es du doigt par les<br \/>\ninternautes. Selon eux, cet accessoire semble<br \/>\n<strong>d\u00e9tonner<\/strong> dans un contexte de recueillement et<br \/>\n<strong>accentuerait l\u2019impression d\u2019une mise en sc\u00e8ne trop<br \/>\ncalcul\u00e9e.<\/strong><\/p>\n<p data-start=\"1385\" data-end=\"1896\">Face \u00e0 cette vague de<br \/>\n<strong>critiques<\/strong>, l\u2019attach\u00e9 de presse de la <a href=\"https:\/\/www.closermag.fr\/politique\/melania-trump-tire-les-ficelles-a-la-maison-blanche-donald-trump-lecoute-bien-plus-quil-ny-parait-3570134\" rel=\"nofollow noopener\" target=\"_blank\"><br \/>\nMaison-Blanche<\/a> a qualifi\u00e9 la pol\u00e9mique de<br \/>\n\u2018\u2018<strong>ridicule<\/strong>\u201d, rappelant que Melania Trump n\u2019avait<br \/>\n<strong>aucune intention de v\u00e9hiculer un message cach\u00e9<\/strong>. Ce<br \/>\nn\u2019est pas la premi\u00e8re fois que la garde-robe de l\u2019ancienne<br \/>\nmannequin fait d\u00e9bat. En juin 2018, lors d\u2019une visite \u00e0 un centre<br \/>\npour <strong>enfants migrants<\/strong>, elle portait une veste kaki<br \/>\nsur laquelle \u00e9tait inscrit \u2018\u2018I really don\u2019t care, do u ?\u201d<br \/>\n(<strong>Je n\u2019en ai rien \u00e0 faire, et vous ?<\/strong>). Cela<br \/>\navait provoqu\u00e9 un toll\u00e9 m\u00e9diatique.<\/p>\n<p>Accessoires et symboles sous haute tension<\/p>\n<p data-start=\"1952\" data-end=\"2292\">L\u2019incident rappelle combien<br \/>\nchaque d\u00e9tail de la tenue de Melania Trump peut \u00eatre<br \/>\n<strong>interpr\u00e9t\u00e9.<\/strong> Et comment la<br \/>\n<strong>perception<\/strong> publique peut rapidement se transformer<br \/>\nen <strong>pol\u00e9mique<\/strong>. Les robes et accessoires de la<br \/>\nPremi\u00e8re dame continuent de faire <strong>parler<\/strong> d\u2019eux.<br \/>\nParfois \u00e0 tort, dans un contexte o\u00f9 l\u2019histoire et l\u2019\u00e9motion sont<br \/>\ntr\u00e8s pr\u00e9sentes.<\/p>\n<p data-start=\"2294\" data-end=\"2612\">M\u00eame si l\u2019attach\u00e9 de presse<br \/>\ntente de calmer le jeu, la <strong>photo reste sur toutes les<br \/>\nplateformes. La robe ainsi que les lunettes sont d\u00e9sormais scrut\u00e9es<br \/>\n\u00e0 la loupe<\/strong>. Entre style et symbolique, chaque apparition<br \/>\nde Melania Trump reste susceptible de cr\u00e9er la controverse.<\/p>\n<p><script async src=\"https:\/\/platform.twitter.com\/widgets.js\" charset=\"utf-8\"><\/script><\/p>\n","protected":false},"excerpt":{"rendered":"Melania Trump est de nouveau au centre d\u2019une pol\u00e9mique. Cette fois lors des comm\u00e9morations du 11-Septembre. Alors que&hellip;\n","protected":false},"author":2,"featured_media":383818,"comment_status":"","ping_status":"","sticky":false,"template":"","format":"standard","meta":{"footnotes":""},"categories":[1359],"tags":[548,58,59,1011,27,21831,973],"class_list":{"0":"post-383817","1":"post","2":"type-post","3":"status-publish","4":"format-standard","5":"has-post-thumbnail","7":"category-people","8":"tag-article-simple","9":"tag-divertissement","10":"tag-entertainment","11":"tag-fr","12":"tag-france","13":"tag-melania-trump","14":"tag-people"},"share_on_mastodon":{"url":"https:\/\/pubeurope.com\/@fr\/115187999356709511","error":""},"_links":{"self":[{"href":"https:\/\/www.europesays.com\/fr\/wp-json\/wp\/v2\/posts\/383817","targetHints":{"allow":["GET"]}}],"collection":[{"href":"https:\/\/www.europesays.com\/fr\/wp-json\/wp\/v2\/posts"}],"about":[{"href":"https:\/\/www.europesays.com\/fr\/wp-json\/wp\/v2\/types\/post"}],"author":[{"embeddable":true,"href":"https:\/\/www.europesays.com\/fr\/wp-json\/wp\/v2\/users\/2"}],"replies":[{"embeddable":true,"href":"https:\/\/www.europesays.com\/fr\/wp-json\/wp\/v2\/comments?post=383817"}],"version-history":[{"count":0,"href":"https:\/\/www.europesays.com\/fr\/wp-json\/wp\/v2\/posts\/383817\/revisions"}],"wp:featuredmedia":[{"embeddable":true,"href":"https:\/\/www.europesays.com\/fr\/wp-json\/wp\/v2\/media\/383818"}],"wp:attachment":[{"href":"https:\/\/www.europesays.com\/fr\/wp-json\/wp\/v2\/media?parent=383817"}],"wp:term":[{"taxonomy":"category","embeddable":true,"href":"https:\/\/www.europesays.com\/fr\/wp-json\/wp\/v2\/categories?post=383817"},{"taxonomy":"post_tag","embeddable":true,"href":"https:\/\/www.europesays.com\/fr\/wp-json\/wp\/v2\/tags?post=383817"}],"curies":[{"name":"wp","href":"https:\/\/api.w.org\/{rel}","templated":true}]}}