{"id":383821,"date":"2025-09-11T22:23:18","date_gmt":"2025-09-11T22:23:18","guid":{"rendered":"https:\/\/www.europesays.com\/fr\/383821\/"},"modified":"2025-09-11T22:23:18","modified_gmt":"2025-09-11T22:23:18","slug":"caledonian-road-un-roman-orchestral-liberation","status":"publish","type":"post","link":"https:\/\/www.europesays.com\/fr\/383821\/","title":{"rendered":"\u00ab\u201cCaledonian Road\u201d, un roman orchestral\u00bb \u2013 Lib\u00e9ration"},"content":{"rendered":"<p>Le livre sur la place<\/p>\n<p class=\"sc-cPiKLX sc-bJBgwP faNIPg dnqATq content-text-framed\" color=\"#1A1A1A\">Critiques, interviews, s\u00e9lection&#8230; \u00abLib\u00e9\u00bb vous guide dans les all\u00e9es de la 47e \u00e9dition du Salon du livre de Nancy, grand rendez-vous de la rentr\u00e9e litt\u00e9raire, qui se tient du 12 au 14 septembre.<\/p>\n<p class=\"sc-cPiKLX AiZTS text-element\">Roman monumental dans le Royaume-Uni post-Brexit, Caledonian Road est une fresque satirique et r\u00e9aliste qui traverse les coulisses du monde de l\u2019art, des politiques, des oligarques russes, des influenceurs, des aristocrates corrompus. Entretien avec l\u2019\u00e9crivain \u00e9cossais <a href=\"https:\/\/www.liberation.fr\/livres\/2008\/11\/20\/touche-ecossaise_258234\/\" target=\"_blank\" rel=\"noopener\" title=\"https:\/\/www.liberation.fr\/livres\/2008\/11\/20\/touche-ecossaise_258234\/\">Andrew O\u2019Hagan<\/a>. <\/p>\n<p class=\"sc-cPiKLX AiZTS text-element\"><b>Comment est n\u00e9 <\/b><b>Caledonian Road<\/b> <b>?<\/b> <\/p>\n<p class=\"sc-cPiKLX AiZTS text-element\">Je n\u2019avais pas trouv\u00e9 le roman que je voulais lire sur la soci\u00e9t\u00e9 londonienne, sur ce qui \u00e9tait arriv\u00e9 au Royaume-Uni au cours des trente derni\u00e8res ann\u00e9es. Un endroit tellement coup\u00e9, non seulement de son propre pass\u00e9, mais aussi de l\u2019avenir de l\u2019Europe. J\u2019ai commenc\u00e9 \u00e0 r\u00e9fl\u00e9chir \u00e0 la fa\u00e7on dont Londres \u00e9tait devenu le centre symbolique de cette paralysie. Depuis pr\u00e8s de quarante ans que j\u2019y vis, j\u2019ai assist\u00e9 \u00e0 \u00e9norm\u00e9ment de changements. <a href=\"https:\/\/www.liberation.fr\/planete\/1997\/08\/08\/apres-cent-jours-tony-blair-prolonge-sa-lune-de-miela-l-epreuve-du-pouvoir-il-reste-toujours-aussi-p_213507\/\" target=\"_blank\" rel=\"noopener\" title=\"https:\/\/www.liberation.fr\/planete\/1997\/08\/08\/apres-cent-jours-tony-blair-prolonge-sa-lune-de-miela-l-epreuve-du-pouvoir-il-reste-toujours-aussi-p_213507\/\">Quand Tony Blair a \u00e9t\u00e9 \u00e9lu<\/a>, la premi\u00e8re chose qu\u2019il a faite a \u00e9t\u00e9 de d\u00e9r\u00e9glementer la finance, alors qu\u2019il \u00e9tait cens\u00e9 \u00eatre de gauche. Ce premier acte a entam\u00e9 un proces <\/p>\n","protected":false},"excerpt":{"rendered":"Le livre sur la place Critiques, interviews, s\u00e9lection&#8230; \u00abLib\u00e9\u00bb vous guide dans les all\u00e9es de la 47e \u00e9dition&hellip;\n","protected":false},"author":2,"featured_media":383822,"comment_status":"","ping_status":"","sticky":false,"template":"","format":"standard","meta":{"footnotes":""},"categories":[1357],"tags":[1379,10488,58,59,1011,27,1380,473],"class_list":{"0":"post-383821","1":"post","2":"type-post","3":"status-publish","4":"format-standard","5":"has-post-thumbnail","7":"category-livres","8":"tag-books","9":"tag-cahier-livres","10":"tag-divertissement","11":"tag-entertainment","12":"tag-fr","13":"tag-france","14":"tag-livres","15":"tag-royaume-uni"},"share_on_mastodon":{"url":"https:\/\/pubeurope.com\/@fr\/115188007279875772","error":""},"_links":{"self":[{"href":"https:\/\/www.europesays.com\/fr\/wp-json\/wp\/v2\/posts\/383821","targetHints":{"allow":["GET"]}}],"collection":[{"href":"https:\/\/www.europesays.com\/fr\/wp-json\/wp\/v2\/posts"}],"about":[{"href":"https:\/\/www.europesays.com\/fr\/wp-json\/wp\/v2\/types\/post"}],"author":[{"embeddable":true,"href":"https:\/\/www.europesays.com\/fr\/wp-json\/wp\/v2\/users\/2"}],"replies":[{"embeddable":true,"href":"https:\/\/www.europesays.com\/fr\/wp-json\/wp\/v2\/comments?post=383821"}],"version-history":[{"count":0,"href":"https:\/\/www.europesays.com\/fr\/wp-json\/wp\/v2\/posts\/383821\/revisions"}],"wp:featuredmedia":[{"embeddable":true,"href":"https:\/\/www.europesays.com\/fr\/wp-json\/wp\/v2\/media\/383822"}],"wp:attachment":[{"href":"https:\/\/www.europesays.com\/fr\/wp-json\/wp\/v2\/media?parent=383821"}],"wp:term":[{"taxonomy":"category","embeddable":true,"href":"https:\/\/www.europesays.com\/fr\/wp-json\/wp\/v2\/categories?post=383821"},{"taxonomy":"post_tag","embeddable":true,"href":"https:\/\/www.europesays.com\/fr\/wp-json\/wp\/v2\/tags?post=383821"}],"curies":[{"name":"wp","href":"https:\/\/api.w.org\/{rel}","templated":true}]}}