{"id":383831,"date":"2025-09-11T22:28:11","date_gmt":"2025-09-11T22:28:11","guid":{"rendered":"https:\/\/www.europesays.com\/fr\/383831\/"},"modified":"2025-09-11T22:28:11","modified_gmt":"2025-09-11T22:28:11","slug":"romain-faivre-ex-ol-rejoint-en-pret-al-taawoun","status":"publish","type":"post","link":"https:\/\/www.europesays.com\/fr\/383831\/","title":{"rendered":"Romain Faivre (ex-OL) rejoint en pr\u00eat Al Taawoun"},"content":{"rendered":"<p>                            <img width=\"770\" height=\"433\" src=\"https:\/\/www.europesays.com\/fr\/wp-content\/uploads\/2025\/09\/000_328M8AL-770x433.jpg\" class=\"attachment-article size-article wp-post-image\" alt=\"Romain Faivre lors de Brest - OL\" decoding=\"async\" fetchpriority=\"high\"  \/><\/p>\n<p>Romain Faivre lors de Brest \u2013 OL (Photo by FRED TANNEAU \/ AFP)<\/p>\n<p>Apr\u00e8s son arriv\u00e9e \u00e0 Bournemouth en 2023, Romain Faivre part une nouvelle fois en pr\u00eat avec option d\u2019achat \u00e0 Al Taawoun.<\/p>\n<p>Le mercato a peut-\u00eatre d\u00e9j\u00e0 ferm\u00e9 ses portes en Europe, mais l\u2019Arabie saoudite le maintenait ouvert jusqu\u2019\u00e0 mercredi soir. <strong>Al Taawoun<\/strong>, pensionnaire de la tr\u00e8s convoit\u00e9e Saudi Pro League, en a profit\u00e9 pour enr\u00f4ler l\u2019ancien milieu droit lyonnais Romain <strong>Faivre<\/strong>. Form\u00e9 \u00e0 l&rsquo;<strong>AS Monaco<\/strong>, il s&rsquo;\u00e9tait r\u00e9v\u00e9l\u00e9 avec le <strong>Stade Brestois<\/strong> avant d&rsquo;atterrir \u00e0 <strong>l&rsquo;OL<\/strong> en 2022. Entre Rh\u00f4ne et Sa\u00f4ne, le milieu de 27 ans avait disput\u00e9 28 rencontres pour trois buts inscrits et une passe d\u00e9cisive d\u00e9livr\u00e9e.<\/p>\n<p>Une carri\u00e8re qui fait du surplace<\/p>\n<p>Durant sa saison \u00e0 <strong>l&rsquo;OL<\/strong>, jalonn\u00e9e d&rsquo;un court pr\u00eat \u00e0 <strong>Lorient<\/strong>, le Franco-Alg\u00e9rien avait attir\u00e9 les convoitises de <strong>Bournemouth<\/strong>, en Premier League. Pour un montant d&rsquo;environ 15 millions d&rsquo;euros, Romain <strong>Faivre <\/strong>s&rsquo;\u00e9tait envol\u00e9 de l&rsquo;autre c\u00f4t\u00e9 de la Manche. Pour une courte dur\u00e9e du moins\u2026<\/p>\n<p>Seulement six matchs disput\u00e9s pour 0 but inscrit en Premier League avec les Cherries. Le joueur a donc \u00e9t\u00e9 successivement pr\u00eat\u00e9 \u00e0 <strong>Lorient<\/strong>, <strong>Brest <\/strong>puis \u00e0 <strong>Al Tawwoun<\/strong> en marge de l&rsquo;exercice 2025-2026. L&rsquo;occasion d&rsquo;int\u00e9grer un nouveau championnat afin de se refaire la cerise avant un possible retour sur le Vieux Continent.<\/p>\n<p>\t\t\t\t\t<a href=\"https:\/\/www.olympique-et-lyonnais.com\/contre-lol-rennes-veut-lancer-sa-saison,379404.html\" title=\"Contre l&#039;OL, Rennes veut lancer sa saison\" rel=\"nofollow noopener\" target=\"_blank\"><img loading=\"lazy\" width=\"580\" height=\"326\" src=\"https:\/\/www.europesays.com\/fr\/wp-content\/uploads\/2025\/09\/AFP__20250817__DPPI_40025059_025__v1__HighRes__FootballFrenchChampRennesVMarseille-580x326.jpg\" class=\"attachment-actularge size-actularge wp-post-image\" alt=\"Mahdi Camara lors de Rennes - OM\" decoding=\"async\"  \/>\t\t\t\t\t<\/a><\/p>\n","protected":false},"excerpt":{"rendered":"Romain Faivre lors de Brest \u2013 OL (Photo by FRED TANNEAU \/ AFP) Apr\u00e8s son arriv\u00e9e \u00e0 Bournemouth&hellip;\n","protected":false},"author":2,"featured_media":383832,"comment_status":"","ping_status":"","sticky":false,"template":"","format":"standard","meta":{"footnotes":""},"categories":[9],"tags":[1011,27,1434,241,51652,60],"class_list":{"0":"post-383831","1":"post","2":"type-post","3":"status-publish","4":"format-standard","5":"has-post-thumbnail","7":"category-sports","8":"tag-fr","9":"tag-france","10":"tag-mercato","11":"tag-ol","12":"tag-romain-faivre","13":"tag-sports"},"share_on_mastodon":{"url":"https:\/\/pubeurope.com\/@fr\/115188027170903895","error":""},"_links":{"self":[{"href":"https:\/\/www.europesays.com\/fr\/wp-json\/wp\/v2\/posts\/383831","targetHints":{"allow":["GET"]}}],"collection":[{"href":"https:\/\/www.europesays.com\/fr\/wp-json\/wp\/v2\/posts"}],"about":[{"href":"https:\/\/www.europesays.com\/fr\/wp-json\/wp\/v2\/types\/post"}],"author":[{"embeddable":true,"href":"https:\/\/www.europesays.com\/fr\/wp-json\/wp\/v2\/users\/2"}],"replies":[{"embeddable":true,"href":"https:\/\/www.europesays.com\/fr\/wp-json\/wp\/v2\/comments?post=383831"}],"version-history":[{"count":0,"href":"https:\/\/www.europesays.com\/fr\/wp-json\/wp\/v2\/posts\/383831\/revisions"}],"wp:featuredmedia":[{"embeddable":true,"href":"https:\/\/www.europesays.com\/fr\/wp-json\/wp\/v2\/media\/383832"}],"wp:attachment":[{"href":"https:\/\/www.europesays.com\/fr\/wp-json\/wp\/v2\/media?parent=383831"}],"wp:term":[{"taxonomy":"category","embeddable":true,"href":"https:\/\/www.europesays.com\/fr\/wp-json\/wp\/v2\/categories?post=383831"},{"taxonomy":"post_tag","embeddable":true,"href":"https:\/\/www.europesays.com\/fr\/wp-json\/wp\/v2\/tags?post=383831"}],"curies":[{"name":"wp","href":"https:\/\/api.w.org\/{rel}","templated":true}]}}