{"id":383838,"date":"2025-09-11T22:32:09","date_gmt":"2025-09-11T22:32:09","guid":{"rendered":"https:\/\/www.europesays.com\/fr\/383838\/"},"modified":"2025-09-11T22:32:09","modified_gmt":"2025-09-11T22:32:09","slug":"au-bresil-lex-president-dextreme-droite-jair-bolsonaro-condamne-pour-sa-tentative-de-coup-detat-liberation","status":"publish","type":"post","link":"https:\/\/www.europesays.com\/fr\/383838\/","title":{"rendered":"Au Br\u00e9sil, l\u2019ex-pr\u00e9sident d\u2019extr\u00eame droite Jair Bolsonaro condamn\u00e9 pour sa tentative de coup d\u2019Etat \u2013 Lib\u00e9ration"},"content":{"rendered":"<p class=\"sc-cPiKLX AiZTS text-element\">La Cour supr\u00eame du Br\u00e9sil a tranch\u00e9. L\u2019ex-pr\u00e9sident d\u2019extr\u00eame droite Jair Bolsonaro a \u00e9t\u00e9 condamn\u00e9 coupable ce jeudi 11 septembre <a href=\"https:\/\/www.liberation.fr\/international\/amerique\/bresil-lex-president-jair-bolsonaro-inculpe-pour-un-projet-de-coup-detat-qui-prevoyait-jusqua-la-mort-de-lula-20250219_U5EZNVLUK5GHNFMKCLDRUURMWQ\/\" target=\"_blank\" rel=\"noreferrer noopener\" title=\"https:\/\/www.liberation.fr\/international\/amerique\/bresil-lex-president-jair-bolsonaro-inculpe-pour-un-projet-de-coup-detat-qui-prevoyait-jusqua-la-mort-de-lula-20250219_U5EZNVLUK5GHNFMKCLDRUURMWQ\/\">de tentative de coup d\u2019Etat<\/a>. Quatre des cinq juges l\u2019ont d\u00e9clar\u00e9 coupable. Les magistrats doivent encore fixer les peines de chacun des accus\u00e9s &#8211; sept autres hommes, parmi lesquels d\u2019anciens ministres et militaires haut grad\u00e9s, l\u2019\u00e9taient aussi. L\u2019ancien dirigeant risque jusqu\u2019\u00e0 43 ans de prison. <\/p>\n<p class=\"sc-cPiKLX AiZTS text-element\"><a href=\"https:\/\/www.liberation.fr\/international\/amerique\/au-bresil-louverture-du-proces-du-siecle-contre-jair-bolsonaro-dans-un-climat-de-defiance-20250902_6RM5MOXQENEV5CYBRL4E3AEX64\/\" target=\"_blank\" rel=\"noopener\" title=\"https:\/\/www.liberation.fr\/international\/amerique\/au-bresil-louverture-du-proces-du-siecle-contre-jair-bolsonaro-dans-un-climat-de-defiance-20250902_6RM5MOXQENEV5CYBRL4E3AEX64\/\">Le proc\u00e8s aura \u00e9t\u00e9 historique<\/a> et l\u2019audience a \u00e9t\u00e9 retransmise en direct par les m\u00e9dias dans tout le pays : c\u2019est la premi\u00e8re fois qu\u2019un ancien chef de l\u2019Etat br\u00e9silien \u00e9tait jug\u00e9 pour un projet pr\u00e9sum\u00e9 de putsch depuis la fin de la dictature militaire (1964-1985). Jair Bolsonaro, qui se dit innocent, <a href=\"https:\/\/www.liberation.fr\/international\/amerique\/les-preuves-sont-claires-au-bresil-le-parquet-reclame-lincarceration-de-jair-bolsonaro-20250715_2UVO25R5PBAO5H4V6NEHULJQRA\/\" target=\"_blank\" rel=\"noopener\" title=\"https:\/\/www.liberation.fr\/international\/amerique\/les-preuves-sont-claires-au-bresil-le-parquet-reclame-lincarceration-de-jair-bolsonaro-20250715_2UVO25R5PBAO5H4V6NEHULJQRA\/\">\u00e9tait accus\u00e9 d\u2019avoir conspir\u00e9 pour son \u00abmaintien autoritaire au pouvoir\u00bb<\/a> malgr\u00e9 sa d\u00e9faite face au pr\u00e9sident actuel de gauche, Luiz Inacio Lula da Silva, lors de l\u2019\u00e9lection de 2022. <\/p>\n<p class=\"sc-cPiKLX AiZTS text-element\">\u00abLe Br\u00e9sil a failli redevenir une dictature\u00bb, a d\u00e9clar\u00e9 le juge Alexandre de Moraes, \u00e9galement rapporteur du proc\u00e8s. <a href=\"https:\/\/www.liberation.fr\/planete\/2017\/02\/21\/au-bresil-un-ministre-accuse-de-corruption-devient-juge-anti-corruption_1550029\/\" target=\"_blank\" rel=\"noopener\" title=\"https:\/\/www.liberation.fr\/planete\/2017\/02\/21\/au-bresil-un-ministre-accuse-de-corruption-devient-juge-anti-corruption_1550029\/\">Ce magistrat puissant et clivant<\/a> est dans une situation unique. Vis\u00e9 par des sanctions de la part des Etats-Unis, qui l\u2019accusent d\u2019avoir des motivations politiques, il est \u00e0 la fois juge et victime potentielle dans ce dossier. Le suppos\u00e9 plan putschiste pr\u00e9voyait en effet son assassinat ainsi que celui de Lula, selon l\u2019accusation. <\/p>\n<p class=\"sc-cPiKLX AiZTS text-element\">Alexandre de Moraes a \u00e9t\u00e9 le premier des cinq juges \u00e0 voter, mardi 9 septembre. A sa suite, son coll\u00e8gue Flavio Dino s\u2019est lui aussi positionn\u00e9 en faveur de la condamnation de l\u2019ex-pr\u00e9sident et ses coaccus\u00e9s.<\/p>\n<p class=\"sc-cPiKLX AiZTS text-element\">Mercredi, le juge Luiz Fux avait tenu des propos oppos\u00e9s \u00e0 ses coll\u00e8gues : \u00abIl n\u2019appartient pas \u00e0 la Cour supr\u00eame de faire un jugement politique sur ce qui est bon ou mauvais\u00bb, avait-il lanc\u00e9, avant de r\u00e9futer l\u2019existence d\u2019une \u00aborganisation criminelle arm\u00e9e\u00bb, faute d\u2019arm\u00e9es utilis\u00e9es, et de rejeter les accusations contre Jair Bolsonaro faute de \u00abpreuves suffisantes\u00bb. Il a donc vot\u00e9 l\u2019acquittement. <\/p>\n<p class=\"sc-cPiKLX AiZTS text-element\">D\u00e9j\u00e0 in\u00e9ligible jusqu\u2019en 2030 pour d\u00e9sinformation \u00e9lectorale, l\u2019ancien chef de l\u2019Etat se dit victime d\u2019une \u00abpers\u00e9cution politique\u00bb, \u00e0 un peu plus d\u2019un an de la pr\u00e9sidentielle de 2026. Son fils a\u00een\u00e9, le s\u00e9nateur Flavio Bolsonaro, a d\u00e9nonc\u00e9 un \u00ablynchage judiciaire\u00bb contre son p\u00e8re. Devant la presse, il a accus\u00e9 le juge Moraes de chercher une \u00abvengeance\u00bb. <\/p>\n<p class=\"sc-cPiKLX AiZTS text-element\">La soci\u00e9t\u00e9 br\u00e9silienne <a href=\"https:\/\/www.liberation.fr\/international\/amerique\/comment-bolsonaro-noyaute-toujours-la-vie-politique-bresilienne-20240625_7LGWKBURMRETRBY2VERH6IH7KY\/\" target=\"_blank\" rel=\"noopener\" title=\"https:\/\/www.liberation.fr\/international\/amerique\/comment-bolsonaro-noyaute-toujours-la-vie-politique-bresilienne-20240625_7LGWKBURMRETRBY2VERH6IH7KY\/\">s\u2019est montr\u00e9e divis\u00e9e<\/a> sur le proc\u00e8s : si 53 % des personnes interrog\u00e9es estiment que le juge Moraes applique les lois, 39 % per\u00e7oivent des motivations politiques, selon un sondage de l\u2019institut Datafolha publi\u00e9 en ao\u00fbt. L\u2019affaire Bolsonaro se trouve aussi au c\u0153ur d\u2019une <a href=\"https:\/\/www.liberation.fr\/international\/amerique\/au-bresil-le-camp-pro-bolsonaro-etrangement-ravi-par-les-sanctions-douanieres-americaines-20250804_VEES5ETY3VC7HLUQTL4OTFYNKY\/\" target=\"_blank\" rel=\"noopener\" title=\"https:\/\/www.liberation.fr\/international\/amerique\/au-bresil-le-camp-pro-bolsonaro-etrangement-ravi-par-les-sanctions-douanieres-americaines-20250804_VEES5ETY3VC7HLUQTL4OTFYNKY\/\">crise sans pr\u00e9c\u00e9dent entre le Br\u00e9sil et les Etats-Unis<\/a> : Donald Trump d\u00e9peint une \u00abchasse aux sorci\u00e8res\u00bb contre son alli\u00e9, et impose depuis le 6 ao\u00fbt une surtaxe punitive de 50 % sur de nombreuses exportations br\u00e9siliennes. Des sanctions individuelles ont en outre \u00e9t\u00e9 prises contre le juge Moraes et plusieurs magistrats de la Cour supr\u00eame. <\/p>\n<p class=\"sc-cPiKLX AiZTS text-element\">Le pr\u00e9sident am\u00e9ricain \u00abn\u2019a pas peur d\u2019utiliser la puissance \u00e9conomique, la puissance militaire des Etats-Unis d\u2019Am\u00e9rique pour prot\u00e9ger la libert\u00e9 d\u2019expression dans le monde\u00bb, a assur\u00e9 la porte-parole de la Maison Blanche, Karoline Leavitt. Des propos vivement d\u00e9nonc\u00e9s par Bras\u00edlia. <\/p>\n<p class=\"sc-cPiKLX AiZTS text-element\">Anticipant une condamnation, le camp Bolsonaro s\u2019\u00e9tait d\u00e9j\u00e0 activ\u00e9 en ce sens : il tente de faire voter un projet de loi d\u2019amnistie pour son leader. Ce qui promet une \u00e2pre bataille politique et judiciaire apr\u00e8s le proc\u00e8s.<\/p>\n<p class=\"sc-cPiKLX AiZTS text-element\"><b>Mise \u00e0 jour :<\/b> \u00e0 22 h 58, avec l\u2019ajout du vote du cinqui\u00e8me et dernier juge, et la condamnation de Bolsonaro. <\/p>\n","protected":false},"excerpt":{"rendered":"La Cour supr\u00eame du Br\u00e9sil a tranch\u00e9. L\u2019ex-pr\u00e9sident d\u2019extr\u00eame droite Jair Bolsonaro a \u00e9t\u00e9 condamn\u00e9 coupable ce jeudi&hellip;\n","protected":false},"author":2,"featured_media":383839,"comment_status":"","ping_status":"","sticky":false,"template":"","format":"standard","meta":{"footnotes":""},"categories":[5],"tags":[11,2548,1011,27,14,35977,19363,12,28],"class_list":{"0":"post-383838","1":"post","2":"type-post","3":"status-publish","4":"format-standard","5":"has-post-thumbnail","7":"category-international","8":"tag-actualites","9":"tag-bresil","10":"tag-fr","11":"tag-france","12":"tag-international","13":"tag-jair-bolsonaro","14":"tag-lula","15":"tag-news","16":"tag-world"},"share_on_mastodon":{"url":"https:\/\/pubeurope.com\/@fr\/115188042642855975","error":""},"_links":{"self":[{"href":"https:\/\/www.europesays.com\/fr\/wp-json\/wp\/v2\/posts\/383838","targetHints":{"allow":["GET"]}}],"collection":[{"href":"https:\/\/www.europesays.com\/fr\/wp-json\/wp\/v2\/posts"}],"about":[{"href":"https:\/\/www.europesays.com\/fr\/wp-json\/wp\/v2\/types\/post"}],"author":[{"embeddable":true,"href":"https:\/\/www.europesays.com\/fr\/wp-json\/wp\/v2\/users\/2"}],"replies":[{"embeddable":true,"href":"https:\/\/www.europesays.com\/fr\/wp-json\/wp\/v2\/comments?post=383838"}],"version-history":[{"count":0,"href":"https:\/\/www.europesays.com\/fr\/wp-json\/wp\/v2\/posts\/383838\/revisions"}],"wp:featuredmedia":[{"embeddable":true,"href":"https:\/\/www.europesays.com\/fr\/wp-json\/wp\/v2\/media\/383839"}],"wp:attachment":[{"href":"https:\/\/www.europesays.com\/fr\/wp-json\/wp\/v2\/media?parent=383838"}],"wp:term":[{"taxonomy":"category","embeddable":true,"href":"https:\/\/www.europesays.com\/fr\/wp-json\/wp\/v2\/categories?post=383838"},{"taxonomy":"post_tag","embeddable":true,"href":"https:\/\/www.europesays.com\/fr\/wp-json\/wp\/v2\/tags?post=383838"}],"curies":[{"name":"wp","href":"https:\/\/api.w.org\/{rel}","templated":true}]}}