{"id":38385,"date":"2025-04-20T08:03:17","date_gmt":"2025-04-20T08:03:17","guid":{"rendered":"https:\/\/www.europesays.com\/fr\/38385\/"},"modified":"2025-04-20T08:03:17","modified_gmt":"2025-04-20T08:03:17","slug":"top-14-apres-lelimination-en-coupe-deurope-toulon-se-remet-en-ordre-de-marche","status":"publish","type":"post","link":"https:\/\/www.europesays.com\/fr\/38385\/","title":{"rendered":"Top 14 : apr\u00e8s l&rsquo;\u00e9limination en coupe d&rsquo;Europe, Toulon se remet en ordre de marche"},"content":{"rendered":"<p>Chasser <a href=\"https:\/\/www.laprovence.com\/article\/sports\/2384481537978715\/rugby-champions-cup-le-rc-toulon-tombe-a-la-derniere-minute-en-quart-de-finale-contre-toulouse\" target=\"_blank\" rel=\"noopener\">la d\u00e9sillusion de l&rsquo;\u00e9limination cruelle en Champions Cup<\/a> face au Stade toulousain (18-21) et repartir \u00e0 la chasse \u00e0 la deuxi\u00e8me place, directement qualificative pour les demi-finales du championnat : voil\u00e0 la mission que les Toulonnais s&rsquo;\u00e9taient fix\u00e9e ce samedi, face \u00e0 Clermont.<\/p>\n<p>En insufflant un peu de fra\u00eecheur dans son \u00e9quipe &#8211; Isa, Fainga&rsquo;anuku, Garbisi et autre Villi\u00e8re \u00e9taient en tribune, Jaminet, Abadie et Serin sur le banc&#8230; -, <a href=\"https:\/\/www.laprovence.com\/article\/sports\/41865120332027\/rugby-pierre-mignoni-prolonge-a-toulon-jusquen-2029\" target=\"_blank\" rel=\"noopener\">Pierre Mignoni<\/a> a vu son \u00e9quipe faire feu de tout bois pendant la premi\u00e8re p\u00e9riode. Marius Domon \u00e9tait insaisissable (26), J\u00e9r\u00e9my Sinzelle retrouvait ses jambes de 20 ans (31) ; avec 4 essais et 31 points inscrits en \u00e0 peine une demi-heure, Mayol pouvait savourer.<\/p>\n<p>Sauf que dans le m\u00eame temps, l&rsquo;ASM r\u00e9pliquait, profitant de chaque incursion dans le camp varois pour marquer. Et, d\u00e8s le d\u00e9but du second acte, le coup de filou sign\u00e9 S\u00e9bastien B\u00e9zy gla\u00e7ait les ambitions de Varois, \u00e0 port\u00e9e de tir (31-24). Le RCT a alors resserr\u00e9 les rangs histoire d&rsquo;assurer l&rsquo;essentiel. Toulon reste dans sa course. Et recevra Toulouse (10 mai au V\u00e9lodrome) et l&rsquo;UBB&#8230;<\/p>\n","protected":false},"excerpt":{"rendered":"Chasser la d\u00e9sillusion de l&rsquo;\u00e9limination cruelle en Champions Cup face au Stade toulousain (18-21) et repartir \u00e0 la&hellip;\n","protected":false},"author":2,"featured_media":38386,"comment_status":"","ping_status":"","sticky":false,"template":"","format":"standard","meta":{"footnotes":""},"categories":[9619],"tags":[17,1111,11,150,615,12082,1777,674,1011,27,12081,12,882,25,479,60,3030,2310],"class_list":{"0":"post-38385","1":"post","2":"type-post","3":"status-publish","4":"format-standard","5":"has-post-thumbnail","7":"category-toulon","8":"tag-17","9":"tag-actu","10":"tag-actualites","11":"tag-apres","12":"tag-coupe","13":"tag-deurope","14":"tag-eu","15":"tag-europe","16":"tag-fr","17":"tag-france","18":"tag-lelimination","19":"tag-news","20":"tag-provence-alpes-cote-dazur","21":"tag-republique-francaise","22":"tag-rugby","23":"tag-sports","24":"tag-top","25":"tag-toulon"},"share_on_mastodon":{"url":"https:\/\/pubeurope.com\/@fr\/114369252764772989","error":""},"_links":{"self":[{"href":"https:\/\/www.europesays.com\/fr\/wp-json\/wp\/v2\/posts\/38385","targetHints":{"allow":["GET"]}}],"collection":[{"href":"https:\/\/www.europesays.com\/fr\/wp-json\/wp\/v2\/posts"}],"about":[{"href":"https:\/\/www.europesays.com\/fr\/wp-json\/wp\/v2\/types\/post"}],"author":[{"embeddable":true,"href":"https:\/\/www.europesays.com\/fr\/wp-json\/wp\/v2\/users\/2"}],"replies":[{"embeddable":true,"href":"https:\/\/www.europesays.com\/fr\/wp-json\/wp\/v2\/comments?post=38385"}],"version-history":[{"count":0,"href":"https:\/\/www.europesays.com\/fr\/wp-json\/wp\/v2\/posts\/38385\/revisions"}],"wp:featuredmedia":[{"embeddable":true,"href":"https:\/\/www.europesays.com\/fr\/wp-json\/wp\/v2\/media\/38386"}],"wp:attachment":[{"href":"https:\/\/www.europesays.com\/fr\/wp-json\/wp\/v2\/media?parent=38385"}],"wp:term":[{"taxonomy":"category","embeddable":true,"href":"https:\/\/www.europesays.com\/fr\/wp-json\/wp\/v2\/categories?post=38385"},{"taxonomy":"post_tag","embeddable":true,"href":"https:\/\/www.europesays.com\/fr\/wp-json\/wp\/v2\/tags?post=38385"}],"curies":[{"name":"wp","href":"https:\/\/api.w.org\/{rel}","templated":true}]}}