{"id":383851,"date":"2025-09-11T22:40:12","date_gmt":"2025-09-11T22:40:12","guid":{"rendered":"https:\/\/www.europesays.com\/fr\/383851\/"},"modified":"2025-09-11T22:40:12","modified_gmt":"2025-09-11T22:40:12","slug":"turquie-deux-francaises-emprisonnees-pour-trafic-de-drogue-clament-leur-innocence","status":"publish","type":"post","link":"https:\/\/www.europesays.com\/fr\/383851\/","title":{"rendered":"Turquie\u00a0: deux Fran\u00e7aises emprisonn\u00e9es pour trafic de drogue clament leur innocence"},"content":{"rendered":"<p>Deux jeunes Fran\u00e7aises <a href=\"https:\/\/arras.maville.com\/actu\/actudet_-deux-francaises-arretees-en-turquie-avec-du-cannabis-dans-deux-valises-risquent-seize-ans-de-prison-_54135-6921153_actu.Htm\" target=\"_self\" rel=\"noopener\">interpell\u00e9es fin f\u00e9vrier lors d\u2019une escale \u00e0 Istanbul<\/a> avec deux valises contenant 30\u00a0kg de cannabis ont comparu jeudi devant la justice turque, livrant deux r\u00e9cits diam\u00e9tralement oppos\u00e9s, rapporte l\u2019Agence France-Presse (AFP).<\/p>\n<p>Face aux juges du tribunal de \u00c7aglayan, \u00e0 Istanbul, vingt ann\u00e9es d\u2019amiti\u00e9 ont vol\u00e9 en \u00e9clats quand Mariam D., 23\u00a0ans, et Ibtissem B., 22\u00a0ans, se sont succ\u00e9d\u00e9 \u00e0 la barre pour expliquer comment elles se sont retrouv\u00e9es \u00e0 rentrer de vacances en Tha\u00eflande avec deux valises bourr\u00e9es de cannabis.<\/p>\n<p><strong>\u00ab\u00a0C\u2019est Ibtissem qui m\u2019a pass\u00e9 la valise, c\u2019est elle qui connaissait le gar\u00e7on qui nous les a donn\u00e9es\u00a0\u00bb,<\/strong> accuse d\u2019entr\u00e9e Mariam, cheveux tress\u00e9s et longue chemise taupe, qui jure n\u2019avoir jamais vu l\u2019homme en question. <strong>\u00ab\u00a0Ma valise \u00e9tait cadenass\u00e9e mais elle m\u2019a dit que dedans il y avait des cosm\u00e9tiques. C\u2019est mon amie d\u2019enfance, donc je lui ai fait confiance\u00a0\u00bb,<\/strong> soutient l\u2019\u00e9tudiante.<\/p>\n<p>\u00ab\u00a0J\u2019ai fait confiance\u00a0\u00bb<\/p>\n<p>Dans son dos, Ibtissem encaisse sur son banc. <strong>\u00ab\u00a0D\u00e9fends-toi\u00a0!\u00a0\u00bb,<\/strong> lui intime une de ses tantes, assise trois rangs derri\u00e8re au c\u00f4t\u00e9 de sa m\u00e8re.<\/p>\n<p>Ibtissem se l\u00e8ve, deux longues nattes noires tombant sur chaque \u00e9paule\u00a0: <strong>\u00ab\u00a0Je ne sais pas du tout pourquoi elle m\u2019accuse, moi je vais vous dire la vraie histoire\u00a0\u00bb,<\/strong> lance la jeune femme, entr\u00e9e en sanglots dans la salle d\u2019audience trente minutes plus t\u00f4t.<\/p>\n<p>Selon son r\u00e9cit, tout part d\u2019une soir\u00e9e dans une discoth\u00e8que tha\u00eflandaise o\u00f9 les deux Parisiennes sympathisent avec une connaissance de Taeric O., un ami d\u2019enfance \u00e0 qui Ibtissem avait confi\u00e9 se rendre en vacances en Tha\u00eflande.<\/p>\n<p><strong>\u00ab\u00a0Avant de partir de la bo\u00eete il nous a demand\u00e9 si on pouvait ramener deux valises pour sa famille en Belgique [\u2026], puis Taeric nous a dit aussi que c\u2019\u00e9tait juste des valises pour la famille, alors on a accept\u00e9\u00a0\u00bb,<\/strong> affirme Ibtissem.<\/p>\n<p>Au matin de leur vol retour pour Bruxelles, elle raconte voir son amie Mariam dans le salon de leur appartement de Bangkok en compagnie de la connaissance de Taeric O., deux valises pos\u00e9es \u00e0 leur c\u00f4t\u00e9.<\/p>\n<p><strong>\u00ab\u00a0J\u2019ai m\u00eame pas regard\u00e9 s\u2019il y avait des cadenas, j\u2019ai fait confiance \u00e0 Taeric, surtout qu\u2019on devait les donner \u00e0 sa m\u00e8re que je connais depuis que je suis petite\u00a0\u00bb<\/strong>, poursuit Ibtissem.<\/p>\n<p>\u00ab\u00a0Ma fille est innocente\u00a0\u00bb<\/p>\n<p>Mais \u00e0 leur arriv\u00e9e \u00e0 Istanbul, o\u00f9 les deux jeunes femmes doivent transiter quelques heures, la police turque d\u00e9couvre quinze kilos de cannabis dans chacune des valises et les interpelle.<\/p>\n<p>Les avocats turcs des deux Fran\u00e7aises ont r\u00e9clam\u00e9 jeudi que des relev\u00e9s d\u2019empreinte soient effectu\u00e9s \u00e0 l\u2019int\u00e9rieur des deux bagages, afin d\u2019aider \u00e0 d\u00e9montrer qu\u2019elles ne les ont jamais ouvertes et ignoraient tout de leur contenu.<\/p>\n<p>L\u2019avocate fran\u00e7aise de la famille d\u2019Ibtissem, Me Carole-Olivia Montenot, affirme elle que Taeric O. aurait tout pilot\u00e9 depuis la maison d\u2019arr\u00eat d\u2019Amiens (nord de la France), o\u00f9 il \u00e9tait d\u00e9tenu au moment des faits, ce que les deux jeunes femmes ignoraient, selon elle.<\/p>\n<p>Aussi, affirme-t-elle, rien de cela n\u2019aurait eu lieu s\u2019il n\u2019avait pu se procurer un t\u00e9l\u00e9phone portable en d\u00e9tention.<\/p>\n<p>Au fond de la salle d\u2019audience du tribunal de \u00c7aglayan, la m\u00e8re d\u2019Ibtissem est inconsolable.<strong> \u00ab\u00a0Ma fille est innocente\u00a0!\u00a0\u00bb,<\/strong> clame-t-elle \u00e0 la lev\u00e9e de l\u2019audience, avant d\u2019\u00eatre autoris\u00e9e \u00e0 \u00e9treindre sa fille a\u00een\u00e9e un court instant.<\/p>\n<p><strong>\u00ab\u00a0Ibtissem et Mariam se connaissent depuis la maternelle et elles n\u2019ont jamais fait de vagues. C\u2019est un cauchemar\u00a0\u00bb,<\/strong> avait-elle confi\u00e9 \u00e0 l\u2019AFP avant l\u2019ouverture du proc\u00e8s.<\/p>\n<p>Seconde audience et verdict attendus le 23\u00a0d\u00e9cembre. Si elles sont reconnues coupables de trafic de drogues, Mariam D. et Ibtissem B., incarc\u00e9r\u00e9es \u00e0 la prison de Silivri, en lisi\u00e8re d\u2019Istanbul, encourent au moins dix ans de prison.<\/p>\n<p>\u00a0<\/p>\n","protected":false},"excerpt":{"rendered":"Deux jeunes Fran\u00e7aises interpell\u00e9es fin f\u00e9vrier lors d\u2019une escale \u00e0 Istanbul avec deux valises contenant 30\u00a0kg de cannabis&hellip;\n","protected":false},"author":2,"featured_media":383852,"comment_status":"","ping_status":"","sticky":false,"template":"","format":"standard","meta":{"footnotes":""},"categories":[9619],"tags":[1111,11,41621,1052,51653,1777,674,1011,42852,27,51654,12,882,25,2310,1097,3496],"class_list":{"0":"post-383851","1":"post","2":"type-post","3":"status-publish","4":"format-standard","5":"has-post-thumbnail","7":"category-toulon","8":"tag-actu","9":"tag-actualites","10":"tag-clament","11":"tag-drogue","12":"tag-emprisonnees","13":"tag-eu","14":"tag-europe","15":"tag-fr","16":"tag-francaises","17":"tag-france","18":"tag-innocence","19":"tag-news","20":"tag-provence-alpes-cote-dazur","21":"tag-republique-francaise","22":"tag-toulon","23":"tag-trafic","24":"tag-turquie"},"share_on_mastodon":{"url":"https:\/\/pubeurope.com\/@fr\/115188074055354291","error":""},"_links":{"self":[{"href":"https:\/\/www.europesays.com\/fr\/wp-json\/wp\/v2\/posts\/383851","targetHints":{"allow":["GET"]}}],"collection":[{"href":"https:\/\/www.europesays.com\/fr\/wp-json\/wp\/v2\/posts"}],"about":[{"href":"https:\/\/www.europesays.com\/fr\/wp-json\/wp\/v2\/types\/post"}],"author":[{"embeddable":true,"href":"https:\/\/www.europesays.com\/fr\/wp-json\/wp\/v2\/users\/2"}],"replies":[{"embeddable":true,"href":"https:\/\/www.europesays.com\/fr\/wp-json\/wp\/v2\/comments?post=383851"}],"version-history":[{"count":0,"href":"https:\/\/www.europesays.com\/fr\/wp-json\/wp\/v2\/posts\/383851\/revisions"}],"wp:featuredmedia":[{"embeddable":true,"href":"https:\/\/www.europesays.com\/fr\/wp-json\/wp\/v2\/media\/383852"}],"wp:attachment":[{"href":"https:\/\/www.europesays.com\/fr\/wp-json\/wp\/v2\/media?parent=383851"}],"wp:term":[{"taxonomy":"category","embeddable":true,"href":"https:\/\/www.europesays.com\/fr\/wp-json\/wp\/v2\/categories?post=383851"},{"taxonomy":"post_tag","embeddable":true,"href":"https:\/\/www.europesays.com\/fr\/wp-json\/wp\/v2\/tags?post=383851"}],"curies":[{"name":"wp","href":"https:\/\/api.w.org\/{rel}","templated":true}]}}