{"id":383857,"date":"2025-09-11T22:44:25","date_gmt":"2025-09-11T22:44:25","guid":{"rendered":"https:\/\/www.europesays.com\/fr\/383857\/"},"modified":"2025-09-11T22:44:25","modified_gmt":"2025-09-11T22:44:25","slug":"gilets-jaunes-syndicalistes-insoumis-queer-a-rouen-letonnante-convergence-des-luttes-du-10-septembre","status":"publish","type":"post","link":"https:\/\/www.europesays.com\/fr\/383857\/","title":{"rendered":"\u201cGilets jaunes\u201d, syndicalistes, insoumis, queer\u2026 A Rouen, l\u2019\u00e9tonnante convergence des luttes du 10\u00a0septembre"},"content":{"rendered":"<p>        Lire\u00a0plus\u00a0tard      <\/p>\n<p><a aria-label=\"Nous suivre sur Google News\" href=\"https:\/\/news.google.com\/publications\/CAAqBwgKMJe4nQkw3dFs?hl=fr&amp;gl=FR&amp;ceid=FR%3Afr\" target=\"_blank\" data-piano=\"Page_Article,Sous_date_publi,Nous_suivre_sur_google_news,1er_clic,action\" class=\"btn btn--small btn--tertiary btn--icon-only\" rel=\"noopener\"><\/p>\n<p>      Google Actualit\u00e9s<br \/>\n  <\/a><\/p>\n<p>  Partager<\/p>\n<p>        Facebook<\/p>\n<p>        Bluesky<\/p>\n<p>        E-mail<\/p>\n<p>        Copier le lien<\/p>\n<p>      Envoyer<\/p>\n<p>      S\u2019abonner pour lire    <\/p>\n<p class=\"article__description latino-800m my-24\" data-oncrawl-chapo-length=\"347\">\n  \t  Reportage\u00a0<br \/>\n    Mercredi, \u00e0 l\u2019occasion de la journ\u00e9e de mobilisation du mouvement \u00ab\u00a0Bloquons tout\u00a0\u00bb, \u00ab\u00a0gilets jaunes\u00a0\u00bb, syndicalistes, sympathisants de LFI, anarchistes et queer se sont rassembl\u00e9s sur le rond-point des Vaches, lieu embl\u00e9matique de la fronde des \u00ab\u00a0gilets jaunes\u00a0\u00bb, avant de manifester dans les rues de la pr\u00e9fecture de la Seine-Maritime.<\/p>\n<p class=\"node__paragraphe antonia-750r text-grey-800 pb-24 pb-md-32\">\n<strong>Mercredi 10 septembre, 4h45 du matin.<\/strong> Il fait nuit. Des dizaines de silhouettes affluent en silence sur le rond-point des Vaches, ainsi appel\u00e9 parce que des sculptures en taille r\u00e9elle de bovid\u00e9s d\u00e9corent le large terre-plein central. Ici, en banlieue de Rouen, le 17 novembre 2018, environ 700 \u00ab\u00a0gilets jaunes\u00a0\u00bb s\u2019\u00e9taient rassembl\u00e9s, spontan\u00e9ment, pour bloquer la circulation. Depuis, sur ce rond-point devenu mythique dans le mouvement, Fafa, Val\u00e9rie, Carlos et une vingtaine d\u2019autres continuent \u00e0 revenir tous les samedis, pour discuter, festoyer, rigoler et r\u00eaver qu\u2019un jour \u00ab\u00a0le peuple\u00a0\u00bb ressorte dans la rue, disent-ils, pour protester contre la vie trop ch\u00e8re, des services publics qui s\u2019\u00e9croulent, des politiques d\u00e9connect\u00e9s qui n\u2019\u00e9coutent plus\u2026<\/p>\n<p class=\"node__paragraphe antonia-750r text-grey-800 pb-8\">\nPr\u00e8s de sept ann\u00e9es se sont \u00e9coul\u00e9es. Et ce mercredi 10\u00a0septembre, ils voudraient y croire\u00a0: peut-\u00eatre que ce jour tant attendu est arriv\u00e9, l\u00e0, maintenant, avec <a href=\"https:\/\/www.nouvelobs.com\/social\/20250910.OBS107514\/en-direct-10-septembre-suivez-les-manifestations-et-mobilisations-du-mouvement-bloquons-tout-ce-mercredi.html\" target=\"_blank\" rel=\"noopener\">le mouvement \u00ab\u00a0Bloquons tout\u00a0\u00bb<\/a>. Ils ont particip\u00e9 cet \u00e9t\u00e9 aux assembl\u00e9es fi\u00e9vreuses qui se sont tenues \u00e0 Rouen. Des assembl\u00e9es men\u00e9es par d\u2026<\/p>\n<p class=\"latino-100m text-blue-400\">Article r\u00e9serv\u00e9 aux abonn\u00e9s.<\/p>\n<p>          Se connecter<\/p>\n<p class=\"text-center antonia-1850c\" style=\"margin-bottom:4px;\">Envie de lire la suite ?<\/p>\n<p class=\"text-center antonia-800c pb-16\">Tous nos articles en int\u00e9gralit\u00e9 d\u00e8s\u00a01\u20ac<\/p>\n<p>        S&rsquo;abonner<\/p>\n<p class=\"text-grey-700 or\">ou<\/p>\n<p>            <img width=\"164\" height=\"20\" src=\"data:image\/svg+xml,%3Csvg%20xmlns%3D%27http%3A%2F%2Fwww.w3.org%2F2000%2Fsvg%27%20fill%3D%22%23e4e4e4%22%20viewBox%3D%270%200%20282%2054%27%20width%3D%22282%22%20height%3D%2254%22%3E%3Cpath%20d%3D%27M0%200h282v54H0z%27%2F%3E%3C%2Fsvg%3E\"  class=\"js-swg-placeholder\" alt=\"Subscribe with Google\" loading=\"lazy\" decoding=\"async\"\/><\/p>\n<p>          D\u00e9couvrir toutes nos offres<\/p>\n","protected":false},"excerpt":{"rendered":"Lire\u00a0plus\u00a0tard Google Actualit\u00e9s Partager Facebook Bluesky E-mail Copier le lien Envoyer S\u2019abonner pour lire Reportage\u00a0 Mercredi, \u00e0 l\u2019occasion&hellip;\n","protected":false},"author":2,"featured_media":383858,"comment_status":"","ping_status":"","sticky":false,"template":"","format":"standard","meta":{"footnotes":""},"categories":[9587],"tags":[17,1111,11,47212,19390,1777,674,1011,27,15778,31899,11000,12,5161,15348,25,9590,104,51655],"class_list":{"0":"post-383857","1":"post","2":"type-post","3":"status-publish","4":"format-standard","5":"has-post-thumbnail","7":"category-rouen","8":"tag-17","9":"tag-actu","10":"tag-actualites","11":"tag-bloquons-tout","12":"tag-etonnante","13":"tag-eu","14":"tag-europe","15":"tag-fr","16":"tag-france","17":"tag-gilets","18":"tag-insoumis","19":"tag-jaunes","20":"tag-news","21":"tag-normandie","22":"tag-queer","23":"tag-republique-francaise","24":"tag-rouen","25":"tag-societe","26":"tag-syndicalistes"},"share_on_mastodon":{"url":"https:\/\/pubeurope.com\/@fr\/115188089744195324","error":""},"_links":{"self":[{"href":"https:\/\/www.europesays.com\/fr\/wp-json\/wp\/v2\/posts\/383857","targetHints":{"allow":["GET"]}}],"collection":[{"href":"https:\/\/www.europesays.com\/fr\/wp-json\/wp\/v2\/posts"}],"about":[{"href":"https:\/\/www.europesays.com\/fr\/wp-json\/wp\/v2\/types\/post"}],"author":[{"embeddable":true,"href":"https:\/\/www.europesays.com\/fr\/wp-json\/wp\/v2\/users\/2"}],"replies":[{"embeddable":true,"href":"https:\/\/www.europesays.com\/fr\/wp-json\/wp\/v2\/comments?post=383857"}],"version-history":[{"count":0,"href":"https:\/\/www.europesays.com\/fr\/wp-json\/wp\/v2\/posts\/383857\/revisions"}],"wp:featuredmedia":[{"embeddable":true,"href":"https:\/\/www.europesays.com\/fr\/wp-json\/wp\/v2\/media\/383858"}],"wp:attachment":[{"href":"https:\/\/www.europesays.com\/fr\/wp-json\/wp\/v2\/media?parent=383857"}],"wp:term":[{"taxonomy":"category","embeddable":true,"href":"https:\/\/www.europesays.com\/fr\/wp-json\/wp\/v2\/categories?post=383857"},{"taxonomy":"post_tag","embeddable":true,"href":"https:\/\/www.europesays.com\/fr\/wp-json\/wp\/v2\/tags?post=383857"}],"curies":[{"name":"wp","href":"https:\/\/api.w.org\/{rel}","templated":true}]}}