{"id":383865,"date":"2025-09-11T22:49:10","date_gmt":"2025-09-11T22:49:10","guid":{"rendered":"https:\/\/www.europesays.com\/fr\/383865\/"},"modified":"2025-09-11T22:49:10","modified_gmt":"2025-09-11T22:49:10","slug":"video-open-de-rennes-a-40-ans-stanislas-wawrinka-regale-avec-un-tweener-sport","status":"publish","type":"post","link":"https:\/\/www.europesays.com\/fr\/383865\/","title":{"rendered":"VID\u00c9O. Open de Rennes\u00a0: \u00e0 40\u00a0ans, Stanislas Wawrinka r\u00e9gale avec un tweener . Sport"},"content":{"rendered":"<p>\u00c0 40\u00a0ans, Stanislas Wawrinka (149e mondial) a de beaux restes. Face \u00e0 Dan Added (274e) en huiti\u00e8mes de finale de l\u2019Open de Rennes, ce jeudi 11\u00a0septembre, <a href=\"https:\/\/rennes.maville.com\/sport\/detail_-tennis.-open-de-rennes-stan-wawrinka-fait-le-show-et-rejoint-les-quarts-_7-6971314_actu.Htm\" target=\"_blank\" rel=\"noopener\">le v\u00e9t\u00e9ran suisse s\u2019est non seulement qualifi\u00e9<\/a>, mais il l\u2019a fait avec classe.<\/p>\n<p>\n                Nous avons bloqu\u00e9 l\u2019affichage de ce contenu pour respecter vos choix en mati\u00e8re de cookies.<br \/>En cliquant sur \u00abConsulter\u00bb, vous acceptez le d\u00e9p\u00f4t de cookies par des services de r\u00e9seaux sociaux tels que Twitter.<br \/>\n                Consulter\n            <\/p>\n<blockquote class=\"twitter-tweet\" wp_automatic_readability=\"3.7978723404255\">\n<p lang=\"en\" dir=\"ltr\">Stanimal TWEENER ??<\/p>\n<p>That&rsquo;s right, <a href=\"https:\/\/twitter.com\/stanwawrinka?ref_src=twsrc%5Etfw\" target=\"_blank\" rel=\"noopener\">@stanwawrinka<\/a> with the Swiss sorcery!<a href=\"https:\/\/twitter.com\/hashtag\/ATPChallenger?src=hash&amp;ref_src=twsrc%5Etfw\" target=\"_blank\" rel=\"noopener\">#ATPChallenger<\/a> | <a href=\"https:\/\/twitter.com\/OpenBlotRennes?ref_src=twsrc%5Etfw\" target=\"_blank\" rel=\"noopener\">@OpenBlotRennes<\/a> <a href=\"https:\/\/t.co\/UT8Hl7tK8x\">pic.twitter.com\/UT8Hl7tK8x<\/a><\/p>\n<p>\u2014 ATP Challenger Tour (@ATPChallenger) <a href=\"https:\/\/twitter.com\/ATPChallenger\/status\/1966197691979018522?ref_src=twsrc%5Etfw\" target=\"_blank\" rel=\"noopener\">September 11, 2025<\/a><\/p><\/blockquote>\n<p>Mis en difficult\u00e9 par un lob d\u2019Added, Wawrinka a synth\u00e9tis\u00e9 en deux actions et quelques secondes ses deux facettes. Le poids des ann\u00e9es, d\u2019abord, au moment de se retourner et d\u2019entamer sa course vers le fond de court. La classe, ensuite, toujours intacte et herm\u00e9tique aux ann\u00e9es, lorsqu\u2019il a d\u00e9clench\u00e9 un tweener laissant Added sur place et faisant chavirer Le Libert\u00e9.<\/p>\n<p><strong>Lire aussi\u00a0: <\/strong> <a href=\"https:\/\/rennes.maville.com\/sport\/detail_-tennis.-le-bel-ete-d-harold-mayot-se-poursuit-a-l-open-de-rennes-_7-6971261_actu.Htm\" target=\"_blank\" rel=\"noopener\">Tennis. Le bel \u00e9t\u00e9 d\u2019Harold Mayot se poursuit \u00e0 l\u2019Open de Rennes<\/a><\/p>\n<p>Qualifi\u00e9 en deux sets, Stanislas Wawrinka affrontera le Belge Michael Geerts (324e) en quart de finale de l\u2019Open de Rennes, ce vendredi 12\u00a0septembre.<\/p>\n<p>\u00a0<\/p>\n<p>\t\t<script async src=\"https:\/\/platform.twitter.com\/widgets.js\" charset=\"utf-8\"><\/script><\/p>\n","protected":false},"excerpt":{"rendered":"\u00c0 40\u00a0ans, Stanislas Wawrinka (149e mondial) a de beaux restes. Face \u00e0 Dan Added (274e) en huiti\u00e8mes de&hellip;\n","protected":false},"author":2,"featured_media":383866,"comment_status":"","ping_status":"","sticky":false,"template":"","format":"standard","meta":{"footnotes":""},"categories":[2821],"tags":[1111,11,3809,1465,829,1777,674,63,1011,27,1792,1922,12,584,25,479,4937,517,1470],"class_list":{"0":"post-383865","1":"post","2":"type-post","3":"status-publish","4":"format-standard","5":"has-post-thumbnail","7":"category-rennes","8":"tag-actu","9":"tag-actualites","10":"tag-ball","11":"tag-basket","12":"tag-bretagne","13":"tag-eu","14":"tag-europe","15":"tag-football","16":"tag-fr","17":"tag-france","18":"tag-handball","19":"tag-info","20":"tag-news","21":"tag-rennes","22":"tag-republique-francaise","23":"tag-rugby","24":"tag-saint-brieuc","25":"tag-sport","26":"tag-volley"},"share_on_mastodon":{"url":"https:\/\/pubeurope.com\/@fr\/115188109468543845","error":""},"_links":{"self":[{"href":"https:\/\/www.europesays.com\/fr\/wp-json\/wp\/v2\/posts\/383865","targetHints":{"allow":["GET"]}}],"collection":[{"href":"https:\/\/www.europesays.com\/fr\/wp-json\/wp\/v2\/posts"}],"about":[{"href":"https:\/\/www.europesays.com\/fr\/wp-json\/wp\/v2\/types\/post"}],"author":[{"embeddable":true,"href":"https:\/\/www.europesays.com\/fr\/wp-json\/wp\/v2\/users\/2"}],"replies":[{"embeddable":true,"href":"https:\/\/www.europesays.com\/fr\/wp-json\/wp\/v2\/comments?post=383865"}],"version-history":[{"count":0,"href":"https:\/\/www.europesays.com\/fr\/wp-json\/wp\/v2\/posts\/383865\/revisions"}],"wp:featuredmedia":[{"embeddable":true,"href":"https:\/\/www.europesays.com\/fr\/wp-json\/wp\/v2\/media\/383866"}],"wp:attachment":[{"href":"https:\/\/www.europesays.com\/fr\/wp-json\/wp\/v2\/media?parent=383865"}],"wp:term":[{"taxonomy":"category","embeddable":true,"href":"https:\/\/www.europesays.com\/fr\/wp-json\/wp\/v2\/categories?post=383865"},{"taxonomy":"post_tag","embeddable":true,"href":"https:\/\/www.europesays.com\/fr\/wp-json\/wp\/v2\/tags?post=383865"}],"curies":[{"name":"wp","href":"https:\/\/api.w.org\/{rel}","templated":true}]}}