{"id":383867,"date":"2025-09-11T22:50:13","date_gmt":"2025-09-11T22:50:13","guid":{"rendered":"https:\/\/www.europesays.com\/fr\/383867\/"},"modified":"2025-09-11T22:50:13","modified_gmt":"2025-09-11T22:50:13","slug":"des-spectacles-inoubliables-grace-aux-croisieres-spectacles-de-batorama","status":"publish","type":"post","link":"https:\/\/www.europesays.com\/fr\/383867\/","title":{"rendered":"Des spectacles inoubliables gr\u00e2ce aux croisi\u00e8res spectacles de Batorama"},"content":{"rendered":"<p>La saison commence avec du stand-up. Sihame, St\u00e9phane et Najim, le ma\u00eetre de c\u00e9r\u00e9monie, vous font d\u00e9couvrir leur univers le temps d\u2019une soir\u00e9e. Attention, vannes ac\u00e9r\u00e9es, r\u00e9partie fulgurante et \u00e9nergie d\u00e9bordante au programme de cette soir\u00e9e o\u00f9 l\u2019humour r\u00e8gne en ma\u00eetre. Rendez-vous les mardis 23 septembre 2025 et 12 mai 2026.<\/p>\n<p>Le Boat Comedy Show navigue entre th\u00e9\u00e2tre et absurde, m\u00ealant le burlesque et le kitsch, un spectacle rythm\u00e9 par les interventions d\u2019un ma\u00eetre du jeu et la participation du public. Laurine, Guillaume et Charles proposent un spectacle d\u2019improvisation d\u00e9jant\u00e9. Deux dates, deux ambiances : mardi 7 octobre 2025, croisi\u00e8re chic, puis, le mardi 14 avril 2026, version Galion chaotique.<\/p>\n<p>Place \u00e0 Drag on the boat, une croisi\u00e8re spectacle sign\u00e9e House of Marley &amp; Batorama. Une soir\u00e9e tout en nuances, entre humour, \u00e9motion et esth\u00e9tique drag, ouverte \u00e0 toutes et tous. Exceptionnellement, ce spectacle dure 1h30 au lieu d\u20191h, les mardis 4 novembre 2025 et 10 f\u00e9vrier 2026. En bonus : une coupe de cr\u00e9mant servie \u00e0 bord pour accompagner la croisi\u00e8re en toute convivialit\u00e9.<\/p>\n<p>La Cage aux Piafs quant \u00e0 elle vous d\u00e9voilera \u00ab\u00a0Dry Martini\u00a0\u00bb, un spectacle de cabaret aux notes raffin\u00e9es. Embarquement pour un tour du monde en musique jusqu&rsquo;au pays de l&rsquo;amour. Un cocktail d\u00e9tonnant a\u0300 base d\u2019arrangements jazz d\u2019airs connus, de po\u00e9sie et d\u2019une bonne dose d\u2019humour \u2026 le tout relev\u00e9 d\u2019une coupe de cr\u00e9mant bien frais. Dur\u00e9e\u00a0: 1h30, les mardis 9 d\u00e9cembre 2025 et 9 juin 2026.<\/p>\n<p>Pour son premier one man show \u00ab\u00a0Une mouette dans la brume\u00a0\u00bb, Safir s\u2019inspire de son quotidien et de sa profession, celle d\u2019avocat, pour livrer avec beaucoup d\u2019autod\u00e9rision sa r\u00e9alit\u00e9 dont il n\u2019est finalement pas vraiment ma\u00eetre. \u00c0 d\u00e9couvrir les mardis 13 janvier et 7 juillet 2026.<\/p>\n","protected":false},"excerpt":{"rendered":"La saison commence avec du stand-up. Sihame, St\u00e9phane et Najim, le ma\u00eetre de c\u00e9r\u00e9monie, vous font d\u00e9couvrir leur&hellip;\n","protected":false},"author":2,"featured_media":383868,"comment_status":"","ping_status":"","sticky":false,"template":"","format":"standard","meta":{"footnotes":""},"categories":[2820],"tags":[1111,11,7884,1777,674,1011,27,775,12,25,640],"class_list":{"0":"post-383867","1":"post","2":"type-post","3":"status-publish","4":"format-standard","5":"has-post-thumbnail","7":"category-strasbourg","8":"tag-actu","9":"tag-actualites","10":"tag-articles-partenaires","11":"tag-eu","12":"tag-europe","13":"tag-fr","14":"tag-france","15":"tag-grand-est","16":"tag-news","17":"tag-republique-francaise","18":"tag-strasbourg"},"share_on_mastodon":{"url":"https:\/\/pubeurope.com\/@fr\/115188113325989405","error":""},"_links":{"self":[{"href":"https:\/\/www.europesays.com\/fr\/wp-json\/wp\/v2\/posts\/383867","targetHints":{"allow":["GET"]}}],"collection":[{"href":"https:\/\/www.europesays.com\/fr\/wp-json\/wp\/v2\/posts"}],"about":[{"href":"https:\/\/www.europesays.com\/fr\/wp-json\/wp\/v2\/types\/post"}],"author":[{"embeddable":true,"href":"https:\/\/www.europesays.com\/fr\/wp-json\/wp\/v2\/users\/2"}],"replies":[{"embeddable":true,"href":"https:\/\/www.europesays.com\/fr\/wp-json\/wp\/v2\/comments?post=383867"}],"version-history":[{"count":0,"href":"https:\/\/www.europesays.com\/fr\/wp-json\/wp\/v2\/posts\/383867\/revisions"}],"wp:featuredmedia":[{"embeddable":true,"href":"https:\/\/www.europesays.com\/fr\/wp-json\/wp\/v2\/media\/383868"}],"wp:attachment":[{"href":"https:\/\/www.europesays.com\/fr\/wp-json\/wp\/v2\/media?parent=383867"}],"wp:term":[{"taxonomy":"category","embeddable":true,"href":"https:\/\/www.europesays.com\/fr\/wp-json\/wp\/v2\/categories?post=383867"},{"taxonomy":"post_tag","embeddable":true,"href":"https:\/\/www.europesays.com\/fr\/wp-json\/wp\/v2\/tags?post=383867"}],"curies":[{"name":"wp","href":"https:\/\/api.w.org\/{rel}","templated":true}]}}