{"id":383872,"date":"2025-09-11T22:53:15","date_gmt":"2025-09-11T22:53:15","guid":{"rendered":"https:\/\/www.europesays.com\/fr\/383872\/"},"modified":"2025-09-11T22:53:15","modified_gmt":"2025-09-11T22:53:15","slug":"lalbanie-nomme-un-ministre-genere-par-intelligence-artificielle-une-premiere-mondiale","status":"publish","type":"post","link":"https:\/\/www.europesays.com\/fr\/383872\/","title":{"rendered":"L&rsquo;Albanie nomme un ministre g\u00e9n\u00e9r\u00e9 par intelligence artificielle, une premi\u00e8re mondiale"},"content":{"rendered":"<p>C&rsquo;est une premi\u00e8re mondiale.\u00a0<\/p>\n<p>Le Premier ministre <strong>albanais<\/strong> Edi Rama a annonc\u00e9 jeudi 11 septembre 2025 la nomination d&rsquo;un <strong>ministre g\u00e9n\u00e9r\u00e9 par intelligence artificielle<\/strong> (IA). Il sera charg\u00e9 des march\u00e9s publics.<\/p>\n<p>Le nom du ministre virtuel est Diella, qui signifie \u00ab\u00a0soleil\u00a0\u00bb en albanais, a d\u00e9clar\u00e9 M. Rama en pr\u00e9sentant son nouveau gouvernement lors d&rsquo;un meeting de son mouvement, le Parti socialiste, qui a remport\u00e9 une large victoire aux \u00e9lections l\u00e9gislatives de mai.<\/p>\n<p>\u00ab\u00a0Diella est le premier membre (du gouvernement) qui n&rsquo;est pas pr\u00e9sent physiquement, mais cr\u00e9\u00e9 virtuellement par intelligence artificielle\u00a0\u00bb, a dit M. Rama.<\/p>\n<p>Diella sera charg\u00e9 de toutes les <strong>d\u00e9cisions relatives aux appels d&rsquo;offres des march\u00e9s publics<\/strong>, a-t-il ajout\u00e9.<\/p>\n<p><strong>\u00ab\u00a0Exempts de corruption \u00e0 100%\u00a0\u00bb<\/strong><\/p>\n<p>Avec ce ministre IA, les appels d&rsquo;offres publics seront \u00ab\u00a0exempts de corruption \u00e0 100% et chaque denier public soumis \u00e0 la proc\u00e9dure d&rsquo;appel d&rsquo;offres sera <strong>parfaitement transparent<\/strong>\u00ab\u00a0, a assur\u00e9 M. Rama.<\/p>\n<p>Il ne s&rsquo;agit pas de science-fiction mais du devoir de Diella, a-t-il soulign\u00e9, ajoutant que le \u00ab\u00a0ministre\u00a0\u00bb \u00e9valuera les appels d&rsquo;offres et aura le droit de \u00ab\u00a0recruter des talents dans le monde entier\u00a0\u00bb.<\/p>\n<p>Diella avait \u00e9t\u00e9 lanc\u00e9 en janvier en tant qu&rsquo;assistant virtuel g\u00e9n\u00e9r\u00e9 par IA, <strong>repr\u00e9sent\u00e9 par une femme habill\u00e9e d&rsquo;un costume traditionnel albanais<\/strong>, pour aider la population \u00e0 utiliser la plateforme officielle e-Albania, qui fournit documents officiels et services divers.<\/p>\n<p>Jusqu&rsquo;ici, Diella a aid\u00e9 \u00e0 l&rsquo;\u00e9mission de 36.600 documents num\u00e9riques et a fourni pr\u00e8s d&rsquo;un millier de services sur la plateforme, selon les chiffres officiels.<\/p>\n<p>M. Rama, qui s&rsquo;est assur\u00e9 un quatri\u00e8me mandat aux \u00e9lections de mai, doit pr\u00e9senter son nouveau gouvernement aux parlementaires dans les prochains jours.<\/p>\n<p>La lutte contre la corruption, en particulier dans la fonction publique, est un crit\u00e8re cl\u00e9 dans la candidature de l&rsquo;Albanie \u00e0 l&rsquo;entr\u00e9e dans <strong>l&rsquo;Union europ\u00e9enne<\/strong> (UE). M. Rama ambitionne de faire entrer le petit pays des Balkans (2,8 millions d&rsquo;habitants) dans l&rsquo;UE d&rsquo;ici 2030.<\/p>\n","protected":false},"excerpt":{"rendered":"C&rsquo;est une premi\u00e8re mondiale.\u00a0 Le Premier ministre albanais Edi Rama a annonc\u00e9 jeudi 11 septembre 2025 la nomination&hellip;\n","protected":false},"author":2,"featured_media":383873,"comment_status":"","ping_status":"","sticky":false,"template":"","format":"standard","meta":{"footnotes":""},"categories":[2819],"tags":[1111,11,1777,674,1011,27,12,2401,316,882,25,717],"class_list":{"0":"post-383872","1":"post","2":"type-post","3":"status-publish","4":"format-standard","5":"has-post-thumbnail","7":"category-nice","8":"tag-actu","9":"tag-actualites","10":"tag-eu","11":"tag-europe","12":"tag-fr","13":"tag-france","14":"tag-news","15":"tag-nice","16":"tag-politique","17":"tag-provence-alpes-cote-dazur","18":"tag-republique-francaise","19":"tag-technologie"},"share_on_mastodon":{"url":"https:\/\/pubeurope.com\/@fr\/115188125272429431","error":""},"_links":{"self":[{"href":"https:\/\/www.europesays.com\/fr\/wp-json\/wp\/v2\/posts\/383872","targetHints":{"allow":["GET"]}}],"collection":[{"href":"https:\/\/www.europesays.com\/fr\/wp-json\/wp\/v2\/posts"}],"about":[{"href":"https:\/\/www.europesays.com\/fr\/wp-json\/wp\/v2\/types\/post"}],"author":[{"embeddable":true,"href":"https:\/\/www.europesays.com\/fr\/wp-json\/wp\/v2\/users\/2"}],"replies":[{"embeddable":true,"href":"https:\/\/www.europesays.com\/fr\/wp-json\/wp\/v2\/comments?post=383872"}],"version-history":[{"count":0,"href":"https:\/\/www.europesays.com\/fr\/wp-json\/wp\/v2\/posts\/383872\/revisions"}],"wp:featuredmedia":[{"embeddable":true,"href":"https:\/\/www.europesays.com\/fr\/wp-json\/wp\/v2\/media\/383873"}],"wp:attachment":[{"href":"https:\/\/www.europesays.com\/fr\/wp-json\/wp\/v2\/media?parent=383872"}],"wp:term":[{"taxonomy":"category","embeddable":true,"href":"https:\/\/www.europesays.com\/fr\/wp-json\/wp\/v2\/categories?post=383872"},{"taxonomy":"post_tag","embeddable":true,"href":"https:\/\/www.europesays.com\/fr\/wp-json\/wp\/v2\/tags?post=383872"}],"curies":[{"name":"wp","href":"https:\/\/api.w.org\/{rel}","templated":true}]}}