{"id":383874,"date":"2025-09-11T22:54:18","date_gmt":"2025-09-11T22:54:18","guid":{"rendered":"https:\/\/www.europesays.com\/fr\/383874\/"},"modified":"2025-09-11T22:54:18","modified_gmt":"2025-09-11T22:54:18","slug":"lieux-a-reinventer-a-nantes-a-vos-coups-de-coeur-2","status":"publish","type":"post","link":"https:\/\/www.europesays.com\/fr\/383874\/","title":{"rendered":"Lieux \u00e0 r\u00e9inventer \u00e0 Nantes\u00a0: \u00e0 vos coups de c\u0153ur\u00a0!"},"content":{"rendered":"<p>Une guinguette estivale pour animer l\u2019espace vert de la G\u00e9raudi\u00e8re, au nord de Nantes. Un kiosque cr\u00e9atif dans le jardin des Fonderies. Un potager suspendu sur le toit de l\u2019\u00e9cole Julien-Gracq \u00e0 la Botti\u00e8re. Des ateliers de jardinage en langues des signes ou \u00e9trang\u00e8res rue Simone-Iff\u2026<\/p>\n<p>Ouverture des votes le vendredi 12\u00a0septembre<\/p>\n<p>Ces quatre initiatives figurent parmi les vingt-quatre projets encore en lice dans le cadre de la troisi\u00e8me saison des Lieux \u00e0 r\u00e9inventer. \u00a0Port\u00e9s par des habitantes et habitants, collectifs et associations\u00a0, ces projets \u00a0incarnent une volont\u00e9 forte de transformer les espaces publics nantais en lieux vivants, inclusifs et respectueux de l\u2019environnement\u00a0, rappelle la mairie de Nantes, \u00e0 l\u2019origine du programme con\u00e7u pour ressusciter sites municipaux sous-exploit\u00e9s ou \u00e0 l\u2019abandon.<\/p>\n<p>Les vingt-quatre finalistes ont \u00e9t\u00e9 s\u00e9lectionn\u00e9s parmi <a href=\"https:\/\/nantes.maville.com\/actu\/actudet_-un-appel-a-creativite-pour-redonner-vie-a-dix-lieux-inoccupes-de-nantes-_8-6692036_actu.Htm\" target=\"_blank\" rel=\"nofollow noopener\">les quarante-trois propositions initialement re\u00e7ues par la collectivit\u00e9.<\/a> Ils seront d\u00e9partag\u00e9s par les citoyens, invit\u00e9s \u00e0 voter pour leurs projets coup de c\u0153ur jusqu\u2019au 12\u00a0octobre prochain.<\/p>\n<p>La votation en ligne ouvre ce vendredi 12\u00a0septembre sur <a href=\"https:\/\/dialoguecitoyen.metropole.nantes.fr\/project\/lieux-a-reinventer-3\/selection\/les-projets-soumis-a-votation-citoyenne\" target=\"_blank\" rel=\"nofollow noopener\">la plateforme citoyenne de Nantes m\u00e9tropole<\/a>. Tous les Nantais \u00e2g\u00e9s de 16\u00a0ans ou plus peuvent donner leurs avis. Il en va de m\u00eame pour les habitants de Sainte-Luce-sur-Loire qui ont leur mot \u00e0 dire pour la transformation du bassin du Bois-Briand, tout premier site m\u00e9tropolitain retenu parmi les Lieux \u00e0 r\u00e9inventer.<\/p>\n<p>Enrichir le tissu associatif nantais<\/p>\n<p>Avec les Lieux \u00e0 r\u00e9inventer, la ville de Nantes propose aux habitants de se saisir de sites, b\u00e2tis, verts ou en friche, lui appartenant, pour leur donner une nouvelle vie. \u00a0Ils sont mis \u00e0 la disposition de la cr\u00e9ativit\u00e9 des Nantais pour cristalliser leurs \u00e9nergies et leur permettre d\u2019aller au bout des envies qu\u2019ils portent, expliquait Bassem Asseh, premier adjoint PS au maire de Nantes et pilote du dispositif, <a href=\"https:\/\/nantes.maville.com\/actu\/actudet_-lieux-a-reinventer-les-nantais-prennent-la-main-_8-5465118_actu.Htm\" target=\"_blank\" rel=\"nofollow noopener\">au lancement de la deuxi\u00e8me \u00e9dition<\/a>. Il ne s\u2019agit pas de privatiser ces lieux, dont la Ville reste propri\u00e9taire, mais de leur donner une nouvelle dynamique dans la logique de l\u2019int\u00e9r\u00eat g\u00e9n\u00e9ral. Ce sont des projets port\u00e9s et \u00e9lus par des Nantais qui correspondent donc \u00e0 l\u2019air du temps.\u00a0<\/p>\n<p>L\u2019initiative se r\u00e9v\u00e8le \u00e9galement une mani\u00e8re de \u00a0continuer \u00e0 enrichir le tissu associatif nantais\u00a0, nombre de projets donnant naissance \u00e0 des structures associatives et des collectifs.<\/p>\n<p>R\u00e9ussites pass\u00e9es<\/p>\n<p>Parmi les r\u00e9ussites pass\u00e9es, on peut retenir la cantine participative <a href=\"https:\/\/nantes.maville.com\/actu\/actudet_--nantes.-pres-de-deux-ans-apres-son-ouverture-la-cocotte-solidaire-fait-des-heureux-_52716-4699922_actu.Htm\" target=\"_blank\" rel=\"nofollow noopener\">la Cocotte solidaire<\/a> sur l\u2019\u00eele Versailles, <a href=\"https:\/\/nantes.maville.com\/actu\/actudet_-a-nantes-les-anciens-bains-douches-se-refont-une-beaute-_52716-5346483_actu.Htm\" target=\"_blank\" rel=\"nofollow noopener\">les bains douches revisit\u00e9s<\/a> par l\u2019Ouvre-Bo\u00eetes 44, <a href=\"https:\/\/www.facebook.com\/REVERSEVRE\/reels\/?_rdr\" target=\"_blank\" rel=\"nofollow noopener\">la guinguette R\u00eaver S\u00e8vre<\/a> \u00e0 Pirmil, <a href=\"https:\/\/nantes.maville.com\/actu\/actudet_-pres-de-4-millions-d-euros-pour-ressusciter-un-presbytere-du-xviie-siecle-a-nantes-_8-6240040_actu.Htm\" target=\"_blank\" rel=\"nofollow noopener\">la renaissance de la cure du Vieux-Doulon<\/a> qui poursuit sa dynamique ou bien encore <a href=\"https:\/\/nantes.maville.com\/actu\/actudet_-ouverture-d-un-bar-a-etoiles-a-nantes-la-chapelle-de-la-chantrerie-reprend-vie-_8-5959335_actu.Htm\" target=\"_blank\" rel=\"nofollow noopener\">le Bar \u00e0 \u00e9toiles de l\u2019Erdre<\/a> \u00e0 la Chantrerie.<\/p>\n<p>Les noms des laur\u00e9ats de la troisi\u00e8me \u00e9dition seront d\u00e9voil\u00e9s le 13\u00a0octobre au ch\u00e2teau des ducs de Bretagne. Avant cela, des rencontres sont organis\u00e9es pour \u00e9changer sur les projets candidats. La premi\u00e8re a lieu le mercredi 24\u00a0septembre de 14\u00a0h \u00e0 17\u00a0h au miroir d\u2019eau.<\/p>\n<p>\u00a0<\/p>\n","protected":false},"excerpt":{"rendered":"Une guinguette estivale pour animer l\u2019espace vert de la G\u00e9raudi\u00e8re, au nord de Nantes. Un kiosque cr\u00e9atif dans&hellip;\n","protected":false},"author":2,"featured_media":383513,"comment_status":"","ping_status":"","sticky":false,"template":"","format":"standard","meta":{"footnotes":""},"categories":[2818],"tags":[1111,11,854,1777,674,1011,27,9692,766,12,2636,51631,25,11489],"class_list":{"0":"post-383874","1":"post","2":"type-post","3":"status-publish","4":"format-standard","5":"has-post-thumbnail","7":"category-nantes","8":"tag-actu","9":"tag-actualites","10":"tag-coups","11":"tag-eu","12":"tag-europe","13":"tag-fr","14":"tag-france","15":"tag-lieux","16":"tag-nantes","17":"tag-news","18":"tag-pays-de-la-loire","19":"tag-reinventer","20":"tag-republique-francaise","21":"tag-ur"},"share_on_mastodon":{"url":"https:\/\/pubeurope.com\/@fr\/115188129063443391","error":""},"_links":{"self":[{"href":"https:\/\/www.europesays.com\/fr\/wp-json\/wp\/v2\/posts\/383874","targetHints":{"allow":["GET"]}}],"collection":[{"href":"https:\/\/www.europesays.com\/fr\/wp-json\/wp\/v2\/posts"}],"about":[{"href":"https:\/\/www.europesays.com\/fr\/wp-json\/wp\/v2\/types\/post"}],"author":[{"embeddable":true,"href":"https:\/\/www.europesays.com\/fr\/wp-json\/wp\/v2\/users\/2"}],"replies":[{"embeddable":true,"href":"https:\/\/www.europesays.com\/fr\/wp-json\/wp\/v2\/comments?post=383874"}],"version-history":[{"count":0,"href":"https:\/\/www.europesays.com\/fr\/wp-json\/wp\/v2\/posts\/383874\/revisions"}],"wp:featuredmedia":[{"embeddable":true,"href":"https:\/\/www.europesays.com\/fr\/wp-json\/wp\/v2\/media\/383513"}],"wp:attachment":[{"href":"https:\/\/www.europesays.com\/fr\/wp-json\/wp\/v2\/media?parent=383874"}],"wp:term":[{"taxonomy":"category","embeddable":true,"href":"https:\/\/www.europesays.com\/fr\/wp-json\/wp\/v2\/categories?post=383874"},{"taxonomy":"post_tag","embeddable":true,"href":"https:\/\/www.europesays.com\/fr\/wp-json\/wp\/v2\/tags?post=383874"}],"curies":[{"name":"wp","href":"https:\/\/api.w.org\/{rel}","templated":true}]}}