{"id":383879,"date":"2025-09-11T22:57:12","date_gmt":"2025-09-11T22:57:12","guid":{"rendered":"https:\/\/www.europesays.com\/fr\/383879\/"},"modified":"2025-09-11T22:57:12","modified_gmt":"2025-09-11T22:57:12","slug":"le-danger-financier-qui-menacait-lhopital-bagatelle-eloigne-a-court-terme","status":"publish","type":"post","link":"https:\/\/www.europesays.com\/fr\/383879\/","title":{"rendered":"le danger financier qui mena\u00e7ait l\u2019h\u00f4pital Bagatelle \u00e9loign\u00e9 \u00ab\u00e0 court terme\u00bb"},"content":{"rendered":"<p>Le risque financier qui pesait sur l\u2019h\u00f4pital Bagatelle de Talence, pr\u00e8s de Bordeaux, apr\u00e8s l\u2019abandon d\u2019un projet de fusion avec l\u2019h\u00f4pital militaire Robert Picqu\u00e9, est temporairement \u00e9cart\u00e9.<\/p>\n<p class=\"fig-paragraph\">Le \u00abdanger financier\u00bb est \u00e9loign\u00e9 \u00ab\u00e0 court terme\u00bb\u00a0<a href=\"http:\/\/www.lefigaro.fr\/bordeaux\/bordeaux-l-hopital-bagatelle-en-sursis-apres-un-desengagement-du-ministere-des-armees-20250618\" data-fig-type=\"NewsFlash\" data-gtm-custom-categorie=\"navigation\" data-gtm-custom-action=\"crossclick\" data-gtm-custom-label=\"Contextuel\" data-gtm-event=\"customEventSPE\" data-fig-domain=\"LEFIGARO\" target=\"_blank\" rel=\"noopener\">pour l&rsquo;h\u00f4pital Bagatelle de Talence, pr\u00e8s de Bordeaux,<\/a>\u00a0a indiqu\u00e9 jeudi l&rsquo;\u00e9tablissement, apr\u00e8s une conciliation avec le minist\u00e8re des Arm\u00e9es sur un projet de fusion avort\u00e9 avec un \u00e9tablissement militaire voisin.<\/p>\n<p class=\"fig-paragraph\">La fondation \u00e0 but non lucratif \u00e0 la t\u00eate de l&rsquo;\u00e9tablissement, qui avait \u00e9voqu\u00e9 un risque \u00abde cessation de paiement\u00bb en juin \u00e0 la suite de ce d\u00e9sengagement, parle dans un communiqu\u00e9 d&rsquo;un \u00abaccord jug\u00e9 acceptable par les deux parties\u00bb.<\/p>\n<p>                                    <a class=\"fig-a11y-skip a11y-hidden\" href=\"#fig-a11y-skip-main-inarticle\"><br \/>\n        Passer la publicit\u00e9<br \/>\n    <\/a><\/p>\n<p class=\"fig-paragraph\">Comme la pr\u00e9fecture de Gironde et l&rsquo;Agence r\u00e9gionale de\u00a0<a href=\"https:\/\/www.lefigaro.fr\/nantes\/pays-de-la-loire-une-cyberattaque-vise-des-services-numeriques-de-sante-20250909?msockid=258c4318a154643d05395665a0ed65f9\" target=\"_blank\" data-fig-type=\"NewsFlash\" rel=\"sponsored noopener\" data-gtm-custom-categorie=\"navigation\" data-gtm-custom-action=\"crossclick\" data-gtm-custom-label=\"Contextuel\" data-gtm-event=\"customEventSPE\" data-fig-domain=\"LEFIGARO\">sant\u00e9<\/a>, elle indique que l&rsquo;accord pr\u00e9voit une indemnisation par le minist\u00e8re des Arm\u00e9es et \u00abun appui financier de l&rsquo;\u00c9tat\u00bb, sans donner de chiffres. Des professionnels militaires viendront \u00e9galement renforcer le service de r\u00e9animation jusqu&rsquo;en 2027, ajoute la Fondation Bagatelle.<\/p>\n<p>Un accord avec le minist\u00e8re des Arm\u00e9es<\/p>\n<p class=\"fig-paragraph\">Fin 2016, Bagatelle avait sign\u00e9 un partenariat avec le minist\u00e8re des Arm\u00e9es pour construire un nouvel \u00e9tablissement regroupant \u00e0 terme, sur son site talen\u00e7ais, la maison de sant\u00e9 protestante (MPSB) et l&rsquo;h\u00f4pital militaire Robert Picqu\u00e9, situ\u00e9 \u00e0 un kilom\u00e8tre sur la commune de Villenave d&rsquo;Ornon.<\/p>\n<p class=\"fig-paragraph\">Mais le minist\u00e8re a annonc\u00e9 sa volont\u00e9 de se retirer du partenariat en 2023. Dans le cadre de la Loi de programmation militaire 2024-2030, le Service de sant\u00e9 des arm\u00e9es \u00abrecentre son action au service des bless\u00e9s militaires\u00bb et Robert Picqu\u00e9 devient un \u00abp\u00f4le d&rsquo;excellence pour la r\u00e9habilitation physique et psychique\u00bb des soldats touch\u00e9s, avait-il pr\u00e9cis\u00e9 en juin \u00e0 l&rsquo;AFP.<\/p>\n<p class=\"fig-paragraph\">Il y a trois mois, le pr\u00e9sident de la Fondation Bagatelle, Gabriel Marly, avait \u00e9voqu\u00e9 un engagement de l&rsquo;\u00c9tat \u00e0 hauteur de 24 millions d&rsquo;euros sur 20 ans pour financer ce projet, loin du d\u00e9dommagement de 3,5 millions d&rsquo;euros propos\u00e9 par le minist\u00e8re des Arm\u00e9es. Une source au sein du minist\u00e8re avait toutefois contest\u00e9 ce chiffrage.<\/p>\n<p class=\"fig-paragraph\">L&rsquo;accord trouv\u00e9 \u00abgarantit la poursuite et la consolidation de l&rsquo;offre de soins sur le territoire bordelais, \u00e0 laquelle la MSPB, \u00e9tablissement de sant\u00e9 priv\u00e9 d&rsquo;int\u00e9r\u00eat collectif, contribuera encore davantage gr\u00e2ce \u00e0 ses nouveaux locaux inaugur\u00e9s r\u00e9cemment\u00bb, estiment la pr\u00e9fecture et l&rsquo;ARS dans un communiqu\u00e9 commun.<\/p>\n<p>                                    <a class=\"fig-a11y-skip a11y-hidden\" href=\"#fig-a11y-skip-main-inarticle_mtf\"><br \/>\n        Passer la publicit\u00e9<br \/>\n    <\/a><\/p>\n<p class=\"fig-paragraph\">\u00abSi cet accord permet d&rsquo;\u00e9loigner le danger financier \u00e0 court terme, la poursuite d&rsquo;un appui de l&rsquo;agence r\u00e9gionale de sant\u00e9 de Nouvelle-Aquitaine demeure indispensable (&#8230;) pour atteindre un \u00e9quilibre durable\u00bb, pr\u00e9vient n\u00e9anmoins la Fondation Bagatelle. Elle avait emprunt\u00e9 67 millions d&rsquo;euros pour financer ce projet d&rsquo;un budget initial de 90 millions d&rsquo;euros et d&rsquo;un co\u00fbt final de 140 millions, \u00e9quipements compris, selon ses chiffres.<\/p>\n","protected":false},"excerpt":{"rendered":"Le risque financier qui pesait sur l\u2019h\u00f4pital Bagatelle de Talence, pr\u00e8s de Bordeaux, apr\u00e8s l\u2019abandon d\u2019un projet de&hellip;\n","protected":false},"author":2,"featured_media":383880,"comment_status":"","ping_status":"","sticky":false,"template":"","format":"standard","meta":{"footnotes":""},"categories":[2817],"tags":[1111,11,1997,1777,674,1011,27,100,23194,12,2219,25],"class_list":{"0":"post-383879","1":"post","2":"type-post","3":"status-publish","4":"format-standard","5":"has-post-thumbnail","7":"category-bordeaux","8":"tag-actu","9":"tag-actualites","10":"tag-bordeaux","11":"tag-eu","12":"tag-europe","13":"tag-fr","14":"tag-france","15":"tag-hopital","16":"tag-ministere-des-armees","17":"tag-news","18":"tag-nouvelle-aquitaine","19":"tag-republique-francaise"},"share_on_mastodon":{"url":"https:\/\/pubeurope.com\/@fr\/115188140894079392","error":""},"_links":{"self":[{"href":"https:\/\/www.europesays.com\/fr\/wp-json\/wp\/v2\/posts\/383879","targetHints":{"allow":["GET"]}}],"collection":[{"href":"https:\/\/www.europesays.com\/fr\/wp-json\/wp\/v2\/posts"}],"about":[{"href":"https:\/\/www.europesays.com\/fr\/wp-json\/wp\/v2\/types\/post"}],"author":[{"embeddable":true,"href":"https:\/\/www.europesays.com\/fr\/wp-json\/wp\/v2\/users\/2"}],"replies":[{"embeddable":true,"href":"https:\/\/www.europesays.com\/fr\/wp-json\/wp\/v2\/comments?post=383879"}],"version-history":[{"count":0,"href":"https:\/\/www.europesays.com\/fr\/wp-json\/wp\/v2\/posts\/383879\/revisions"}],"wp:featuredmedia":[{"embeddable":true,"href":"https:\/\/www.europesays.com\/fr\/wp-json\/wp\/v2\/media\/383880"}],"wp:attachment":[{"href":"https:\/\/www.europesays.com\/fr\/wp-json\/wp\/v2\/media?parent=383879"}],"wp:term":[{"taxonomy":"category","embeddable":true,"href":"https:\/\/www.europesays.com\/fr\/wp-json\/wp\/v2\/categories?post=383879"},{"taxonomy":"post_tag","embeddable":true,"href":"https:\/\/www.europesays.com\/fr\/wp-json\/wp\/v2\/tags?post=383879"}],"curies":[{"name":"wp","href":"https:\/\/api.w.org\/{rel}","templated":true}]}}