{"id":383889,"date":"2025-09-11T23:02:12","date_gmt":"2025-09-11T23:02:12","guid":{"rendered":"https:\/\/www.europesays.com\/fr\/383889\/"},"modified":"2025-09-11T23:02:12","modified_gmt":"2025-09-11T23:02:12","slug":"frappe-et-sequestre-aux-oliviers-a-un-jeune-homme-de-19-ans-retrouve-avec-une-balle-dans-le-genou-a-marseille","status":"publish","type":"post","link":"https:\/\/www.europesays.com\/fr\/383889\/","title":{"rendered":"Frapp\u00e9 et s\u00e9questr\u00e9 aux Oliviers A, un jeune homme de 19 ans retrouv\u00e9 avec une balle dans le genou \u00e0 Marseille"},"content":{"rendered":"<p class=\"rev-margin-0 rev-text-xs-normal\">Enclav\u00e9e entre la L2 et Saint-J\u00e9r\u00f4me, l\u2019imposante cit\u00e9 des Oliviers A reste l\u2019un des hauts lieux du trafic de stup\u00e9fiants \u00e0 Marseille.<\/p>\n<p class=\"rev-margin-0 rev-text-xs-bold\">\/ PHOTO Archives GILLES BADER<\/p>\n<p>Il a d\u2019abord laiss\u00e9 entendre qu\u2019il n\u2019\u00e9tait venu qu\u2019en simple client, sur le point de deal <a href=\"https:\/\/www.laprovence.com\/article\/faits-divers-justice\/87644756000895\/narcotrafic-a-marseille-le-tony-montana-des-oliviers-pilotait-le-trafic-de-2-ravitailleurs-et-une-nourrice\" target=\"_blank\" rel=\"noopener\">de la cit\u00e9 des Oliviers<\/a> A, l\u2019un des plus actifs et enclav\u00e9s de la ville, dans le 13e arrondissement de Marseille. Sans vraiment convaincre, tant ce jeune homme, d\u00e9couvert au pied du quartier, \u00e0 Saint-J\u00e9r\u00f4me, ce soir du mercredi 10\u00a0septembre 2025 vers 22h30, \u00e9tait en piteux \u00e9tat.<\/p>\n<p>Pris en charge par les marins-pompiers et transport\u00e9 \u00e0 l\u2019h\u00f4pital, ce jeune homme de 19\u00a0ans pr\u00e9sentait de multiples fractures, notamment aux membres sup\u00e9rieurs, une \u00e9paule d\u00e9bo\u00eet\u00e9e et diverses plaies, dont une au moins caus\u00e9 par un tir d\u2019arme \u00e0 feu, avec une balle encore log\u00e9e dans le genou.<\/p>\n<p>Une \u00ab\u00a0jambisation\u00a0\u00bb subie un peu plus t\u00f4t dans un appartement de l\u2019imposante cit\u00e9e des Oliviers A, <a href=\"https:\/\/www.laprovence.com\/article\/faits-divers-justice\/26835373701681\/au-proces-des-oliviers-a-anatomie-d-un-reseau-de-stups-marseillais\" target=\"_blank\" rel=\"noopener\">haut lieu du trafic de stup\u00e9fiants<\/a> tenu par l\u2019un des clans les plus dynamiques du narcobanditisme \u00e0 Marseille. Ce groupe serait d\u2019ailleurs associ\u00e9 \u00e0 celui de la DZ Mafia depuis plusieurs ann\u00e9es et aurait nou\u00e9 des liens avec d\u2019autres \u00e9quipes du narcobanditisme dans la r\u00e9gion jusqu\u2019en r\u00e9gion parisienne.<\/p>\n<p>S\u00e9questr\u00e9 et battu dans un appartement<\/p>\n<p>La victime \u00e9tait en fait d\u00e9j\u00e0 largement connue des services de police et de la justice pour des faits d&#8230;<\/p>\n","protected":false},"excerpt":{"rendered":"Enclav\u00e9e entre la L2 et Saint-J\u00e9r\u00f4me, l\u2019imposante cit\u00e9 des Oliviers A reste l\u2019un des hauts lieux du trafic&hellip;\n","protected":false},"author":2,"featured_media":383890,"comment_status":"","ping_status":"","sticky":false,"template":"","format":"standard","meta":{"footnotes":""},"categories":[2814],"tags":[17,1111,11,1764,1007,1777,674,274,1011,27,11731,4933,3913,884,12,9875,882,25,45803],"class_list":{"0":"post-383889","1":"post","2":"type-post","3":"status-publish","4":"format-standard","5":"has-post-thumbnail","7":"category-marseille","8":"tag-17","9":"tag-actu","10":"tag-actualites","11":"tag-ans","12":"tag-aux","13":"tag-eu","14":"tag-europe","15":"tag-faits-divers-justice","16":"tag-fr","17":"tag-france","18":"tag-frappe","19":"tag-homme","20":"tag-jeune","21":"tag-marseille","22":"tag-news","23":"tag-oliviers","24":"tag-provence-alpes-cote-dazur","25":"tag-republique-francaise","26":"tag-sequestre"},"share_on_mastodon":{"url":"https:\/\/pubeurope.com\/@fr\/115188160522254892","error":""},"_links":{"self":[{"href":"https:\/\/www.europesays.com\/fr\/wp-json\/wp\/v2\/posts\/383889","targetHints":{"allow":["GET"]}}],"collection":[{"href":"https:\/\/www.europesays.com\/fr\/wp-json\/wp\/v2\/posts"}],"about":[{"href":"https:\/\/www.europesays.com\/fr\/wp-json\/wp\/v2\/types\/post"}],"author":[{"embeddable":true,"href":"https:\/\/www.europesays.com\/fr\/wp-json\/wp\/v2\/users\/2"}],"replies":[{"embeddable":true,"href":"https:\/\/www.europesays.com\/fr\/wp-json\/wp\/v2\/comments?post=383889"}],"version-history":[{"count":0,"href":"https:\/\/www.europesays.com\/fr\/wp-json\/wp\/v2\/posts\/383889\/revisions"}],"wp:featuredmedia":[{"embeddable":true,"href":"https:\/\/www.europesays.com\/fr\/wp-json\/wp\/v2\/media\/383890"}],"wp:attachment":[{"href":"https:\/\/www.europesays.com\/fr\/wp-json\/wp\/v2\/media?parent=383889"}],"wp:term":[{"taxonomy":"category","embeddable":true,"href":"https:\/\/www.europesays.com\/fr\/wp-json\/wp\/v2\/categories?post=383889"},{"taxonomy":"post_tag","embeddable":true,"href":"https:\/\/www.europesays.com\/fr\/wp-json\/wp\/v2\/tags?post=383889"}],"curies":[{"name":"wp","href":"https:\/\/api.w.org\/{rel}","templated":true}]}}