{"id":383891,"date":"2025-09-11T23:03:13","date_gmt":"2025-09-11T23:03:13","guid":{"rendered":"https:\/\/www.europesays.com\/fr\/383891\/"},"modified":"2025-09-11T23:03:13","modified_gmt":"2025-09-11T23:03:13","slug":"previsions-du-vendredi-12-septembre-2025","status":"publish","type":"post","link":"https:\/\/www.europesays.com\/fr\/383891\/","title":{"rendered":"pr\u00e9visions du vendredi 12 septembre 2025"},"content":{"rendered":"<p>Marseille aura le plaisir de pouvoir profiter d&rsquo;une superbe journ\u00e9e ensoleill\u00e9e. Les temp\u00e9ratures seront comprises entre 19 et 24\u00b0C. Le matin, les valeurs afficheront entre 19 et 24\u00b0C. La ville sera touch\u00e9e par un vent de nord-ouest de 23 km\/h. Les maximales pourront atteindre 24\u00b0C dans l&rsquo;apr\u00e8s-midi et les minimales seront de 22\u00b0C. On pr\u00e9voit des \u00e9claircies pour cette soir\u00e9e. Les temp\u00e9ratures iront de 21 \u00e0 22\u00b0C. Entre vendredi et samedi, la nuit sera claire.<\/p>\n<p>Demain, le mercure va descendre de quelques degr\u00e9s \u00e0 Marseille. Les valeurs s&rsquo;\u00e9chelonneront entre 19 et 21\u00b0C. La matin\u00e9e va rester maussade \u00e0 cause de nuages qui persistent dans le ciel. Mauvais temps : on annonce des pluies \u00e9parses. Les temp\u00e9ratures seront comprises entre 20 et 21\u00b0C. Un l\u00e9ger vent de sud-est soufflera. Des averses sont annonc\u00e9es demain apr\u00e8s-midi. La ville sera de temps en temps sous la pluie. Les valeurs afficheront entre 19 et 21\u00b0C. Des averses arriveront demain soir. Le thermom\u00e8tre affichera 19\u00b0C en moyenne. Un vent de nord-est rafra\u00eechira un peu l&rsquo;atmosph\u00e8re.<\/p>\n<p>Une am\u00e9lioration est \u00e0 pr\u00e9voir pour les jours \u00e0 venir. Il va faire un temps assez ensoleill\u00e9 avec des temp\u00e9ratures avoisinant 25\u00b0C.<\/p>\n<p><\/p>\n","protected":false},"excerpt":{"rendered":"Marseille aura le plaisir de pouvoir profiter d&rsquo;une superbe journ\u00e9e ensoleill\u00e9e. Les temp\u00e9ratures seront comprises entre 19 et&hellip;\n","protected":false},"author":2,"featured_media":383892,"comment_status":"","ping_status":"","sticky":false,"template":"","format":"standard","meta":{"footnotes":""},"categories":[2814],"tags":[1111,11,885,1777,674,1011,27,884,12,883,2119,882,25],"class_list":{"0":"post-383891","1":"post","2":"type-post","3":"status-publish","4":"format-standard","5":"has-post-thumbnail","7":"category-marseille","8":"tag-actu","9":"tag-actualites","10":"tag-bouches-du-rhone","11":"tag-eu","12":"tag-europe","13":"tag-fr","14":"tag-france","15":"tag-marseille","16":"tag-news","17":"tag-paca","18":"tag-previsions-meteo","19":"tag-provence-alpes-cote-dazur","20":"tag-republique-francaise"},"share_on_mastodon":{"url":"https:\/\/pubeurope.com\/@fr\/115188164469544129","error":""},"_links":{"self":[{"href":"https:\/\/www.europesays.com\/fr\/wp-json\/wp\/v2\/posts\/383891","targetHints":{"allow":["GET"]}}],"collection":[{"href":"https:\/\/www.europesays.com\/fr\/wp-json\/wp\/v2\/posts"}],"about":[{"href":"https:\/\/www.europesays.com\/fr\/wp-json\/wp\/v2\/types\/post"}],"author":[{"embeddable":true,"href":"https:\/\/www.europesays.com\/fr\/wp-json\/wp\/v2\/users\/2"}],"replies":[{"embeddable":true,"href":"https:\/\/www.europesays.com\/fr\/wp-json\/wp\/v2\/comments?post=383891"}],"version-history":[{"count":0,"href":"https:\/\/www.europesays.com\/fr\/wp-json\/wp\/v2\/posts\/383891\/revisions"}],"wp:featuredmedia":[{"embeddable":true,"href":"https:\/\/www.europesays.com\/fr\/wp-json\/wp\/v2\/media\/383892"}],"wp:attachment":[{"href":"https:\/\/www.europesays.com\/fr\/wp-json\/wp\/v2\/media?parent=383891"}],"wp:term":[{"taxonomy":"category","embeddable":true,"href":"https:\/\/www.europesays.com\/fr\/wp-json\/wp\/v2\/categories?post=383891"},{"taxonomy":"post_tag","embeddable":true,"href":"https:\/\/www.europesays.com\/fr\/wp-json\/wp\/v2\/tags?post=383891"}],"curies":[{"name":"wp","href":"https:\/\/api.w.org\/{rel}","templated":true}]}}